{"id":998,"date":"2012-03-28T17:04:58","date_gmt":"2012-03-28T17:04:58","guid":{"rendered":"http:\/\/www.ctainternacionales.org\/?p=998"},"modified":"2012-04-10T18:19:54","modified_gmt":"2012-04-10T18:19:54","slug":"trabajadores-iniciaron-debate-sobre-desarrollo-sustentable","status":"publish","type":"post","link":"https:\/\/ctainternacionales.org\/?p=998","title":{"rendered":"Trabajadores iniciaron debate sobre desarrollo sustentable"},"content":{"rendered":"<p><a href=\"http:\/\/www.ctainternacionales.org\/wp-content\/uploads\/2012\/03\/DSC03905.jpg\"><img loading=\"lazy\" decoding=\"async\" class=\"alignnone size-thumbnail wp-image-999\" title=\"DSC03905\" src=\"http:\/\/www.ctainternacionales.org\/wp-content\/uploads\/2012\/03\/DSC03905-307x230.jpg\" alt=\"\" width=\"307\" height=\"230\" \/><\/a>Organizado por la Central de Trabajadores de la Argentina se inici\u00f3 en la ciudad de Buenos Aires la primera jornada internacional \u201cVisi\u00f3n pol\u00edtica de los trabajadores sobre el desarrollo\u201d con la presencia de m\u00e1s de doscientos participantes y delegaciones internacionales compuestas por centrales obreras, movimientos sociales y del mundo acad\u00e9mico. Incluye dos videos de la jornada.<!--more--><\/p>\n<p><em><strong><a href=\"http:\/\/www.ctainternacionales.org\/wp-content\/uploads\/2012\/03\/DSC039051.jpg\"><img loading=\"lazy\" decoding=\"async\" class=\"alignnone size-medium wp-image-1000\" title=\"DSC03905\" src=\"http:\/\/www.ctainternacionales.org\/wp-content\/uploads\/2012\/03\/DSC039051-465x348.jpg\" alt=\"\" width=\"465\" height=\"348\" \/><\/a>Organizado por la Central de Trabajadores de la Argentina se inici\u00f3 en la ciudad de Buenos Aires la primera jornada internacional \u201cVisi\u00f3n pol\u00edtica de los trabajadores sobre el desarrollo\u201d con la presencia de m\u00e1s de doscientos participantes y delegaciones internacionales compuestas por centrales obreras, movimientos sociales y del mundo acad\u00e9mico. \u201cCon esta conferencia hemos querido aportar propuestas y debates camino a R\u00edo+20\u201d, sostuvo Adolfo \u201cFito\u201d Aguirre, secretario de Relaciones Internacionales de la CTA.<\/strong><\/em><\/p>\n<p>El anfiteatro Eva Per\u00f3n, en la sede nacional de la Asociaci\u00f3n de Trabajadores de la Argentina (ATE-CTA), vio superada su capacidad con la presencia de m\u00e1s de doscientos participantes a la conferencia internacional organizada por la Secretar\u00eda de Relaciones Internacionales de la CTA \u201cHacia R\u00edo+20: Visi\u00f3n pol\u00edtica de los trabajadores sobre el desarrollo\u201d.<\/p>\n<p>A las 10 de la ma\u00f1ana se abri\u00f3 el primero de los seis paneles tem\u00e1ticos, que se desarrollar\u00e1n hoy y ma\u00f1ana. \u201c\u00bfQu\u00e9 es R\u00edo+20? Las negociaciones y la pol\u00edtica desde R\u00edo 92\u2019 en adelante\u201d, cont\u00f3 con disertaci\u00f3n Pablo Micheli, secretario General de la CTA; Pablo Bertinat, Programa Cono Sur Sustentable.; Guillermo Varela, coordinador general de Trabajo y Desarrollo Sustentable de la Secretaria de Ambiente y Desarrollo Sustentable de la Naci\u00f3n; Neilton Da Silva, asesor del Foro Brasilero del Cambio Clim\u00e1tico, \u00f3rgano interministerial dependiente de la presidencia de la Rep\u00fablica; Paulo Sergio Mu\u00e7ou\u00e7ah, coordinador de los programas de Trabajo Decente y Empleos Verdes de la Organizaci\u00f3n Internacional del Trabajo (OIT) de Brasil; y Silvia Merega, directora general de Asuntos Ambientales del Ministerio de Relaciones Exteriores de la Naci\u00f3n. Coordin\u00f3 el panel Eduardo Est\u00e9vez, asesor de la Secretar\u00eda de Relaciones Internacionales.<\/p>\n<p>Se reprodujo tambi\u00e9n un video enviado desde Nueva York, desde la sesi\u00f3n de negociaciones hacia R\u00edo+20, por Anabella Rosenberg, responsable para Medio Ambiente de la Confederaci\u00f3n Sindical Internacional (CSI). Entre los invitados presentes se encontraban los referentes de la sede nacional de los trabajadores estatales Julio Fuentes y Hugo Godoy.<\/p>\n<p>Fito Aguirre inici\u00f3 su bienvenida agradeciendo presencia de una delegaci\u00f3n internacional representativa de centrales sindicales, movimientos sociales de otros paises, de acad\u00e9micos, de la OIT y de representantes de las embajadas de Per\u00fa, Brasil, Chile y La Rep\u00fablica Saharaui. \u201cEsta conferencia es un aporte para debatir c\u00f3mo estamos y hacia d\u00f3nde vamos en cuestiones de humanidad, hay mucho balance por hacer desde la Eco 92 de R\u00edo de Janeiro y como clase trabajadora tenemos pensamiento y opini\u00f3n sobre todo, pero no podemos hacerlo solos\u201d, apunt\u00f3 el dirigente.<\/p>\n<p>Luego Micheli subray\u00f3 que \u201ctenemos la responsabilidad desde la CTA de darnos este objetivo, de que esta pr\u00f3xima cumbre de R\u00edo tenga una presencia, una opini\u00f3n y una participaci\u00f3n activa para que demos nuestro punto de vista sobre lo que entendemos que es desarrollo sustentable, y este encuentro es para aportar una visi\u00f3n particular, meternos en esta batalla cultural que es defender el planeta\u201d.<\/p>\n<p>Para Pablo Bertinat \u201cel trabajo humano y la naturaleza no puede ser una forma de capital\u201d por lo que se necesita un \u201cfuerte proceso de desmercantilizacion del agua, de la energ\u00eda, del aire, que deben estar bajo la esfera de los mecanismos de control de los gobiernos y las sociedades, porque esto es discutir la democracia, sobre c\u00f3mo se deciden ciertos temas\u201d.<\/p>\n<p>Posteriormente Silvia Merega, relat\u00f3 que rumbo a R\u00edo+20 \u201chay dos negociaciones en paralelo, una de todos los pa\u00edses en la ONU, y las paralelas del G77 m\u00e1s China, la agenda que se discute son los logros y las brechas de estos 20 a\u00f1os y los cap\u00edtulos de econom\u00eda verde y gobernanza mundial responden a intereses de los pa\u00edses desarrollados y a lucha intestinas en Naciones Unidas\u201d.<\/p>\n<p>Por otra parte, Guillermo Varela se refiri\u00f3 al programa de formaci\u00f3n sindical en tema ambiental que hay en la Secretar\u00eda de Ambiente de la Nacion: \u201cSe comenzar\u00e1 a desarrollar en todo el pa\u00eds, un plan bienal, y se har\u00e1 en conjunto con los trabajadores, es una coordinaci\u00f3n sindical ambiental, donde participa esta CTA, es una co-gesti\u00f3n\u201d.<\/p>\n<p>\u201cPasaron 20 a\u00f1os y el tema de desarrollo sostenible no es un tema consolidado, hay pensamientos contradictorios, en R\u00edo+20 est\u00e9 en juego el concepto de desarrollo de las \u00faltimas cuatro d\u00e9cadas, hay que pensar un nuevo desarrollo porque el nivel de consumo del mundo no se puede sostener\u201d, apunt\u00f3 Neilton Da Silva. Y ejemplific\u00f3: \u201cLos pa\u00edses de OCDE usan el 49% de la energ\u00eda primaria del mundo y Am\u00e9rica latina apenas el 4%\u201d.<\/p>\n<p>Paulo Sergio Mu\u00e7ou\u00e7ah se refiri\u00f3 al programa de empleos verdes de la OIT: \u201cExiste desde 2009 y en la regi\u00f3n Brasil es el \u00fanico que tiene un programa al respecto; la OIT ha incorporado el concepto de desarrollo productivo como paradigma de su pol\u00edtica y para la generaci\u00f3n de trabajo decente\u201d.<\/p>\n<p>&nbsp;<\/p>\n<h3 style=\"text-align: center;\"><a href=\"http:\/\/www.youtube.com\/watch?feature=player_embedded&amp;v=YBY8SzQf5LU\" target=\"_blank\">Video del discurso de apertura<\/a><\/h3>\n<h3 style=\"text-align: center;\"><\/h3>\n<h3 style=\"text-align: center;\"><a href=\"http:\/\/www.youtube.com\/watch?feature=player_embedded&amp;v=aFQ6kmX2RWI\" target=\"_blank\">Video de la jornada<\/a><\/h3>\n<p>&nbsp;<\/p>\n<p>(<em>Mariano V\u00e1zquez: 28.03.2012<\/em>)<\/p>\n","protected":false},"excerpt":{"rendered":"Organizado por la Central de Trabajadores de la Argentina se inici\u00f3 en la ciudad de Buenos Aires la primera jornada internacional \u201cVisi\u00f3n pol\u00edtica \n<a class=\"moretag\" href=\"https:\/\/ctainternacionales.org\/?p=998\"> [...]<\/a>","protected":false},"author":1,"featured_media":0,"comment_status":"closed","ping_status":"closed","sticky":false,"template":"","format":"standard","meta":{"ngg_post_thumbnail":0,"footnotes":""},"categories":[],"tags":[],"class_list":["post-998","post","type-post","status-publish","format-standard","hentry"],"_links":{"self":[{"href":"https:\/\/ctainternacionales.org\/index.php?rest_route=\/wp\/v2\/posts\/998","targetHints":{"allow":["GET"]}}],"collection":[{"href":"https:\/\/ctainternacionales.org\/index.php?rest_route=\/wp\/v2\/posts"}],"about":[{"href":"https:\/\/ctainternacionales.org\/index.php?rest_route=\/wp\/v2\/types\/post"}],"author":[{"embeddable":true,"href":"https:\/\/ctainternacionales.org\/index.php?rest_route=\/wp\/v2\/users\/1"}],"replies":[{"embeddable":true,"href":"https:\/\/ctainternacionales.org\/index.php?rest_route=%2Fwp%2Fv2%2Fcomments&post=998"}],"version-history":[{"count":10,"href":"https:\/\/ctainternacionales.org\/index.php?rest_route=\/wp\/v2\/posts\/998\/revisions"}],"predecessor-version":[{"id":1005,"href":"https:\/\/ctainternacionales.org\/index.php?rest_route=\/wp\/v2\/posts\/998\/revisions\/1005"}],"wp:attachment":[{"href":"https:\/\/ctainternacionales.org\/index.php?rest_route=%2Fwp%2Fv2%2Fmedia&parent=998"}],"wp:term":[{"taxonomy":"category","embeddable":true,"href":"https:\/\/ctainternacionales.org\/index.php?rest_route=%2Fwp%2Fv2%2Fcategories&post=998"},{"taxonomy":"post_tag","embeddable":true,"href":"https:\/\/ctainternacionales.org\/index.php?rest_route=%2Fwp%2Fv2%2Ftags&post=998"}],"curies":[{"name":"wp","href":"https:\/\/api.w.org\/{rel}","templated":true}]}}