{"id":994,"date":"2012-03-27T15:57:00","date_gmt":"2012-03-27T15:57:00","guid":{"rendered":"http:\/\/www.ctainternacionales.org\/?p=994"},"modified":"2012-04-10T18:05:48","modified_gmt":"2012-04-10T18:05:48","slug":"comando-sur-2","status":"publish","type":"post","link":"https:\/\/ctainternacionales.org\/?p=994","title":{"rendered":"Comando Sur"},"content":{"rendered":"<p>La Central de Trabajadores de la Argentina (CTA) cuestion\u00f3 hoy las estrechas relaciones del gobernador del Chaco, Jorge Capitanich, con representantes del Comando Sur de Estados Unidos y la presencia de militares norteamericanos en la provincia.<!--more--><\/p>\n<p><em><strong>La Central de Trabajadores de la Argentina (CTA) cuestion\u00f3 hoy las estrechas relaciones del gobernador del Chaco, Jorge Capitanich, con representantes del Comando Sur de Estados Unidos y la presencia de militares norteamericanos en la provincia.<\/strong><\/em><\/p>\n<p>El viernes pasado el mandatario chaque\u00f1o organiz\u00f3 la inauguraci\u00f3n de Centro de Emergencias que se construye en el predio del aeropuerto de Resistencia. De acuerdo a la informaci\u00f3n oficial \u201cel inmueble y sus equipamientos ser\u00e1n donados por el pa\u00eds norteamericano a la provincia como parte del programa de Asistencia Humanitaria del cuerpo con el objetivo de brindar una herramienta para estar operar ante cualquier cat\u00e1strofe\u201d.<\/p>\n<p>Previamente, Capitanich se reuni\u00f3 en el sal\u00f3n de Acuerdo de Casa de Gobierno con el comandante del Comando Sur, Edwin Passmore; y la formadora de emergencia de la embajada de Estados Unidos, Silvia Maurizio.<\/p>\n<p>El programa fue financiado por el Comando Sur, con sede en Miami, uno de los diez pertenecientes que los Estados Unidos tienen desplegados en el mundo. Este abarca el \u00e1rea relativa al sur del continente m\u00e1s Am\u00e9rica Central y el Caribe.<\/p>\n<p>\u201cJustamente al Comando Sur responde la IV Flota, que fue repuesta en 2008, y que navega por Am\u00e9rica Latina con fines non santos, realiza tareas de espionaje y es la responsable, entre otros actos, de la instalaci\u00f3n de la siete bases militares que hay en Colombia y c\u00f3mplice en el Golpe de Estado que se produjo en Honduras en en 2009\u201d, denunci\u00f3 la CTA hoy.<\/p>\n<p>La central obrera asever\u00f3 que \u201cestamos hablando del brazo armado del Pent\u00e1gono, por eso el gobernador Capitanich no puedo ignorar estos antecedentes y abrirle las puertas a quienes pretenden monitorear la vida pol\u00edtica de la Argentina y los pa\u00edses de la regi\u00f3n\u201d. Y ampli\u00f3: \u201cCabe recordar que cuando la IV Flota reinici\u00f3 sus actividades en 2008 el entonces presidente de Brasil, Lula Da Silva, manifest\u00f3 que no cre\u00eda que manden m\u00e9dicos y enfermeras y que su reactivaci\u00f3n era para controlar los vientos de cambio en la regi\u00f3n; es claro que disfrazan de ayuda humanitaria y cooperaci\u00f3n internacional actividades de inteligencia\u201d.<\/p>\n<p>&nbsp;<\/p>\n<p>(<em>27.03.2012<\/em>)<\/p>\n","protected":false},"excerpt":{"rendered":"La Central de Trabajadores de la Argentina (CTA) cuestion\u00f3 hoy las estrechas relaciones del gobernador del Chaco, Jorge Capitanich, con representantes del Comando \n<a class=\"moretag\" href=\"https:\/\/ctainternacionales.org\/?p=994\"> [...]<\/a>","protected":false},"author":1,"featured_media":0,"comment_status":"closed","ping_status":"closed","sticky":false,"template":"","format":"standard","meta":{"ngg_post_thumbnail":0,"footnotes":""},"categories":[],"tags":[],"class_list":["post-994","post","type-post","status-publish","format-standard","hentry"],"_links":{"self":[{"href":"https:\/\/ctainternacionales.org\/index.php?rest_route=\/wp\/v2\/posts\/994","targetHints":{"allow":["GET"]}}],"collection":[{"href":"https:\/\/ctainternacionales.org\/index.php?rest_route=\/wp\/v2\/posts"}],"about":[{"href":"https:\/\/ctainternacionales.org\/index.php?rest_route=\/wp\/v2\/types\/post"}],"author":[{"embeddable":true,"href":"https:\/\/ctainternacionales.org\/index.php?rest_route=\/wp\/v2\/users\/1"}],"replies":[{"embeddable":true,"href":"https:\/\/ctainternacionales.org\/index.php?rest_route=%2Fwp%2Fv2%2Fcomments&post=994"}],"version-history":[{"count":3,"href":"https:\/\/ctainternacionales.org\/index.php?rest_route=\/wp\/v2\/posts\/994\/revisions"}],"predecessor-version":[{"id":1041,"href":"https:\/\/ctainternacionales.org\/index.php?rest_route=\/wp\/v2\/posts\/994\/revisions\/1041"}],"wp:attachment":[{"href":"https:\/\/ctainternacionales.org\/index.php?rest_route=%2Fwp%2Fv2%2Fmedia&parent=994"}],"wp:term":[{"taxonomy":"category","embeddable":true,"href":"https:\/\/ctainternacionales.org\/index.php?rest_route=%2Fwp%2Fv2%2Fcategories&post=994"},{"taxonomy":"post_tag","embeddable":true,"href":"https:\/\/ctainternacionales.org\/index.php?rest_route=%2Fwp%2Fv2%2Ftags&post=994"}],"curies":[{"name":"wp","href":"https:\/\/api.w.org\/{rel}","templated":true}]}}