{"id":962,"date":"2012-03-22T15:42:57","date_gmt":"2012-03-22T15:42:57","guid":{"rendered":"http:\/\/www.ctainternacionales.org\/?p=962"},"modified":"2012-04-03T16:28:29","modified_gmt":"2012-04-03T16:28:29","slug":"mano-dura","status":"publish","type":"post","link":"https:\/\/ctainternacionales.org\/?p=962","title":{"rendered":"Mano dura"},"content":{"rendered":"<p>Dirigentes de la Confederaci\u00f3n Latinoamericana de Trabajadores Estatales (CLATE), entre los que se encontraban Pablo Micheli, V\u00edctor Mendibil y Julio Fuentes, fueron reprimidos en Chile.<!--more--><\/p>\n<p><em><strong>Dirigentes de la Confederaci\u00f3n Latinoamericana de Trabajadores Estatales (CLATE), entre los que se encontraban Pablo Micheli, V\u00edctor Mendibil y Julio Fuentes, fueron reprimidos en Chile cuando entregaban al Gobierno Nacional una nota en defensa de los pobladores de Ays\u00e9n. La CTA realiz\u00f3 el jueves 22 una concentraci\u00f3n en la Embajada de Chile de Buenos Aires en solidaridad con el pueblo chileno y en repudio a la agresi\u00f3n.<\/strong><\/em><\/p>\n<p>Convocados por el titular de ANEF (empleados fiscales de Chile), Ra\u00fal de la Puente, los delegados del ejecutivo de la CLATE, que hab\u00edan llegado a la capital chilena desde distintos pa\u00edses de la regi\u00f3n, interrumpieron las sesiones de su encuentro, y marcharon con banderas y pancartas hasta el emblematico Palacio de la Moneda, donde los dirigentes de ANEF y de la Central \u00danica de Trabajadores Chilenos (CUT), se entrevistaron con el presidente a cargo Andr\u00e9s Chadwick, ya que Sebasti\u00e1n Pi\u00f1era se halla en Australia.<\/p>\n<p>Durante todo el trayecto, se escucharon consignas del tenor de \u201cTodos somos Ays\u00e9n\u201d y \u201cYa va a caer, el sucesor de Pinochet\u201d. Un importante operativo represivo montado por los Carabineros, cerc\u00f3 durante m\u00e1s de una hora a los manifestantes frente al palacio presidencial. All\u00ed, los dirigentes de la CLATE protestaron frente a los uniformados por la presi\u00f3n armada que estaban recibiendo.<\/p>\n<p>El titular de la CTA Argentina, Pablo Micheli y los dirigentes de ATE y judiciales, Julio Fuentes y V\u00edctor Mendibil, le exigieron a varios carabineros que \u201caflojaran la presi\u00f3n\u201d y que permitieran realizar la manifestaci\u00f3n \u201cen paz\u201d. Lo mismo hicieron los dirigentes de CLATE, Luiggi Bazzano y Pablo Cabrera, de la COFE de Uruguay, y los delegados de Ecuador y El Salvador all\u00ed presentes.<\/p>\n<p>Cuando ya todo parec\u00eda terminar, y los dirigentes de la CUT y de ANEF se aprestaban a informar a la prensa de la gesti\u00f3n hecha en Presidencia, los carabineros cargaron contra los manifestantes, golpearon con sa\u00f1a a varios de ellos frente a los periodistas (una c\u00e1mara y el tr\u00edpode respectivo de la CNN cay\u00f3 al suelo por la embestida policial) y varios militantes de ANEF y de la CUT, fueron detenidos. Entre los nueve apresados se encontraba el secretario de Relaciones Internacionales de la Central obrera chilena.<\/p>\n<p>Los hechos derivaron de inmediato en una urgente protesta de la CLATE y de la CTA. La Central argentina resolvi\u00f3 realizar este jueves una protesta frente a la embajada chilena en la capital argentina.<\/p>\n<p>Por la noche, siete de los detenidos recuperaron su libertad, varios de ellos magullados y con ap\u00f3sitos en su rostro por la golpiza policial, mientras los integrantes de los gremios argentinos de la CLATE, dispusieron que filiales de ATE y de Judiciales del sur argentino hicieran llegar hoy mismo suero y gasas a los pobladores de Ays\u00e9n, donde la situaci\u00f3n es muy grave por el acoso policial constante y la falta de infraestructura m\u00e9dica.<\/p>\n<p>La Confederaci\u00f3n Sindical de Trabajadores de las Am\u00e9ricas (CSA), repudi\u00f3 hoy la represi\u00f3n de carabineros de Chile en la ciudad capital y en la poblaci\u00f3n patag\u00f3nica de Ays\u00e9n.<\/p>\n<p>Los acontecimientos se iniciaron el 20 de marzo cuando fueron reprimidos y detenidos dirigentes de la Central \u00danica de Trabajadores de Chile (CUT) y de la Asociaci\u00f3n Nacional de Empleados Fiscales (ANEF), luego de la entrega de una nota de protesta en el Palacio de la Moneda al ministro de Gobierno, Andr\u00e9s Gatwick, quien estaba a cargo de la Presidencia por la ausencia de Sebasti\u00e1n Pi\u00f1era.<\/p>\n<p>Como parte de la delegaci\u00f3n sindical, tambi\u00e9n estaban presente en Santiago de Chile, delegadas de la Confederaci\u00f3n Latinoamericana de Trabajadores Estatales (CLATE), que tambi\u00e9n fue reprimida por los carabineros.<\/p>\n<p>Ante esta situaci\u00f3n, la CSA -expresi\u00f3n continental de la Confederaci\u00f3n Sindical Internacional (CSI) que agrupa a 50 millones de trabajadores- expres\u00f3 su solidaridad \u201ccon la delegaci\u00f3n de la CLATE que recibi\u00f3 tal agresi\u00f3n de la polic\u00eda, a pesar de haber sido informados que se trataba de una delegaci\u00f3n internacional\u201d.<\/p>\n<p>El comunicado, que lleva la firma de V\u00edctor B\u00e1ez Mosqueira, secretario general de la CSA, destaca que \u201cel titular de la CTA Argentina, Pablo Micheli y los dirigentes de ATE (estatales) y judiciales, Julio Fuentes y V\u00edctor Mendibil, respetivamente, hab\u00edan exigido a varios carabineros que &#8216;aflojaran la presi\u00f3n&#8217; y que permitieran realizar la manifestaci\u00f3n &#8216;en paz&#8217;, lo mismo hicieron los dem\u00e1s dirigentes de la CLATE, Luiggi Bazzano y Pablo Cabrera, de la COFE de Uruguay, y los delegados de Ecuador y El Salvador all\u00ed presentes, sin lograr su cometido\u201d.<\/p>\n<p>En otro de los p\u00e1rrafos \u201cla CSA repudi\u00f3 esta acci\u00f3n represiva y antisindical\u201d, al tiempo que se solidariz\u00f3 \u201ccon los compa\u00f1eros de la delegaci\u00f3n internacional, encabezada por el compa\u00f1ero Pablo Micheli, as\u00ed como ya lo hab\u00eda hecho con los compa\u00f1eros de la CUT de Chile\u201d.<\/p>\n<p>Por \u00faltimo demand\u00f3 \u201cla inmediata liberaci\u00f3n de quienes a\u00fan permanecen detenidos y el castigo a los responsables de esta agresi\u00f3n contra el movimiento sindical\u201d.<\/p>\n<p>&nbsp;<\/p>\n<p>(<em>23.03.2012<\/em>)<\/p>\n","protected":false},"excerpt":{"rendered":"Dirigentes de la Confederaci\u00f3n Latinoamericana de Trabajadores Estatales (CLATE), entre los que se encontraban Pablo Micheli, V\u00edctor Mendibil y Julio Fuentes, fueron reprimidos \n<a class=\"moretag\" href=\"https:\/\/ctainternacionales.org\/?p=962\"> [...]<\/a>","protected":false},"author":1,"featured_media":0,"comment_status":"closed","ping_status":"closed","sticky":false,"template":"","format":"standard","meta":{"ngg_post_thumbnail":0,"footnotes":""},"categories":[],"tags":[],"class_list":["post-962","post","type-post","status-publish","format-standard","hentry"],"_links":{"self":[{"href":"https:\/\/ctainternacionales.org\/index.php?rest_route=\/wp\/v2\/posts\/962","targetHints":{"allow":["GET"]}}],"collection":[{"href":"https:\/\/ctainternacionales.org\/index.php?rest_route=\/wp\/v2\/posts"}],"about":[{"href":"https:\/\/ctainternacionales.org\/index.php?rest_route=\/wp\/v2\/types\/post"}],"author":[{"embeddable":true,"href":"https:\/\/ctainternacionales.org\/index.php?rest_route=\/wp\/v2\/users\/1"}],"replies":[{"embeddable":true,"href":"https:\/\/ctainternacionales.org\/index.php?rest_route=%2Fwp%2Fv2%2Fcomments&post=962"}],"version-history":[{"count":6,"href":"https:\/\/ctainternacionales.org\/index.php?rest_route=\/wp\/v2\/posts\/962\/revisions"}],"predecessor-version":[{"id":1028,"href":"https:\/\/ctainternacionales.org\/index.php?rest_route=\/wp\/v2\/posts\/962\/revisions\/1028"}],"wp:attachment":[{"href":"https:\/\/ctainternacionales.org\/index.php?rest_route=%2Fwp%2Fv2%2Fmedia&parent=962"}],"wp:term":[{"taxonomy":"category","embeddable":true,"href":"https:\/\/ctainternacionales.org\/index.php?rest_route=%2Fwp%2Fv2%2Fcategories&post=962"},{"taxonomy":"post_tag","embeddable":true,"href":"https:\/\/ctainternacionales.org\/index.php?rest_route=%2Fwp%2Fv2%2Ftags&post=962"}],"curies":[{"name":"wp","href":"https:\/\/api.w.org\/{rel}","templated":true}]}}