{"id":947,"date":"2012-03-16T15:01:50","date_gmt":"2012-03-16T15:01:50","guid":{"rendered":"http:\/\/www.ctainternacionales.org\/?p=947"},"modified":"2012-04-11T17:24:27","modified_gmt":"2012-04-11T17:24:27","slug":"la-respuesta-es-la-integracion","status":"publish","type":"post","link":"https:\/\/ctainternacionales.org\/?p=947","title":{"rendered":"La respuesta es la integraci\u00f3n"},"content":{"rendered":"<p>La presidenta Cristina Fern\u00e1ndez se encuentra en Chile, ser\u00e1 la primera visita oficial que realiza desde que asumi\u00f3 su segundo mandato y subyace como tema caliente el desigual intercambio comercial entre ambos pa\u00edses.<!--more--><em><strong><\/strong><\/em><\/p>\n<p><em><strong>La presidenta Cristina Fern\u00e1ndez se encuentra en Chile, ser\u00e1 la primera visita oficial que realiza desde que asumi\u00f3 su segundo mandato y subyace como tema caliente el desigual intercambio comercial entre ambos pa\u00edses<\/strong><strong>, ya que Chile tiene un comercio deficitario con Argentina de 3.571 millones de d\u00f3lares. El otro es la Causa Malvinas. Pero tambi\u00e9n vemos necesaria una agenda m\u00e1s diversificada.<\/strong><\/em><\/p>\n<p>Desde los trabajadores tambi\u00e9n creemos que hay que abordar dos cuestiones, que en tiempos de crisis mundial, no pueden dejarse pasar. Uno de ellos es la integraci\u00f3n y sus formas. En este ciclo pol\u00edtico debe prevalecer el di\u00e1logo llano, la confianza mutua, los acuerdos justos, porque cada pa\u00eds decide las formas m\u00e1s pertinente de integraci\u00f3n y, a la vez, l\u00f3gicamente, defiende su desarrollo interno. En nuestra Am\u00e9rica es preciso un equilibrio que no deje jugadores heridos y ni provoque da\u00f1os. La crisis profunda que vive Europa debe servirnos como ejemplo de lo que no se debe hacer.<\/p>\n<p>En este contexto, miramos con preocupaci\u00f3n la posible queja por parte de Chile ante la Organizaci\u00f3n Mundial del Comercio (OMC), como resultado de las trabas a la importaci\u00f3n impuestas por el gobierno argentino. Estos organismos internacionales no son el foro donde la regi\u00f3n deber\u00eda resolver sus contradicciones. Es en la nueva integraci\u00f3n, encabezada por la Uni\u00f3n de Naciones Sudamericanas (UNASUR), donde nuestros pa\u00edses deben debatir estas complejas situaciones. Desde la CTA, y en conjunto con organizaciones sindicales hermanas chilenas, apoyamos todo proceso de integraci\u00f3n que sirva no s\u00f3lo para establecer cercan\u00eda entre los gobernantes, sino tambi\u00e9n para resolver las disputas econ\u00f3micas y pol\u00edticas entre sus miembros. La UNASUR debe ser el espacio que nos permita pensar en una estrategia realmente alternativa a la de las soluciones nacionales, que incorpore una l\u00f3gica regional a los procesos de desarrollo econ\u00f3micos, pol\u00edticos, sociales y ambientales.<\/p>\n<p>Justamente el tema ambiental adquiere hoy una relevancia novedosa y necesaria. En vastas regiones y a uno y otro lado de la cordillera, convoca a comunidades, movimientos sociales y sindicales a resistir la voracidad de la explotaci\u00f3n minera por parte de empresas multinacionales y a la defensa imprescindible por la preservaci\u00f3n de un recurso natural como es el agua, que est\u00e1 adem\u00e1s en la agenda del momento. Desde la CTA consideramos que este tema deber\u00eda ser constante en la agenda bilateral de Argentina y Chile y, m\u00e1s que nunca, en la agenda de la UNASUR.<\/p>\n<p>Y es que en los \u00faltimos a\u00f1os el debate sobre el desarrollo sustentable comenz\u00f3 a ocupar espacios prioritarios en la agenda p\u00fablica; de ser marginal, limitado a unos pocos especialistas, pas\u00f3 a ser debate en todos los estamentos de la sociedad, porque el avance del capitalismo sobre las fronteras medioambientales, la sobre-explotaci\u00f3n de los bienes comunes, donde intereses poderosos y predadores se juegan hoy en el mapa del desarrollo.<\/p>\n<p>Entendemos que el concepto de desarrollo sustentable se centra en cuatro dimensiones: ecol\u00f3gica, social, econ\u00f3mica y pol\u00edtica. Como sintetiza el vicepresidente de Bolivia, Alvaro Garc\u00eda Linera, garantizar la soberan\u00eda material de nuestros pueblos. Clave no solo para el vivir bien hoy, sino para los que vendr\u00e1n, las futuras generaciones. Al respecto, la expectativa regional esta puesta en la Conferencia Mundial de R\u00edo+20, donde la Argentina y los pa\u00edses de la regi\u00f3n llevar\u00e1n sus posturas, y nosotros como trabajadores, tambi\u00e9n estamos construyendo nuestra mirada, por eso el 28 y 29 de marzo en Buenos Aires habr\u00e1 un conferencia sobre la visi\u00f3n de los trabajadores y el desarrollo del que disertar\u00e1n acad\u00e9micos, centrales sindicales y organizaciones ind\u00edgenas y campesinas nacionales e internacionales.<\/p>\n<p>&nbsp;<\/p>\n<p>(<em>Adolfo \u201cFito\u201d Aguirre, Diario Tiempo Argentino: 16.03.2012<\/em>)<\/p>\n<p>&nbsp;<\/p>\n","protected":false},"excerpt":{"rendered":"La presidenta Cristina Fern\u00e1ndez se encuentra en Chile, ser\u00e1 la primera visita oficial que realiza desde que asumi\u00f3 su segundo mandato y subyace \n<a class=\"moretag\" href=\"https:\/\/ctainternacionales.org\/?p=947\"> [...]<\/a>","protected":false},"author":1,"featured_media":0,"comment_status":"closed","ping_status":"closed","sticky":false,"template":"","format":"standard","meta":{"ngg_post_thumbnail":0,"footnotes":""},"categories":[],"tags":[],"class_list":["post-947","post","type-post","status-publish","format-standard","hentry"],"_links":{"self":[{"href":"https:\/\/ctainternacionales.org\/index.php?rest_route=\/wp\/v2\/posts\/947","targetHints":{"allow":["GET"]}}],"collection":[{"href":"https:\/\/ctainternacionales.org\/index.php?rest_route=\/wp\/v2\/posts"}],"about":[{"href":"https:\/\/ctainternacionales.org\/index.php?rest_route=\/wp\/v2\/types\/post"}],"author":[{"embeddable":true,"href":"https:\/\/ctainternacionales.org\/index.php?rest_route=\/wp\/v2\/users\/1"}],"replies":[{"embeddable":true,"href":"https:\/\/ctainternacionales.org\/index.php?rest_route=%2Fwp%2Fv2%2Fcomments&post=947"}],"version-history":[{"count":2,"href":"https:\/\/ctainternacionales.org\/index.php?rest_route=\/wp\/v2\/posts\/947\/revisions"}],"predecessor-version":[{"id":1057,"href":"https:\/\/ctainternacionales.org\/index.php?rest_route=\/wp\/v2\/posts\/947\/revisions\/1057"}],"wp:attachment":[{"href":"https:\/\/ctainternacionales.org\/index.php?rest_route=%2Fwp%2Fv2%2Fmedia&parent=947"}],"wp:term":[{"taxonomy":"category","embeddable":true,"href":"https:\/\/ctainternacionales.org\/index.php?rest_route=%2Fwp%2Fv2%2Fcategories&post=947"},{"taxonomy":"post_tag","embeddable":true,"href":"https:\/\/ctainternacionales.org\/index.php?rest_route=%2Fwp%2Fv2%2Ftags&post=947"}],"curies":[{"name":"wp","href":"https:\/\/api.w.org\/{rel}","templated":true}]}}