{"id":940,"date":"2012-03-13T16:35:03","date_gmt":"2012-03-13T16:35:03","guid":{"rendered":"http:\/\/www.ctainternacionales.org\/?p=940"},"modified":"2012-03-13T16:35:03","modified_gmt":"2012-03-13T16:35:03","slug":"roberto-viciano-pastor","status":"publish","type":"post","link":"https:\/\/ctainternacionales.org\/?p=940","title":{"rendered":"Roberto Viciano Pastor"},"content":{"rendered":"<p>Es Catedr\u00e1tico de Derecho Constitucional y Titular de la C\u00e1tedra Jean Monnet sobre Instituciones y Derecho de la Uni\u00f3n Europea en la Universitat de Val\u00e8ncia. Ha sido director del Departamento de Derecho Constitucional y Secretario General de dicha Universidad. Es autor de m\u00e1s de sesenta libros y art\u00edculos cient\u00edficos sobre Derecho constitucional espa\u00f1ol, Derecho constitucional latinoamericano y sobre problemas constitucionales de la integraci\u00f3n europea. Ha sido director de diversos Masters y Programas de Doctorado, tanto en Espa\u00f1a como en el extranjero. Dirigi\u00f3 equipos de asesoramiento conformados por profesores espa\u00f1oles en los procesos constituyentes de Ecuador (1998), Venezuela (1999) y los m\u00e1s recientes de Ecuador y Bolivia (2007-2009). Integrante de la fundaci\u00f3n Centro de Estudios Pol\u00edticos y Sociales (CEPS). Portal:\u00a0<a href=\"http:\/\/www.ceps.es\" target=\"_blank\">http:\/\/www.ceps.es<br \/>\n<\/a><\/p>\n","protected":false},"excerpt":{"rendered":"Es Catedr\u00e1tico de Derecho Constitucional y Titular de la C\u00e1tedra Jean Monnet sobre Instituciones y Derecho de la Uni\u00f3n Europea en la Universitat \n<a class=\"moretag\" href=\"https:\/\/ctainternacionales.org\/?p=940\"> [...]<\/a>","protected":false},"author":1,"featured_media":0,"comment_status":"closed","ping_status":"closed","sticky":false,"template":"","format":"standard","meta":{"ngg_post_thumbnail":0,"footnotes":""},"categories":[],"tags":[],"class_list":["post-940","post","type-post","status-publish","format-standard","hentry"],"_links":{"self":[{"href":"https:\/\/ctainternacionales.org\/index.php?rest_route=\/wp\/v2\/posts\/940","targetHints":{"allow":["GET"]}}],"collection":[{"href":"https:\/\/ctainternacionales.org\/index.php?rest_route=\/wp\/v2\/posts"}],"about":[{"href":"https:\/\/ctainternacionales.org\/index.php?rest_route=\/wp\/v2\/types\/post"}],"author":[{"embeddable":true,"href":"https:\/\/ctainternacionales.org\/index.php?rest_route=\/wp\/v2\/users\/1"}],"replies":[{"embeddable":true,"href":"https:\/\/ctainternacionales.org\/index.php?rest_route=%2Fwp%2Fv2%2Fcomments&post=940"}],"version-history":[{"count":1,"href":"https:\/\/ctainternacionales.org\/index.php?rest_route=\/wp\/v2\/posts\/940\/revisions"}],"predecessor-version":[{"id":941,"href":"https:\/\/ctainternacionales.org\/index.php?rest_route=\/wp\/v2\/posts\/940\/revisions\/941"}],"wp:attachment":[{"href":"https:\/\/ctainternacionales.org\/index.php?rest_route=%2Fwp%2Fv2%2Fmedia&parent=940"}],"wp:term":[{"taxonomy":"category","embeddable":true,"href":"https:\/\/ctainternacionales.org\/index.php?rest_route=%2Fwp%2Fv2%2Fcategories&post=940"},{"taxonomy":"post_tag","embeddable":true,"href":"https:\/\/ctainternacionales.org\/index.php?rest_route=%2Fwp%2Fv2%2Ftags&post=940"}],"curies":[{"name":"wp","href":"https:\/\/api.w.org\/{rel}","templated":true}]}}