{"id":929,"date":"2012-03-12T17:35:06","date_gmt":"2012-03-12T17:35:06","guid":{"rendered":"http:\/\/www.ctainternacionales.org\/?p=929"},"modified":"2012-04-10T18:44:47","modified_gmt":"2012-04-10T18:44:47","slug":"intimacion-de-la-oit","status":"publish","type":"post","link":"https:\/\/ctainternacionales.org\/?p=929","title":{"rendered":"Intimaci\u00f3n de la OIT"},"content":{"rendered":"<p>Los \u00f3rganos de control de la OIT vienen insistiendo en la necesidad de modificar la ley sindical y en la falta de pronunciamiento del Ministerio de Trabajo ante la solicitud de personer\u00eda gremial de la CTA.<!--more--><\/p>\n<p><em><strong>Los \u00f3rganos de control de la OIT vienen insistiendo en la necesidad de modificar la ley sindical y en la falta de pronunciamiento del Ministerio de Trabajo ante la solicitud de personer\u00eda gremial de la CTA. El nuevo informe de la Comisi\u00f3n de Expertos ser\u00e1 tratado en junio, en la 101\u00b0 conferencia de la Organizaci\u00f3n Internacional del Trabajado.<\/strong><\/em><\/p>\n<p>Este mecanismo, por el cual la OIT se pronuncia y exige, y el Gobierno promete, incumple y dilata, se ha convertido en una rutina. Pero este a\u00f1o el informe trae algunos conceptos que merecen considerarse en raz\u00f3n de su significado y gravedad. Sobre el pedido de personer\u00eda gremial dice: \u201cDeplora el largo tiempo transcurrido sin que la autoridad administrativa se haya pronunciado en relaci\u00f3n con el pedido de personer\u00eda gremial de la CTA\u201d. El verbo utilizado -deplorar- es la calificaci\u00f3n m\u00e1s fuerte que se utiliza en los organismos internacionales por la violaci\u00f3n de un convenio por parte de un pa\u00eds y es indicativo de la gravedad del incumplimiento, en este caso por su perdurabilidad en el tiempo (7 a\u00f1os). Al intimar al Gobierno, lo hace con equivalente gravedad: \u201cUrge nuevamente a que de inmediato se pronuncie al respecto\u201d.<\/p>\n<p>Al abordar los obst\u00e1culos legales, la Comisi\u00f3n viene se\u00f1alando desde hace numerosos a\u00f1os (1989) la existencia de incompatibilidades entre varias disposiciones de la ley de asociaciones sindicales y el convenio 87 de libertad sindical.<\/p>\n<p>Una gran parte de dichos cuestionamientos fueron ratificados por la Corte Suprema en los fallos ATE y Rossi (\u00faltimamente, tambi\u00e9n por numerosos pronunciamientos de los tribunales del Trabajo de todo el pa\u00eds), declarando la inconstitucionalidad de dichas disposiciones y afirmando que las conclusiones de la Comisi\u00f3n de Expertos de la OIT son obligatorias para los tribunales locales .<\/p>\n<p>A pedido del Gobierno, una misi\u00f3n de asistencia t\u00e9cnica de la OIT estuvo en el pa\u00eds en 2010. En sus conclusiones, solicit\u00f3 que se formara una comisi\u00f3n para redactar una ley que permitiera adecuar la legislaci\u00f3n nacional a dicho convenio de libertad sindical.<\/p>\n<p>El Ministerio de Trabajo nunca la convoc\u00f3.<\/p>\n<p>Nuevamente la OIT es dr\u00e1stica : \u201cLa Comisi\u00f3n pide firmemente al Gobierno que, tras un examen tripartito del informe de la misi\u00f3n que visit\u00f3 el pa\u00eds en 2010 y teniendo en cuenta las sentencias judiciales declarando la inconstitucionalidad de varios art\u00edculos de la Ley de Asociaciones Sindicales N\u00b0 23551, tome las medidas necesarias para poner la legislaci\u00f3n en conformidad con el Convenio y conf\u00eda en que el Gobierno informar\u00e1 en su pr\u00f3xima memoria sobre avances al respecto.\u201d<\/p>\n<p>Pero lo m\u00e1s significativo (si no fuese por las consecuencias, ser\u00eda irrisorio) fue la excusa que puso el Gobierno : \u201cNo fue posible profundizar estas consultas habida cuenta el diferendo institucional interno de la CTA, que persiste desde mediados del a\u00f1o pasado y que no permite avanzar en el camino propiciado por la misi\u00f3n de la OIT y compartido por el Gobierno\u201d. Hace m\u00e1s de 24 a\u00f1os que la OIT observa la ley argentina y 7 que el Gobierno mantiene silencio ante el pedido de personer\u00eda de la CTA. Resulta que ahora el Gobierno alega que no fue posible cumplir con la intimaci\u00f3n de la Comisi\u00f3n por el \u201cdiferendo institucional\u201d de la CTA surgido a partir de la elecci\u00f3n de autoridades de setiembre del 2010.<\/p>\n<p>Esta actitud es una verg\u00fcenza para nuestro pa\u00eds, pero es coherente con \u201cel relato\u201d del Gobierno, en el cual la verdad se aleja cada vez m\u00e1s de su discurso. La mentira y la dilaci\u00f3n son su pr\u00e1ctica. Lo lamentable es que este tipo de conducta ante un organismo de Naciones Unidas termina afectando a todos los argentinos.<\/p>\n<p>&nbsp;<\/p>\n<p>(<em>Horacio Meguira, director del Departamento Jur\u00eddico de la CTA: 10.03.2012<\/em>)<\/p>\n","protected":false},"excerpt":{"rendered":"Los \u00f3rganos de control de la OIT vienen insistiendo en la necesidad de modificar la ley sindical y en la falta de pronunciamiento \n<a class=\"moretag\" href=\"https:\/\/ctainternacionales.org\/?p=929\"> [...]<\/a>","protected":false},"author":1,"featured_media":0,"comment_status":"closed","ping_status":"closed","sticky":false,"template":"","format":"standard","meta":{"ngg_post_thumbnail":0,"footnotes":""},"categories":[],"tags":[],"class_list":["post-929","post","type-post","status-publish","format-standard","hentry"],"_links":{"self":[{"href":"https:\/\/ctainternacionales.org\/index.php?rest_route=\/wp\/v2\/posts\/929","targetHints":{"allow":["GET"]}}],"collection":[{"href":"https:\/\/ctainternacionales.org\/index.php?rest_route=\/wp\/v2\/posts"}],"about":[{"href":"https:\/\/ctainternacionales.org\/index.php?rest_route=\/wp\/v2\/types\/post"}],"author":[{"embeddable":true,"href":"https:\/\/ctainternacionales.org\/index.php?rest_route=\/wp\/v2\/users\/1"}],"replies":[{"embeddable":true,"href":"https:\/\/ctainternacionales.org\/index.php?rest_route=%2Fwp%2Fv2%2Fcomments&post=929"}],"version-history":[{"count":4,"href":"https:\/\/ctainternacionales.org\/index.php?rest_route=\/wp\/v2\/posts\/929\/revisions"}],"predecessor-version":[{"id":1054,"href":"https:\/\/ctainternacionales.org\/index.php?rest_route=\/wp\/v2\/posts\/929\/revisions\/1054"}],"wp:attachment":[{"href":"https:\/\/ctainternacionales.org\/index.php?rest_route=%2Fwp%2Fv2%2Fmedia&parent=929"}],"wp:term":[{"taxonomy":"category","embeddable":true,"href":"https:\/\/ctainternacionales.org\/index.php?rest_route=%2Fwp%2Fv2%2Fcategories&post=929"},{"taxonomy":"post_tag","embeddable":true,"href":"https:\/\/ctainternacionales.org\/index.php?rest_route=%2Fwp%2Fv2%2Ftags&post=929"}],"curies":[{"name":"wp","href":"https:\/\/api.w.org\/{rel}","templated":true}]}}