{"id":907,"date":"2012-03-09T16:10:53","date_gmt":"2012-03-09T16:10:53","guid":{"rendered":"http:\/\/www.ctainternacionales.org\/?p=907"},"modified":"2012-03-26T18:46:40","modified_gmt":"2012-03-26T18:46:40","slug":"crisis-y-ajuste","status":"publish","type":"post","link":"https:\/\/ctainternacionales.org\/?p=907","title":{"rendered":"Crisis y ajuste"},"content":{"rendered":"<p>Se habla y se seguir\u00e1 haciendo sobre la crisis sist\u00e9mica mundial que hoy impacta singularmente a Europa, a la Uni\u00f3n Europea y al euro, cuyo origen est\u00e1 en el sistema financiero globalizado y las corporaciones transnacionales. <!--more--><em><strong><\/strong><\/em><\/p>\n<p><em><strong>Se habla y se seguir\u00e1 haciendo sobre la crisis sist\u00e9mica mundial que hoy impacta singularmente a Europa, a la Uni\u00f3n Europea y al euro, cuyo origen est\u00e1 en el sistema financiero globalizado y las corporaciones transnacionales que constituyen el verdadero gobierno mundial.<\/strong><\/em><\/p>\n<p>Los gobiernos que al inicio de la crisis prometieron adoptar las medidas necesarias para superar la crisis no han adoptado ninguna medida para controlar el mercado especulativo financiero y sus agencias de calificaci\u00f3n, eliminar los para\u00edsos fiscales o adoptar una tasa sobre las transacciones financieras. Por el contrario, se pusieron en marcha los \u201cprogramas de austeridad\u201d (eufemismo europeo para los programas de ajuste estructural que conocimos en Am\u00e9rica Latina por imposici\u00f3n del FMI), para que la \u201cfactura\u201d de la crisis la paguen los trabajadores y los pueblos. Se privatizan las ganancias y se socializan las p\u00e9rdidas.<\/p>\n<p>El modelo social europeo, que caracteriz\u00f3 la reconstrucci\u00f3n europea de posguerra, esta siendo atacado en nombre de la competitividad . Hoy los mercados financieros y las corporaciones transnacionales, con la complicidad o la impotencia de los gobiernos est\u00e1n \u201caprovechando\u201d la crisis para terminar con el modelo social. El actual presidente del Banco Central Europ\u00e9o afirm\u00f3: \u201cEl modelo social europeo est\u00e1 agotado\u201d.<\/p>\n<p>El movimiento sindical en Europa -mediante luchas, \u201cDialogo Social\u201d y negociaci\u00f3n colectiva- logr\u00f3 alcanzar condiciones de trabajo y calidad de vida m\u00e1s que satisfactorias, con niveles salariales elevados, sistemas de seguridad social s\u00f3lidos, seguro de desempleo, reg\u00edmenes de jubilaciones y pensiones solidarios, universales e integrales. En muchos pa\u00edses europeos los convenios de la OIT, a diferencia de lo que sucede en naciones de Am\u00e9rica, Asia o Africa, no son modelo de referencia, ya que los acuerdos alcanzados superaban los m\u00ednimos garantizados por la Organizaci\u00f3n Internacional del Trabajo.<\/p>\n<p>En el contexto de crisis, para la Confederaci\u00f3n Europea de Sindicatos no ha sido f\u00e1cil lograr unificar estrategias. Por ejemplo en Alemania, los sindicatos negociaron reducciones del tiempo de trabajo y de salarios para evitar el desempleo. Resultado: el \u00edndice de desempleo es bajo; sin embargo, el 20 por ciento de los trabajadores empleados sobreviven con un salario de 400 euros, casi un cuarto del salario medio.<\/p>\n<p>En Grecia el movimiento sindical ha estado a la cabeza de la protesta social con m\u00e1s de 15 huelgas desde el comienzo de la Crisis. El pa\u00eds est\u00e1 pr\u00e1cticamente \u201cintervenido\u201dpor la Troika (CE-BCE-FMI) que al imponer el \u00faltimo Rescate de 130.000.000 millones de euros, dispuso instalar en Grecia una representaci\u00f3n permanente que debe aprobar los pagos que se realizan y supervisar la ejecuci\u00f3n de los programas de austeridad aprobados con serias dificultades por el gobierno que preside Lucas Papademus (un tecn\u00f3crata ex-vicepresidente del BCE y que proviene del Grupo Goldman Sachs, al igual que el nuevo primer ministro de Italia Mario Monti y Mario Draghi, presidente del BCE).<\/p>\n<p>En Portugal el a\u00f1o pasado, por primera vez en muchos a\u00f1os, la CGTP-IN (primera fuerza sindical) y la UGTP organizaron en forma conjunta una huelga general que fue un \u00e9xito.<\/p>\n<p>En 2011, en una Espa\u00f1a sin acuerdos entre trabajadores y empleadores, el gobierno socialista aprob\u00f3 una reforma laboral que \u201cprocuraba reducir la enorme cifra de desempleo\u201d. Los sindicatos mayoritarios (CCOO y UGT) decidieron convocar una huelga general pero evitaron hacerlo en el verano (per\u00edodo vacacional) y fueron prepar\u00e1ndola hasta que se realiz\u00f3 con un importante acatamiento. La demora fue muy criticada, en vistas de que dicha reforma no signific\u00f3 ning\u00fan freno al desempleo. Para colmo el nuevo gobierno del PP, en acuerdo con los patrones, el mercado financiero y las instituciones europeas, adopt\u00f3 una nueva reforma laboral, que flexibiliza m\u00e1s la contrataci\u00f3n al reducir el costo del despido, que deber\u00e1 ser ratificada por el parlamento.<\/p>\n<p>Ante esta decisi\u00f3n CCOO y UGT convocaron una serie de manifestaciones de protesta que comenzaron el 19 de febrero y que alcanzaron una alt\u00edsima participaci\u00f3n. Asambleas, movilizaciones y paros sectoriales en diferentes regiones del pa\u00eds se est\u00e1n desarrollando y, en paralelo, se han presentado al gobierno propuestas alternativas tendientes a lograr algunas mejoras durante el tr\u00e1mite parlamentario de la reforma laboral. Por su parte, la USO (tercer sindicato en Espa\u00f1a) cuestiona los resultados alcanzados por los sindicatos mayoritarios en acuerdo con los empleadores, as\u00ed como la reforma laboral aprobada por el gobierno.<\/p>\n<p>En los \u00e1mbitos regionales, se han conocido diversas manifestaciones, paros y huelgas en respuesta a las pol\u00edticas del gobierno nacional pero tambi\u00e9n en contra de mediadas impulsadas por gobiernos auton\u00f3micos. Tanto en el Pa\u00eds Vasco , como en Galicia y Canarias, con sindicatos nacionalistas con alta representatividad, como ELA y LAB, CIG y la Intersindical Canaria, respectivamente, que han desarrollado diferentes planes de lucha muchas no concertados con los sindicatos del Estado espa\u00f1ol.<\/p>\n<p>En B\u00e9lgica, apenas constituido el gobierno, anunci\u00f3 un programa de ajuste similar. De inmediato las tres centrales sindicales (CSC, FGTB y CGSLB) en unidad de acci\u00f3n, convocaron a una huelga general de 24 horas que paraliz\u00f3 el pa\u00eds el 30 de enero.<\/p>\n<p>En Italia, las medidas adoptadas por el gobierno de Monti han recibido una r\u00e1pida y unitaria respuesta de los sindicatos que han incluido movilizaciones, marchas y huelga general convocadas por las tres Centrales sindicales mayoritarias (CGIL, CISL y UIL).<\/p>\n<p>El 29 de febrero, la Confederaci\u00f3n Europea de Sindicatos (CES), convoc\u00f3 a una jornada de protesta a nivel europeo, con masivas movilizaciones, actos y paros (en cada pa\u00eds los sindicatos decidieron la manera de organizar la protesta). En las calles expresaron su rechazo y en Bruselas, ante la Sede del Consejo Europeo, se concentr\u00f3 la dirigencia de la CES, acompa\u00f1ada de trabajadores belgas y representaciones de sindicatos de toda Europa. Un buen n\u00famero de centrales est\u00e1n procurando la convocatoria por parte de la CES a una huelga general europea, que hasta el momento no ha logrado el acuerdo de todos los sindicatos que la componen.<\/p>\n<p>Asimismo, en varios pa\u00edses de la UE se ha producido manifestaciones espont\u00e1neas Uni\u00f3n diferentes manifestaciones de protesta de car\u00e1cter espont\u00e1neo, como por ejemplo Los Indignados, movimientos \u201chorizontales\u201d que condenan por igual a todas las fuerzas pol\u00edticas y sindicales, movilizan mayoritariamente a los j\u00f3venes y mujeres, pero tambi\u00e9n jubilados y pensionados, los sectores mas impactados por el desempleo y las medidas de austeridad, artistas, intelectuales y sectores de la clase media.<\/p>\n<p>Este movimiento ha obtenido importante apoyo, aunque su car\u00e1cter inorg\u00e1nico y su rechazo a toda forma de identificaci\u00f3n pol\u00edtica, sindical o con movimientos sociales organizados, comprometen su perdurabilidad y corren riesgo de desgastarse ante la falta de perspectivas de impacto real en el marco institucional. Como dec\u00eda el general Juan Domingo Per\u00f3n: \u201cLo \u00fanico que vence al tiempo es la organizaci\u00f3n\u201d.<\/p>\n<p>No obstante, considero que estos movimientos de protesta, en los que participan trabajadores precarizados, desempleados o jubilados, expresan el profundo descontento social y constituyen un desaf\u00edo que debe ser respondido por el movimiento de los trabajadores organizado, al que demandan una acci\u00f3n firme y decidida para que asuma y organice la protesta social.<\/p>\n<p>&nbsp;<\/p>\n<p>(<em>Eduardo Estevez: 08.03.2012<\/em>)<\/p>\n","protected":false},"excerpt":{"rendered":"Se habla y se seguir\u00e1 haciendo sobre la crisis sist\u00e9mica mundial que hoy impacta singularmente a Europa, a la Uni\u00f3n Europea y al \n<a class=\"moretag\" href=\"https:\/\/ctainternacionales.org\/?p=907\"> [...]<\/a>","protected":false},"author":1,"featured_media":0,"comment_status":"closed","ping_status":"closed","sticky":false,"template":"","format":"standard","meta":{"ngg_post_thumbnail":0,"footnotes":""},"categories":[],"tags":[],"class_list":["post-907","post","type-post","status-publish","format-standard","hentry"],"_links":{"self":[{"href":"https:\/\/ctainternacionales.org\/index.php?rest_route=\/wp\/v2\/posts\/907","targetHints":{"allow":["GET"]}}],"collection":[{"href":"https:\/\/ctainternacionales.org\/index.php?rest_route=\/wp\/v2\/posts"}],"about":[{"href":"https:\/\/ctainternacionales.org\/index.php?rest_route=\/wp\/v2\/types\/post"}],"author":[{"embeddable":true,"href":"https:\/\/ctainternacionales.org\/index.php?rest_route=\/wp\/v2\/users\/1"}],"replies":[{"embeddable":true,"href":"https:\/\/ctainternacionales.org\/index.php?rest_route=%2Fwp%2Fv2%2Fcomments&post=907"}],"version-history":[{"count":4,"href":"https:\/\/ctainternacionales.org\/index.php?rest_route=\/wp\/v2\/posts\/907\/revisions"}],"predecessor-version":[{"id":910,"href":"https:\/\/ctainternacionales.org\/index.php?rest_route=\/wp\/v2\/posts\/907\/revisions\/910"}],"wp:attachment":[{"href":"https:\/\/ctainternacionales.org\/index.php?rest_route=%2Fwp%2Fv2%2Fmedia&parent=907"}],"wp:term":[{"taxonomy":"category","embeddable":true,"href":"https:\/\/ctainternacionales.org\/index.php?rest_route=%2Fwp%2Fv2%2Fcategories&post=907"},{"taxonomy":"post_tag","embeddable":true,"href":"https:\/\/ctainternacionales.org\/index.php?rest_route=%2Fwp%2Fv2%2Ftags&post=907"}],"curies":[{"name":"wp","href":"https:\/\/api.w.org\/{rel}","templated":true}]}}