{"id":886,"date":"2012-03-08T15:20:20","date_gmt":"2012-03-08T15:20:20","guid":{"rendered":"http:\/\/www.ctainternacionales.org\/?p=886"},"modified":"2012-03-22T15:43:25","modified_gmt":"2012-03-22T15:43:25","slug":"congreso-de-la-csa","status":"publish","type":"post","link":"https:\/\/ctainternacionales.org\/?p=886","title":{"rendered":"Congreso de la CSA"},"content":{"rendered":"<p>Los jefes de Estado del Mercosur est\u00e1n invitados a la ceremonia de apertura del II Congreso continental de la Confederaci\u00f3n Sindical de las Am\u00e9ricas (CSA) que tendr\u00e1 lugar en abril en Foz de Iguaz\u00fa.<!--more--><\/p>\n<p><em><strong>Los presidentes de Paraguay, Uruguay, Argentina y Brasil est\u00e1n en la lista de invitados de la ceremonia de apertura del II Congreso Continental que la Confederaci\u00f3n Sindical de Trabajadores y Trabajadoras de las Am\u00e9ricas (CSA) realizar\u00e1 en la ciudad brasile\u00f1a de Foz de Iguaz\u00fa entre los d\u00edas 17 y 20 de abril de 2012, del cual participar\u00e1 una delegaci\u00f3n de la CTA.<br \/>\n<\/strong><\/em><\/p>\n<p>Adem\u00e1s de los jefes y jefas de Estado, se espera la presencia de 500 participantes, incluidos delegados y delegadas de las organizaciones y centrales sindicales afiliadas y fraternas, adem\u00e1s de observadores e invitados de todo el mundo.<\/p>\n<p>La tem\u00e1tica central del II Congreso ser\u00e1 \u201cDesarrollo Sustentable, Democracia y Trabajo Decente: Construyendo una nueva sociedad\u201d. El encuentro tambi\u00e9n va a elegir la nueva secretaria ejecutiva de la CSA, cuyo mandato deber\u00e1 reflejar, en los pr\u00f3ximos cuatro a\u00f1os, las resoluciones acordadas por el movimiento sindical durante la reuni\u00f3n.<\/p>\n<p>\u201cEn un contexto profundamente negativo en los pa\u00edses del Norte, consideramos que las Am\u00e9ricas, con todas sus contradicciones y desigualdades, puede ser fuente de alternativas al modelo neoliberal\u201d, propone V\u00edctor B\u00e1ez Mosqueira, secretario general de la CSA. \u201cSi el sindicalismo de las Am\u00e9ricas consigue llegar a la integraci\u00f3n real de los pueblos (no solamente econ\u00f3mica, sino sobre todo social), podemos ser el continente del siglo 21.\u201d<\/p>\n<p>De acuerdo con V\u00edctor B\u00e1ez, el trabajo decente est\u00e1 \u00edntimamente conectado con el desarrollo sustentable. \u201cEl sindicalismo debe movilizarse ante sus gobiernos por la generaci\u00f3n de trabajo decente, el empleo formal con derechos, las garant\u00edas para la negociaci\u00f3n colectiva y la libertad sindical, la seguridad social para todos y todas y un verdadero di\u00e1logo social\u201d, explica el secretario general de la CSA. \u201cAdem\u00e1s, si realmente deseamos construir sociedades menos desiguales, debemos dar un giro al modelo econ\u00f3mico de nuestras naciones y superar su basamento en el sector primario.\u201d<\/p>\n<p>Los aportes para el programa del II Congreso fueron recopilados en eventos subregionales realizados en todas las subregiones del continente americano: Cono Sur, regi\u00f3n Andina, Centroam\u00e9rica y Caribe y Am\u00e9rica del Norte.<\/p>\n<p>Una delegaci\u00f3n de la Central de Trabajadores de la Argentina (CTA), encabezada por Pablo Micheli, secretario General, y Adolfo Aguirre, secretario de Relaciones Internacionales.<\/p>\n<p>M\u00e1s informaci\u00f3n sobre el evento: <a href=\"www.csa-csi.org\/csa2012\" target=\"_blank\">www.csa-csi.org\/csa2012<\/a><\/p>\n<p>&nbsp;<\/p>\n<p>(<em>08.03.2012<\/em>)<\/p>\n","protected":false},"excerpt":{"rendered":"Los jefes de Estado del Mercosur est\u00e1n invitados a la ceremonia de apertura del II Congreso continental de la Confederaci\u00f3n Sindical de las \n<a class=\"moretag\" href=\"https:\/\/ctainternacionales.org\/?p=886\"> [...]<\/a>","protected":false},"author":1,"featured_media":0,"comment_status":"closed","ping_status":"closed","sticky":false,"template":"","format":"standard","meta":{"ngg_post_thumbnail":0,"footnotes":""},"categories":[],"tags":[],"class_list":["post-886","post","type-post","status-publish","format-standard","hentry"],"_links":{"self":[{"href":"https:\/\/ctainternacionales.org\/index.php?rest_route=\/wp\/v2\/posts\/886","targetHints":{"allow":["GET"]}}],"collection":[{"href":"https:\/\/ctainternacionales.org\/index.php?rest_route=\/wp\/v2\/posts"}],"about":[{"href":"https:\/\/ctainternacionales.org\/index.php?rest_route=\/wp\/v2\/types\/post"}],"author":[{"embeddable":true,"href":"https:\/\/ctainternacionales.org\/index.php?rest_route=\/wp\/v2\/users\/1"}],"replies":[{"embeddable":true,"href":"https:\/\/ctainternacionales.org\/index.php?rest_route=%2Fwp%2Fv2%2Fcomments&post=886"}],"version-history":[{"count":5,"href":"https:\/\/ctainternacionales.org\/index.php?rest_route=\/wp\/v2\/posts\/886\/revisions"}],"predecessor-version":[{"id":891,"href":"https:\/\/ctainternacionales.org\/index.php?rest_route=\/wp\/v2\/posts\/886\/revisions\/891"}],"wp:attachment":[{"href":"https:\/\/ctainternacionales.org\/index.php?rest_route=%2Fwp%2Fv2%2Fmedia&parent=886"}],"wp:term":[{"taxonomy":"category","embeddable":true,"href":"https:\/\/ctainternacionales.org\/index.php?rest_route=%2Fwp%2Fv2%2Fcategories&post=886"},{"taxonomy":"post_tag","embeddable":true,"href":"https:\/\/ctainternacionales.org\/index.php?rest_route=%2Fwp%2Fv2%2Ftags&post=886"}],"curies":[{"name":"wp","href":"https:\/\/api.w.org\/{rel}","templated":true}]}}