{"id":872,"date":"2012-02-29T16:55:05","date_gmt":"2012-02-29T16:55:05","guid":{"rendered":"http:\/\/www.ctainternacionales.org\/?p=872"},"modified":"2012-03-16T19:27:30","modified_gmt":"2012-03-16T19:27:30","slug":"europa-paralizada","status":"publish","type":"post","link":"https:\/\/ctainternacionales.org\/?p=872","title":{"rendered":"Europa paralizada"},"content":{"rendered":"<p>Una jornada de manifestaciones y huelgas convocaron para hoy los sindicatos europeos en rechazo a las medidas de austeridad que provocaron el aumento del desempleo en el viejo continente.<!--more--><em><strong><\/strong><\/em><\/p>\n<p><em><strong>Una jornada de manifestaciones y huelgas convocaron para hoy los sindicatos europeos en rechazo a las medidas de austeridad que provocaron el aumento del desempleo en el viejo continente.<\/strong><\/em><\/p>\n<p>En Bruselas los trabajadores se concentrar\u00e1n frente al Consejo de la Uni\u00f3n Europea (UE) y otras instituciones para rechazar el tratado de rigor presupuestario que deber\u00e1 ser aprobado ma\u00f1ana por los l\u00edderes del grupo de los 27.<\/p>\n<p>\u00abConstatamos con preocupaci\u00f3n que en la UE no se articulan medidas m\u00e1s que para el equilibrio de las cuentas p\u00fablicas y esto ha abocado a Europa a un nuevo per\u00edodo de recesi\u00f3n\u00bb, declar\u00f3 el presidente de la Confederaci\u00f3n Europea de Sindicatos (CES), Ignacio Fern\u00e1ndez Toxo.<\/p>\n<p>La CES convoc\u00f3 las protestas a nivel continental para reclamar un plan alternativo de salida a la crisis de la deuda centrado en el empleo y la justicia social y no en la estabilidad presupuestaria y el ajuste fiscal.<\/p>\n<p>\u00abEl objetivo es que un d\u00eda antes de la cumbre europea se oiga alto y claro el mensaje de los sindicatos que defienden alternativas a esta Europa sin solidaridad, sin planes, sin esperanza y sin perspectivas\u00bb, dijo Bernadette S\u00e9gol, secretaria general de la CES.<\/p>\n<p>De acuerdo con los sindicatos, la crisis ha servido como pretexto a los gobiernos para justificar los recortes de salarios, la disminuci\u00f3n de los gastos sociales y los despidos.<\/p>\n<p>Seg\u00fan datos de Eurostat, el desempleo en la UE alcanza a m\u00e1s de 23 millones de personas y uno de cada cinco parados tiene menos de 25 a\u00f1os.<\/p>\n<p>&nbsp;<\/p>\n<p>(<em>29.02.2012<\/em>)<\/p>\n","protected":false},"excerpt":{"rendered":"Una jornada de manifestaciones y huelgas convocaron para hoy los sindicatos europeos en rechazo a las medidas de austeridad que provocaron el aumento \n<a class=\"moretag\" href=\"https:\/\/ctainternacionales.org\/?p=872\"> [...]<\/a>","protected":false},"author":1,"featured_media":0,"comment_status":"closed","ping_status":"closed","sticky":false,"template":"","format":"standard","meta":{"ngg_post_thumbnail":0,"footnotes":""},"categories":[],"tags":[],"class_list":["post-872","post","type-post","status-publish","format-standard","hentry"],"_links":{"self":[{"href":"https:\/\/ctainternacionales.org\/index.php?rest_route=\/wp\/v2\/posts\/872","targetHints":{"allow":["GET"]}}],"collection":[{"href":"https:\/\/ctainternacionales.org\/index.php?rest_route=\/wp\/v2\/posts"}],"about":[{"href":"https:\/\/ctainternacionales.org\/index.php?rest_route=\/wp\/v2\/types\/post"}],"author":[{"embeddable":true,"href":"https:\/\/ctainternacionales.org\/index.php?rest_route=\/wp\/v2\/users\/1"}],"replies":[{"embeddable":true,"href":"https:\/\/ctainternacionales.org\/index.php?rest_route=%2Fwp%2Fv2%2Fcomments&post=872"}],"version-history":[{"count":2,"href":"https:\/\/ctainternacionales.org\/index.php?rest_route=\/wp\/v2\/posts\/872\/revisions"}],"predecessor-version":[{"id":952,"href":"https:\/\/ctainternacionales.org\/index.php?rest_route=\/wp\/v2\/posts\/872\/revisions\/952"}],"wp:attachment":[{"href":"https:\/\/ctainternacionales.org\/index.php?rest_route=%2Fwp%2Fv2%2Fmedia&parent=872"}],"wp:term":[{"taxonomy":"category","embeddable":true,"href":"https:\/\/ctainternacionales.org\/index.php?rest_route=%2Fwp%2Fv2%2Fcategories&post=872"},{"taxonomy":"post_tag","embeddable":true,"href":"https:\/\/ctainternacionales.org\/index.php?rest_route=%2Fwp%2Fv2%2Ftags&post=872"}],"curies":[{"name":"wp","href":"https:\/\/api.w.org\/{rel}","templated":true}]}}