{"id":869,"date":"2012-02-28T18:25:19","date_gmt":"2012-02-28T18:25:19","guid":{"rendered":"http:\/\/www.ctainternacionales.org\/?p=869"},"modified":"2012-03-09T16:01:19","modified_gmt":"2012-03-09T16:01:19","slug":"para-unos-pocos","status":"publish","type":"post","link":"https:\/\/ctainternacionales.org\/?p=869","title":{"rendered":"Para unos pocos"},"content":{"rendered":"<p>Desde la CTA, junto con muchas otras centrales sindicales del mundo, hemos venido acompa\u00f1ando las negociaciones del G-20, manteniendo nuestra autonom\u00eda y nuestra mirada cr\u00edtica.<!--more--><em><strong><\/strong><\/em><\/p>\n<p><em><strong>Desde la CTA, junto con muchas otras centrales sindicales del mundo, hemos venido acompa\u00f1ando las negociaciones del G-20, manteniendo nuestra autonom\u00eda y nuestra mirada cr\u00edtica.<\/strong><\/em><\/p>\n<p>El G-20 contin\u00faa dando se\u00f1ales de que no puede escapar de la v\u00eda de la salvaci\u00f3n de pocos (bancos, finanzas), por medio de pol\u00edticas de ajuste y de la revitalizaci\u00f3n de los \u00f3rganos de financiamiento multilaterales, revividos luego de haber demostrado que sus propuestas fracasaron en los a\u00f1os \u201990, lo que qued\u00f3 plasmado en nuestra regi\u00f3n con los programas de ajuste estructural. En resumen, se contin\u00faa decidiendo que la crisis la paguen los trabajadores y las trabajadoras.<\/p>\n<p>La postura argentina en el G-20 parece una luz en el camino, al hablar de inversiones en infraestructura, generaci\u00f3n de trabajo e inclusi\u00f3n social. Ahora bien, \u00bfc\u00f3mo se traduce esto en casa? \u00bfQu\u00e9 significa esta postura en la Argentina?<\/p>\n<p>Frente a la iniciativa del gobierno franc\u00e9s de regular los mercados de commodities, propuesta que perdi\u00f3 espacio en Cannes, la Argentina ha salido a defender la desregulaci\u00f3n, pues la exportaci\u00f3n de productos agropecuarios genera parte importante del PBI nacional. Sin embargo, esos son mercados muy vol\u00e1tiles y no garantizan ingresos a largo plazo, ni una econom\u00eda s\u00f3lida; a la vez que el aumento de los precios de los alimentos afecta a escala planetaria a los m\u00e1s vulnerables. Por otra parte, sostener como principal fuente de liquidez a la producci\u00f3n de productos primarios, tiene un enorme impacto ambiental y social, a la vez que es una de las actividades m\u00e1s vulnerables frente al cambio clim\u00e1tico. Mientras la Argentina defiende la libertad de colocaci\u00f3n de commodities, deber\u00eda estar preocup\u00e1ndose y colocando el foco en la diversificaci\u00f3n econ\u00f3mica, con un horizonte de desarrollo sustentable. En ese mismo foro multilateral, al pa\u00eds apoya el desarrollo de infraestructura, pero en este contexto cabe preguntarse: \u00bfQu\u00e9 infraestructura? \u00bfQui\u00e9n la financiar\u00eda? \u00bfPara qu\u00e9 y para qui\u00e9n? \u00bfCon empleos de calidad?<\/p>\n<p>Frente a las pol\u00edticas de ajuste, la Argentina habla de seguridad social y generaci\u00f3n de trabajo. Sabemos ya hoy que la inclusi\u00f3n social a trav\u00e9s de programas focalizados de ayuda, como existen en toda la regi\u00f3n latinoamericana, no garantizan el fin de la pobreza. Se debe apuntar m\u00e1s bien a la consolidaci\u00f3n de derechos. En la Argentina e incluso habiendo decretando al a\u00f1o 2011 como el a\u00f1o del empleo decente, a\u00fan la mitad de los trabajadores tienen empleos informales, est\u00e1n subcontratados, o tienen relaciones fraudulentas de trabajo. Para reducir y eliminar la brecha, el mejor camino para la inclusi\u00f3n es el de la generaci\u00f3n de empleos dignos, formales, con libertad y democracia sindical en el lugar de trabajo. Esto requiere un cambio significativo en el modelo de desarrollo presentado hasta hoy por el gobierno.<\/p>\n<p>Para la Argentina, estar en el G-20 puede no ser despreciable, porque es jugar en el terreno de los grandes, cuando no se es un global player. Es un espacio que existe y en el cual no tenemos grandes expectativas, como central sindical. Habr\u00eda que rediscutir el papel que ha jugado hasta ahora y los intereses que ha defendido, al consolidar a la Argentina en su papel de exportador de productos primarios.<\/p>\n<p>El papel que nuestro pa\u00eds podr\u00eda jugar en este foro informal, cuya legitimidad est\u00e1 en cuesti\u00f3n, es el de hacer valer los espacios de integraci\u00f3n regional que apuntan a una econom\u00eda complementaria integrada, con generaci\u00f3n de empleos dignos, con infraestructura orientada a los mercados internos, con integraci\u00f3n pol\u00edtica, social y cultural.<\/p>\n<p>Una forma de llevar la regi\u00f3n al G-20 podr\u00eda ser a trav\u00e9s de consultas con la Unasur, a trav\u00e9s del recientemente formado Consejo de Ministros de Finanzas, sobre la agenda del G-20, de forma de representar a los intereses de la regi\u00f3n. Lo mismo ante CELAC. La integraci\u00f3n regional debe ser un eje fundamental de la pol\u00edtica externa argentina y un camino que puede garantizar la consolidaci\u00f3n de un modelo de desarrollo sustentable, con empleos dignos y justicia social y clim\u00e1tica.<\/p>\n<p>&nbsp;<\/p>\n<p>(<em>Maite Llanos: Tiempo Argentino: 28.02.2012<\/em>)<\/p>\n","protected":false},"excerpt":{"rendered":"Desde la CTA, junto con muchas otras centrales sindicales del mundo, hemos venido acompa\u00f1ando las negociaciones del G-20, manteniendo nuestra autonom\u00eda y nuestra \n<a class=\"moretag\" href=\"https:\/\/ctainternacionales.org\/?p=869\"> [...]<\/a>","protected":false},"author":1,"featured_media":0,"comment_status":"closed","ping_status":"closed","sticky":false,"template":"","format":"standard","meta":{"ngg_post_thumbnail":0,"footnotes":""},"categories":[],"tags":[],"class_list":["post-869","post","type-post","status-publish","format-standard","hentry"],"_links":{"self":[{"href":"https:\/\/ctainternacionales.org\/index.php?rest_route=\/wp\/v2\/posts\/869","targetHints":{"allow":["GET"]}}],"collection":[{"href":"https:\/\/ctainternacionales.org\/index.php?rest_route=\/wp\/v2\/posts"}],"about":[{"href":"https:\/\/ctainternacionales.org\/index.php?rest_route=\/wp\/v2\/types\/post"}],"author":[{"embeddable":true,"href":"https:\/\/ctainternacionales.org\/index.php?rest_route=\/wp\/v2\/users\/1"}],"replies":[{"embeddable":true,"href":"https:\/\/ctainternacionales.org\/index.php?rest_route=%2Fwp%2Fv2%2Fcomments&post=869"}],"version-history":[{"count":2,"href":"https:\/\/ctainternacionales.org\/index.php?rest_route=\/wp\/v2\/posts\/869\/revisions"}],"predecessor-version":[{"id":903,"href":"https:\/\/ctainternacionales.org\/index.php?rest_route=\/wp\/v2\/posts\/869\/revisions\/903"}],"wp:attachment":[{"href":"https:\/\/ctainternacionales.org\/index.php?rest_route=%2Fwp%2Fv2%2Fmedia&parent=869"}],"wp:term":[{"taxonomy":"category","embeddable":true,"href":"https:\/\/ctainternacionales.org\/index.php?rest_route=%2Fwp%2Fv2%2Fcategories&post=869"},{"taxonomy":"post_tag","embeddable":true,"href":"https:\/\/ctainternacionales.org\/index.php?rest_route=%2Fwp%2Fv2%2Ftags&post=869"}],"curies":[{"name":"wp","href":"https:\/\/api.w.org\/{rel}","templated":true}]}}