{"id":861,"date":"2012-02-28T18:16:48","date_gmt":"2012-02-28T18:16:48","guid":{"rendered":"http:\/\/www.ctainternacionales.org\/?p=861"},"modified":"2012-03-13T16:36:58","modified_gmt":"2012-03-13T16:36:58","slug":"rene-schindler-europa-es-un-agujero-negro","status":"publish","type":"post","link":"https:\/\/ctainternacionales.org\/?p=861","title":{"rendered":"Ren\u00e9 Schindler: \u201cEuropa es un agujero negro\u201d"},"content":{"rendered":"<p><a href=\"http:\/\/www.ctainternacionales.org\/wp-content\/uploads\/2012\/02\/IMG_0477.jpg\"><img loading=\"lazy\" decoding=\"async\" class=\"alignnone size-thumbnail wp-image-862\" title=\"IMG_0477\" src=\"http:\/\/www.ctainternacionales.org\/wp-content\/uploads\/2012\/02\/IMG_0477-307x230.jpg\" alt=\"\" width=\"307\" height=\"230\" \/><\/a>Este abogado y representante gremial de la poderosa Uni\u00f3n de Sindicatos Austr\u00edacos (OGB, por sus siglas en alem\u00e1n), visit\u00f3 la sede nacional de la CTA y se reuni\u00f3 con integrantes de la Secretar\u00eda de Relaciones Internacionales y dio un panorama de la crisis econ\u00f3mica que atraviesa la Eurozona.<!--more--><em><strong><\/strong><\/em><\/p>\n<p><em><strong><a href=\"http:\/\/www.ctainternacionales.org\/wp-content\/uploads\/2012\/02\/IMG_04771.jpg\"><img loading=\"lazy\" decoding=\"async\" class=\"alignnone size-medium wp-image-863\" title=\"IMG_0477\" src=\"http:\/\/www.ctainternacionales.org\/wp-content\/uploads\/2012\/02\/IMG_04771-465x348.jpg\" alt=\"\" width=\"465\" height=\"348\" \/><\/a>Este abogado y representante gremial de la poderosa Uni\u00f3n de Sindicatos Austr\u00edacos (OGB, por sus siglas en alem\u00e1n), visit\u00f3 la sede nacional de la CTA y se reuni\u00f3 con integrantes de la Secretar\u00eda de Relaciones Internacionales y dio un panorama de la crisis econ\u00f3mica que atraviesa la Eurozona.<\/strong><\/em><\/p>\n<p>La OGB es uno de los grandes actores de la pol\u00edtica austr\u00edaca, un central aut\u00f3noma, que participa en el di\u00e1logo social pero que se distingue de gobiernos, patrones y partidos pol\u00edticos. Cuenta con una base social muy alta en un pa\u00eds cuya poblaci\u00f3n no llega a los 9 millones de habitantes. Austria es parte la Uni\u00f3n Europea.<\/p>\n<p>Ren\u00e9 Schindler que integra el sector metal\u00fargico de la OGB, agrupados en PRO-GE, se reuni\u00f3 con integrantes de la Secretar\u00eda de Relaciones Internacionales de la CTA, y luego accedi\u00f3 a un di\u00e1logo con el portal CTA-Internacionales.<\/p>\n<p>\u201cEuropa es una agujero negro y la crisis recae sobre el resto\u201d, grafic\u00f3.<\/p>\n<p>En referencia a esta situaci\u00f3n dijo que \u201cla crisis econ\u00f3mica en la Eurozona redunda en recortes, ajustes y cesant\u00edas de empelado p\u00fablicos\u201d, pero califica a esto como un \u201csinsentido\u201d porque se siguen \u201ccometiendo los mismos errores para salir de la crisis\u201d.<\/p>\n<p>Por eso demand\u00f3: \u201cSon los ricos los que tienen pagar, es una necesidad cuando la econom\u00eda est\u00e1 en baja, no se puede seguir cayendo sobre los pobres, que son los que siempre pagan las consecuencias\u201d.<\/p>\n<p>Sobre el ajuste en Austria admite que no ha sido al nivel que en otros pa\u00edses de la regi\u00f3n: \u201cLas pensiones se recortaron un 3 por ciento, y si uno lo compara con el resto de la Eurozona no es tanto, pero igual es un recorte, por eso nosotros pedimos que la recarga sea sobre los ricos\u201d, manifest\u00f3 Schindler.<\/p>\n<p>En mayo del a\u00f1o 2009, la Comisi\u00f3n Europea (CE) se\u00f1al\u00f3 durante el Encuentro Anual Europeo de Personas en Situaci\u00f3n de Pobreza que los 27 estados miembros sumaban, en ese momento, 78 millones de personas viviendo en la penuria. Hoy en toda la UE hay 84 millones de pobres. Un 10,7% de ese total est\u00e1n en Espa\u00f1a.<\/p>\n<p>\u201cVemos a pa\u00edses en la Uni\u00f3n Europea con muchos problemas, algunos que han quebrado\u201d, apunt\u00f3 el dirigente. \u201cEn nuestro caso, que tenemos al &#8216;gran vecino&#8217; Alemania, prevemos a\u00f1os de grandes problemas, las medidas proteccionistas nos afectan, sobre todo en la industria del metal, Alemania produce mucho, a bajo costo y exporta y eso afecta a Austria, eso conlleva la p\u00e9rdida de los convenios colectivos del sector\u201d.<\/p>\n<p>Schindler tambi\u00e9n trajo a la luz la crisis estructural que vivi\u00f3 la Argentina y que estall\u00f3 en diciembre de 2001. \u201cS\u00e9 que ustedes tuvieron los mismos problemas con los bancos que quebraron; los europeos piensan que si quiebran los bancos est\u00e1 bien, porque despu\u00e9s se podr\u00eda salir de eso y crecer\u201d, sostuvo.<\/p>\n<p>Y subray\u00f3: \u201cSabemos que la deuda que hay es parte nuestra, pero el resto es de otros, esta no es nuestra deuda, es culpa de los bancos\u201d.<\/p>\n<p>Por \u00faltimo, expres\u00f3 su preocupaci\u00f3n por la situaci\u00f3n de los inmigrantes ante una crisis que parece no llegar a su fin y que las recetas de la Troika (FMI, Banco Mundial y el Banco Central Europeo) solo profundizan.<\/p>\n<p>\u201cLos gobiernos y los sindicatos no los ayudan y la polic\u00eda los detiene y los expulsa. Hay que hacer urgente una pol\u00edtica de sindicalizaci\u00f3n, en Austria hay much\u00edsimos trabajadores que llegaron de Europa del Este, de Africa, Rusia, Turqu\u00eda y que hay que hacer una tarea para que no est\u00e9n ilegales en el pa\u00eds y no sufran las consecuencias\u201d, concluy\u00f3 Schindler.<\/p>\n<p>&nbsp;<\/p>\n<p>(<em>Mariano V\u00e1zquez: 28.02.2012<\/em>)<\/p>\n","protected":false},"excerpt":{"rendered":"Este abogado y representante gremial de la poderosa Uni\u00f3n de Sindicatos Austr\u00edacos (OGB, por sus siglas en alem\u00e1n), visit\u00f3 la sede nacional de \n<a class=\"moretag\" href=\"https:\/\/ctainternacionales.org\/?p=861\"> [...]<\/a>","protected":false},"author":1,"featured_media":0,"comment_status":"closed","ping_status":"closed","sticky":false,"template":"","format":"standard","meta":{"ngg_post_thumbnail":0,"footnotes":""},"categories":[],"tags":[],"class_list":["post-861","post","type-post","status-publish","format-standard","hentry"],"_links":{"self":[{"href":"https:\/\/ctainternacionales.org\/index.php?rest_route=\/wp\/v2\/posts\/861","targetHints":{"allow":["GET"]}}],"collection":[{"href":"https:\/\/ctainternacionales.org\/index.php?rest_route=\/wp\/v2\/posts"}],"about":[{"href":"https:\/\/ctainternacionales.org\/index.php?rest_route=\/wp\/v2\/types\/post"}],"author":[{"embeddable":true,"href":"https:\/\/ctainternacionales.org\/index.php?rest_route=\/wp\/v2\/users\/1"}],"replies":[{"embeddable":true,"href":"https:\/\/ctainternacionales.org\/index.php?rest_route=%2Fwp%2Fv2%2Fcomments&post=861"}],"version-history":[{"count":4,"href":"https:\/\/ctainternacionales.org\/index.php?rest_route=\/wp\/v2\/posts\/861\/revisions"}],"predecessor-version":[{"id":944,"href":"https:\/\/ctainternacionales.org\/index.php?rest_route=\/wp\/v2\/posts\/861\/revisions\/944"}],"wp:attachment":[{"href":"https:\/\/ctainternacionales.org\/index.php?rest_route=%2Fwp%2Fv2%2Fmedia&parent=861"}],"wp:term":[{"taxonomy":"category","embeddable":true,"href":"https:\/\/ctainternacionales.org\/index.php?rest_route=%2Fwp%2Fv2%2Fcategories&post=861"},{"taxonomy":"post_tag","embeddable":true,"href":"https:\/\/ctainternacionales.org\/index.php?rest_route=%2Fwp%2Fv2%2Ftags&post=861"}],"curies":[{"name":"wp","href":"https:\/\/api.w.org\/{rel}","templated":true}]}}