{"id":857,"date":"2012-02-24T17:08:20","date_gmt":"2012-02-24T17:08:20","guid":{"rendered":"http:\/\/www.ctainternacionales.org\/?p=857"},"modified":"2012-03-09T16:00:12","modified_gmt":"2012-03-09T16:00:12","slug":"injusta-e-indigna","status":"publish","type":"post","link":"https:\/\/ctainternacionales.org\/?p=857","title":{"rendered":"Injusta e indigna"},"content":{"rendered":"<p>La crisis econ\u00f3mica y social capitalista en Europa y resto del mundo, hace estragos: recesi\u00f3n, desocupaci\u00f3n masiva, pobreza, indignaci\u00f3n y desigualdad.<!--more--><em><strong><\/strong><\/em><\/p>\n<p><em><strong>La crisis econ\u00f3mica y social capitalista en Europa y resto del mundo, hace estragos: recesi\u00f3n, desocupaci\u00f3n masiva, pobreza, indignaci\u00f3n y desigualdad. Los da\u00f1os de estas pol\u00edticas liberales y neoliberales, impulsadas por los organismos internacionales (FMI, BM y G-20, entre otros) para descargar sobre los pueblos el peso de dicha crisis, generan recesi\u00f3n econ\u00f3mica en buena parte del denominado primer mundo: cada vez m\u00e1s desocupados, m\u00e1s precarizados, m\u00e1s pobreza, m\u00e1s desigualdad, m\u00e1s indignados, mientras las riquezas se concentran cada vez en menos manos.<\/strong><\/em><\/p>\n<p>Seg\u00fan las recientes declaraciones de las centrales sindicales nacionales espa\u00f1oles (UGT y Comisiones Obreras), Espa\u00f1a tiene las peores cifras de desempleo de la Uni\u00f3n Europea: 5,5 millones de desocupados, que representa un 23 por ciento de la poblaci\u00f3n econ\u00f3micamente activa y el 50 por ciento de los j\u00f3venes.<\/p>\n<p>Adem\u00e1s, crece el n\u00famero de desocupados que no percibe ninguna ayuda o prestaci\u00f3n por desempleo. Crece la desigualdad social. M\u00e1s del 25 por ciento de la poblaci\u00f3n est\u00e1 por debajo de la l\u00ednea de la pobreza.<\/p>\n<p>Dice en un p\u00e1rrafo la declaraci\u00f3n de UGT y CCOO: \u201cParece una obviedad, pero hay que decirlo: el origen de la crisis no est\u00e1 en el mercado laboral ni en lo costoso del Estado de bienestar. La crisis la ha generado el sector financiero especulativo que ha actuado sin ning\u00fan tipo de escr\u00fapulo ni control para conseguir los mayores beneficios en el menor tiempo posible.\u201d<\/p>\n<p>La medida que el 10 de febrero aprob\u00f3 el Consejo de Ministros, el Real Decreto-Ley 3\/2012, que reforma las leyes vigentes del mercado laboral es la expresi\u00f3n m\u00e1s significativa y acabada de la pol\u00edtica legislativa encaminada a la flexibilizaci\u00f3n y desregulaci\u00f3n de las relaciones laborales espa\u00f1olas.<\/p>\n<p>\u201cCiertamente, el contenido de la norma evidencia la plena alineaci\u00f3n del Gobierno del Partido Popular con los intereses econ\u00f3micos y empresariales dominantes, alumbrando una reforma neoconservadora que acaso constituya el mayor retroceso en la protecci\u00f3n de los trabajadores desde el advenimiento de la democracia\u201d, expresaron UGT y CCOO.<\/p>\n<p>Est\u00e1 claro que la reforma es contra los trabajadores. Recurriendo a la rigidez de las normas laborales, es como se sale de la crisis. Cualquier semejanza con la Argentina de la d\u00e9cada de 1990, no resulta casual.<\/p>\n<p>Por eso \u201chay que bajar los niveles de indemnizaci\u00f3n\u201d al rescindir contratos, de all\u00ed surge el despido sin causa, que en Espa\u00f1a no estaba contemplado como posibilidad. Se busca una radical transformaci\u00f3n del mercado del trabajo a la baja.<\/p>\n<p>El manifiesto de CCOO y la UGT contra la reforma laboral agrega: \u201cEl despido ser\u00e1 m\u00e1s f\u00e1cil y m\u00e1s barato; legaliza un nuevo contrato con despido libre y gratuito combinado con m\u00e1s bonificaciones; restringe los derechos colectivos de los trabajadores y trabajadoras, a la vez que aumenta el poder discrecional de los empresarios.\u201d<\/p>\n<p>Destacan tambi\u00e9n las siguientes medidas:<\/p>\n<p><em>\u201cLa indemnizaci\u00f3n habitual por despido ser\u00e1 a partir de ahora de 20 d\u00edas por a\u00f1o con un m\u00e1ximo de 12 mensualidades, aplicable a todo el universo de trabajadores del mercado laboral espa\u00f1ol.\u201d<\/em><\/p>\n<p><em>\u201cSe suprime la necesidad de autorizaci\u00f3n administrativa para realizar despidos colectivos, manteniendo la exigencia comunitaria de un per\u00edodo de consultas, pero sin exigirse un acuerdo con los representantes de los trabajadores para proceder a los despidos.\u201d<\/em><\/p>\n<p><em>\u201cSe ampl\u00edan las prerrogativas del empresario para no aplicar el convenio en vigor por distintas causas (incluida la cuant\u00eda salarial). El proceso indica algunas garant\u00edas de participaci\u00f3n, si bien de no alcanzarse un acuerdo se permite al empresario rescindir el contrato por despido improcedente con un requisito muy f\u00e1cil de cumplir y de manipular.\u201d<\/em><\/p>\n<p><em>\u201cEl convenio de empresa tiene prevalencia sobre cualquier otro y la inaplicaci\u00f3n del convenio puede ser suscrito por el empresario con una comisi\u00f3n ad hoc formada por tres trabajadores elegidos al efecto.\u201d<\/em><\/p>\n<p><em>\u201cSe regula el r\u00e9gimen de ultractividad de los convenios colectivos, con objeto seg\u00fan los autores, de que las modificaciones operadas en estas materias responden al objetivo de procurar que la negociaci\u00f3n colectiva \u201csea un instrumento y no un obst\u00e1culo, para adaptar las condiciones laborales a las concretas circunstancias de la empresa\u201d. Es decir, para que los empresarios puedan hacer y deshacer a su antojo.\u201d<\/em><\/p>\n<p><em>\u201cSe asesta un duro golpe al derecho del trabajo, se desvirt\u00faa la tutela judicial y se debilita el poder contractual de los sindicatos en beneficio de la empresa.\u201d<\/em><\/p>\n<p>La estrategia es clara y demoledora, por un lado se avanza en una tremenda devaluaci\u00f3n salarial, se busca la sumisi\u00f3n del trabajador y se aprovecha con la ley de mayor flexibilizaci\u00f3n no escrita: la desocupaci\u00f3n, limitar la capacidad de respuesta del movimiento obrero.<\/p>\n<p>Ya vivimos en Argentina lo que significa que los convenios de empresa est\u00e9n por encima de los convenios nacionales, de \u00e1mbito superior; ya conocimos, en definitiva, estas pol\u00edticas de ajuste impulsadas por los ide\u00f3logos liberales, las multinacionales, las financieras. Ya sabemos que la pol\u00edtica de ajustes sobre los que menos tienen nada resuelve, el \u00fanico camino es el desarrollo organizativo, la unidad, ganar la calle y luchar hasta recuperar niveles de convivencia o lograr las transformaciones necesarias que permitan dejar atr\u00e1s las pol\u00edticas \u201cposibilistas\u201d que tanto da\u00f1o han hecho al movimiento obrero internacional.<\/p>\n<p>&nbsp;<\/p>\n<p>(<em>Jos\u00e9 Rigane: 24.02.2012<\/em>)<\/p>\n","protected":false},"excerpt":{"rendered":"La crisis econ\u00f3mica y social capitalista en Europa y resto del mundo, hace estragos: recesi\u00f3n, desocupaci\u00f3n masiva, pobreza, indignaci\u00f3n y desigualdad.\n<a class=\"moretag\" href=\"https:\/\/ctainternacionales.org\/?p=857\"> [...]<\/a>","protected":false},"author":1,"featured_media":0,"comment_status":"closed","ping_status":"closed","sticky":false,"template":"","format":"standard","meta":{"ngg_post_thumbnail":0,"footnotes":""},"categories":[],"tags":[],"class_list":["post-857","post","type-post","status-publish","format-standard","hentry"],"_links":{"self":[{"href":"https:\/\/ctainternacionales.org\/index.php?rest_route=\/wp\/v2\/posts\/857","targetHints":{"allow":["GET"]}}],"collection":[{"href":"https:\/\/ctainternacionales.org\/index.php?rest_route=\/wp\/v2\/posts"}],"about":[{"href":"https:\/\/ctainternacionales.org\/index.php?rest_route=\/wp\/v2\/types\/post"}],"author":[{"embeddable":true,"href":"https:\/\/ctainternacionales.org\/index.php?rest_route=\/wp\/v2\/users\/1"}],"replies":[{"embeddable":true,"href":"https:\/\/ctainternacionales.org\/index.php?rest_route=%2Fwp%2Fv2%2Fcomments&post=857"}],"version-history":[{"count":2,"href":"https:\/\/ctainternacionales.org\/index.php?rest_route=\/wp\/v2\/posts\/857\/revisions"}],"predecessor-version":[{"id":902,"href":"https:\/\/ctainternacionales.org\/index.php?rest_route=\/wp\/v2\/posts\/857\/revisions\/902"}],"wp:attachment":[{"href":"https:\/\/ctainternacionales.org\/index.php?rest_route=%2Fwp%2Fv2%2Fmedia&parent=857"}],"wp:term":[{"taxonomy":"category","embeddable":true,"href":"https:\/\/ctainternacionales.org\/index.php?rest_route=%2Fwp%2Fv2%2Fcategories&post=857"},{"taxonomy":"post_tag","embeddable":true,"href":"https:\/\/ctainternacionales.org\/index.php?rest_route=%2Fwp%2Fv2%2Ftags&post=857"}],"curies":[{"name":"wp","href":"https:\/\/api.w.org\/{rel}","templated":true}]}}