{"id":852,"date":"2012-02-23T19:11:46","date_gmt":"2012-02-23T19:11:46","guid":{"rendered":"http:\/\/www.ctainternacionales.org\/?p=852"},"modified":"2012-03-06T17:34:16","modified_gmt":"2012-03-06T17:34:16","slug":"mil-textos","status":"publish","type":"post","link":"https:\/\/ctainternacionales.org\/?p=852","title":{"rendered":"Mil textos"},"content":{"rendered":"<p>Hace 11 a\u00f1os, cuando se realizaba el primer Foro Social Mundial en Porto Alegre, surgi\u00f3 la Agencia Carta Maior, bajo la direcci\u00f3n de Joaquim Ernesto Palhares, juntando a periodistas e intelectuales de izquierda, creando un espacio p\u00fablico de prensa alternativa.<!--more--><\/p>\n<p><em><strong>Hace 11 a\u00f1os, cuando se realizaba el primer Foro Social Mundial en Porto Alegre, surgi\u00f3 la Agencia Carta Maior, bajo la direcci\u00f3n de Joaquim Ernesto Palhares, juntando a periodistas e intelectuales de izquierda, creando un espacio p\u00fablico de prensa alternativa, que luego mostr\u00f3 que ven\u00eda a ocupar un espacio importante en el campo de la izquierda.<\/strong><\/em><\/p>\n<p>La primea gran batalla de Carta Maior es la batalla por la agenda. Antes incluso de disputar las interpretaciones, se trata de romper la prohibici\u00f3n con algunos temas y luchar para que los temas centrales ocupen el centro de la opini\u00f3n p\u00fablica. El neoliberalismo es la centralidad del mercado dominaban completamente la agenda pol\u00edtica y econ\u00f3mica.<\/p>\n<p>11 a\u00f1os despu\u00e9s los medios alternativos tuvieron algunas conquistas, junto a las fuerzas populares. La centralidad del mercado, las interpretaciones y las pol\u00edticas econ\u00f3micas fueron desplazadas \u2013en Brasil y en gran parte de Am\u00e9rica Latina\u2013 por las pol\u00edticas sociales y p\u00fablicas. La denuncia reiterada de los da\u00f1os causados por las pol\u00edticas neoliberales fue un elemento esencial para cortar con la euforia de los a\u00f1os &#8217;90 con los planes de ajuste y el combate a la inflaci\u00f3n.<\/p>\n<p>Paralelamente, se fueron construyendo fuerzas alternativas al neoliberalismo, aqu\u00ed y en otros pa\u00edses del continente. Carta Maior trabaj\u00f3 y sigue trabajando para el conocimiento real de lo que pasa en pa\u00edses como Venezuela, Bolivia, Ecuador, Argentina, Cuba, El Salvador, tambi\u00e9n con la diferencia en relaci\u00f3n a los que optaron por a continuidad del neoliberalismo, de los que M\u00e9xico y Chile son los ejemplos m\u00e1s claros.<\/p>\n<p>La victorias electorales de Lula e Dilma confirmaron, tambi\u00e9n en Brasil, que existe una nueva mayor\u00eda pol\u00edtica en el pa\u00eds, que prefiere priorizar las pol\u00edticas sociales y no el ajuste fiscal, que prefiere un Estado inductor del crecimiento econ\u00f3mico y de garant\u00edas de los derechos sociales, y alianzas regionales con el Sur del mundo, y no con los Tratados de Libre Comercio con los Estados Unidos.<\/p>\n<p>Pero, paralelamente a las grandes transformaciones econ\u00f3micas, sociales y pol\u00edticas, el campo de formaci\u00f3n de la opini\u00f3n p\u00fablica sufri\u00f3 pocas mutaciones en estos 11 a\u00f1os. Conseguimos, junto a otras tantas iniciativas, constituir un campo alternativo de informaci\u00f3n y de an\u00e1lisis, de movilizaciones de la conciencias y de las voluntades de mucha gente. Este sin duda es la novedad m\u00e1s importante en relaci\u00f3n a la d\u00e9cada anterior.<\/p>\n<p>M\u00e1s la batalla de las ideas, de las mentes y corazones de las personas est\u00e1 muy atrasado en relaci\u00f3n a otros niveles de transformaci\u00f3n. En ese plano, articulado como monopolio privado de los grandes medios de comunicaci\u00f3n, es que la derecha va a buscar fuerzas para resistir, tratar de impedir la continuidad de esos procesos de transformaci\u00f3n o por lo menos bloquearla, desvirtuarla, cooptarla.<\/p>\n<p>Uno de los hechos m\u00e1s significativos de la \u00faltima campa\u00f1a electoral fue el desv\u00edo para temas el aborto, vali\u00e9ndose de un circuito religioso de formaci\u00f3n de conciencias, por parte de la campa\u00f1a opositora, cuando se dieron cuenta que en la comparaci\u00f3n de los proyectos y de las realizaciones pol\u00edticas, estaban derrotados. Casi consiguieron revertir el resultado electoral vali\u00e9ndose del atrasoen el campo ideol\u00f3gico, cultural, de los valores, de grande parte de la masa pobre de la poblaci\u00f3n, emergente en los planos econ\u00f3mico y social, pero manteniendo a\u00fan los valores conservadores en el plano de la conciencia.<\/p>\n<p>A esos elementos conservadores se asoma y articula el monopolio privado de los medios de comunicaci\u00f3n. Este elemento antidemocr\u00e1tico sobrevivi\u00f3 al fin de la dictadura y ahora, durante las derrotas y el retroceso de la derecha partidaria se proyecta -de acuerdo a las palabras de una de las directoras de uno de esos medios de comunicaci\u00f3n, que ocupa la la presidencia de la asociaci\u00f3n que los congrega- como verdadero partido de la derecha en el pa\u00eds (de forma similar en los otros pa\u00edses latinoamericanos que viven procesos pol\u00edticos similares.)<\/p>\n<p>La lucha por la hegemon\u00eda en el plano de la comunicaci\u00f3n se torna el escenario central para consolidar los avances en la formaci\u00f3n de una nueva conciencia social. Una ley democr\u00e1tica de regulaci\u00f3n de los medios de comunicaci\u00f3n que contribuya para quebrar el monopolio privado e instrumento esencial para democratizar la sociedad brasile\u00f1a.<\/p>\n<p>Carta Maior y este blog (el de Emir Sader) est\u00e1n profundamente comprometidos, 11 a\u00f1os y mil art\u00edculos de blog despu\u00e9s, apoyados en los avances que tuvimos, como la democratizaci\u00f3n de los procesos de formaci\u00f3n de la opini\u00f3n p\u00fablica, conscientes, que, sin eso, no habr\u00e1 democracia en Brasil.<\/p>\n<p>&nbsp;<\/p>\n<p>(<em>Emir Sader: 23.02.2012<\/em>)<\/p>\n","protected":false},"excerpt":{"rendered":"Hace 11 a\u00f1os, cuando se realizaba el primer Foro Social Mundial en Porto Alegre, surgi\u00f3 la Agencia Carta Maior, bajo la direcci\u00f3n de \n<a class=\"moretag\" href=\"https:\/\/ctainternacionales.org\/?p=852\"> [...]<\/a>","protected":false},"author":1,"featured_media":0,"comment_status":"closed","ping_status":"closed","sticky":false,"template":"","format":"standard","meta":{"ngg_post_thumbnail":0,"footnotes":""},"categories":[],"tags":[],"class_list":["post-852","post","type-post","status-publish","format-standard","hentry"],"_links":{"self":[{"href":"https:\/\/ctainternacionales.org\/index.php?rest_route=\/wp\/v2\/posts\/852","targetHints":{"allow":["GET"]}}],"collection":[{"href":"https:\/\/ctainternacionales.org\/index.php?rest_route=\/wp\/v2\/posts"}],"about":[{"href":"https:\/\/ctainternacionales.org\/index.php?rest_route=\/wp\/v2\/types\/post"}],"author":[{"embeddable":true,"href":"https:\/\/ctainternacionales.org\/index.php?rest_route=\/wp\/v2\/users\/1"}],"replies":[{"embeddable":true,"href":"https:\/\/ctainternacionales.org\/index.php?rest_route=%2Fwp%2Fv2%2Fcomments&post=852"}],"version-history":[{"count":2,"href":"https:\/\/ctainternacionales.org\/index.php?rest_route=\/wp\/v2\/posts\/852\/revisions"}],"predecessor-version":[{"id":885,"href":"https:\/\/ctainternacionales.org\/index.php?rest_route=\/wp\/v2\/posts\/852\/revisions\/885"}],"wp:attachment":[{"href":"https:\/\/ctainternacionales.org\/index.php?rest_route=%2Fwp%2Fv2%2Fmedia&parent=852"}],"wp:term":[{"taxonomy":"category","embeddable":true,"href":"https:\/\/ctainternacionales.org\/index.php?rest_route=%2Fwp%2Fv2%2Fcategories&post=852"},{"taxonomy":"post_tag","embeddable":true,"href":"https:\/\/ctainternacionales.org\/index.php?rest_route=%2Fwp%2Fv2%2Ftags&post=852"}],"curies":[{"name":"wp","href":"https:\/\/api.w.org\/{rel}","templated":true}]}}