{"id":846,"date":"2012-02-22T17:55:33","date_gmt":"2012-02-22T17:55:33","guid":{"rendered":"http:\/\/www.ctainternacionales.org\/?p=846"},"modified":"2012-03-09T15:12:36","modified_gmt":"2012-03-09T15:12:36","slug":"agua","status":"publish","type":"post","link":"https:\/\/ctainternacionales.org\/?p=846","title":{"rendered":"Agua"},"content":{"rendered":"<p>Centenares de personas marcharon desde Cajarmaca a Lima, unos 800 kil\u00f3metros para reclamarle al Gobierno nacional que declare el agua como derecho humano.<!--more--><\/p>\n<p><em><strong>Centenares de personas marcharon desde Cajarmaca a Lima, unos 800 kil\u00f3metros para reclamarle al Gobierno nacional que declare el agua como derecho humano.<\/strong><\/em><\/p>\n<p>\u201cUn pa\u00eds m\u00e1s justo, fraterno y solidario se ha puesto en marcha, la defensa del agua y de la Madre Tierra nos inspira, nos convoca, nos une\u201d, dice el manifiesto de la Gran Marcha Nacional por el Derecho al Agua y la Vida, que moviliz\u00f3 a varios centenares de personas que marcharon 800 km desde el norandino departamento de Cajamarca, centro de conflictos por un controvertido proyecto minero, hacia Lima, la capital.<\/p>\n<p>El ex sacerdote Marco Arana, dirigente del Movimiento Tierra y Libertad y uno de los impulsores de la movilizaci\u00f3n que se llev\u00f3 a cabo del 1 al 10 de febrero, explic\u00f3 en entrevista con el diario La Rep\u00fablica que los objetivos de la marcha eran presentar propuestas legislativas que incluyan una reforma constitucional para declarar que el agua es un derecho humano, y prohibir la miner\u00eda en las cabeceras de cuencas y glaciares, as\u00ed como el uso de mercurio y cianuro usados en las operaciones mineras, particularmente en la extracci\u00f3n de oro.<\/p>\n<p>\u201cEl Estado debe garantizar el acceso al agua potable a todos sus ciudadanos\u201d, dijo Arana.<\/p>\n<p>En Lima se llev\u00f3 a cabo una masiva manifestaci\u00f3n de apoyo a la movilizaci\u00f3n. Aunque la mayor\u00eda de medios de comunicaci\u00f3n as\u00ed como voceros gubernamentales satanizaron o ignoraron la marcha, lo cierto es que la movilizaci\u00f3n \u201cha colocado en la agenda de discusi\u00f3n el tema del agua, que es importante para cualquier estrategia de desarrollo sostenible\u201d, dijo Jos\u00e9 de Echave, integrante de la organizaci\u00f3n no gubernamental CooperAcci\u00f3n, que monitorea la industria minera.<\/p>\n<p>Por su parte, el presidente del Gobierno Regional de Cajamarca, Gregorio Santos, manifest\u00f3 que la marcha \u201cha logrado el objetivo que se traz\u00f3, de sensibilizar a la opini\u00f3n p\u00fablica nacional sobre la importancia de proteger las fuentes acu\u00edferas de la depredaci\u00f3n de la actividad minera\u201d.<\/p>\n<p>Santos se refer\u00eda espec\u00edficamente al proyecto Conga, un emprendimiento de US$4.8 millardos para extraer oro y cobre que se encuentran debajo de cuatro lagunas ubicadas en la parte sureste de Cajamarca y que desarrollar\u00e1 Minera Yanacocha, de propiedad de la empresa estadunidense Newmont Mining, la peruana Buenaventura y la Corporaci\u00f3n Financiera Internacional (IFC), afiliada al Banco Mundial.<\/p>\n<p>La poblaci\u00f3n de Cajamarca se ha opuesto tenazmente al proyecto ubicado en una cabecera de cuenca y que pretende trasvasar las aguas de las lagunas a reservorios artificiales. Una revisi\u00f3n realizada en noviembre pasado por el Ministerio del Ambiente al estudio de impacto ambiental (EIA) de Conga encontr\u00f3 graves vac\u00edos, incluyendo la inexistencia de un estudio hidrogeol\u00f3gico, indispensable para entender el funcionamiento de las lagunas, y no haber valorizado los servicios ambientales que prestan esos ecosistemas. Las masivas protestas contra Conga en Cajamarca y la defensa cerrada del presidente Ollanta Humana al proyecto \u2014contraria a su posici\u00f3n durante su campa\u00f1a preelectoral cuando pon\u00eda en primer lugar la defensa del agua\u2014 desencadenaron la ca\u00edda del gabinete a principios de diciembre.<\/p>\n<p>El proyecto -que actualmente se encuentra paralizado hasta que tres peritos extranjeros contratados por el Estado identifiquen y propongan medidas que permitan mejorar las acciones ambientales planteadas en el EIA- \u201cpasar\u00e1 a la historia como el primer caso de un conflicto minero que, en el Per\u00fa y Am\u00e9rica Latina, se trajo abajo todo un gabinete y signific\u00f3 el giro en la orientaci\u00f3n pol\u00edtica del gobierno\u201d, precis\u00f3 De Echave.<\/p>\n<p>&nbsp;<\/p>\n<p>(<em>Noticias Aliadas: 22.02.2012<\/em>)<\/p>\n","protected":false},"excerpt":{"rendered":"Centenares de personas marcharon desde Cajarmaca a Lima, unos 800 kil\u00f3metros para reclamarle al Gobierno nacional que declare el agua como derecho humano.\n<a class=\"moretag\" href=\"https:\/\/ctainternacionales.org\/?p=846\"> [...]<\/a>","protected":false},"author":1,"featured_media":0,"comment_status":"closed","ping_status":"closed","sticky":false,"template":"","format":"standard","meta":{"ngg_post_thumbnail":0,"footnotes":""},"categories":[],"tags":[],"class_list":["post-846","post","type-post","status-publish","format-standard","hentry"],"_links":{"self":[{"href":"https:\/\/ctainternacionales.org\/index.php?rest_route=\/wp\/v2\/posts\/846","targetHints":{"allow":["GET"]}}],"collection":[{"href":"https:\/\/ctainternacionales.org\/index.php?rest_route=\/wp\/v2\/posts"}],"about":[{"href":"https:\/\/ctainternacionales.org\/index.php?rest_route=\/wp\/v2\/types\/post"}],"author":[{"embeddable":true,"href":"https:\/\/ctainternacionales.org\/index.php?rest_route=\/wp\/v2\/users\/1"}],"replies":[{"embeddable":true,"href":"https:\/\/ctainternacionales.org\/index.php?rest_route=%2Fwp%2Fv2%2Fcomments&post=846"}],"version-history":[{"count":5,"href":"https:\/\/ctainternacionales.org\/index.php?rest_route=\/wp\/v2\/posts\/846\/revisions"}],"predecessor-version":[{"id":849,"href":"https:\/\/ctainternacionales.org\/index.php?rest_route=\/wp\/v2\/posts\/846\/revisions\/849"}],"wp:attachment":[{"href":"https:\/\/ctainternacionales.org\/index.php?rest_route=%2Fwp%2Fv2%2Fmedia&parent=846"}],"wp:term":[{"taxonomy":"category","embeddable":true,"href":"https:\/\/ctainternacionales.org\/index.php?rest_route=%2Fwp%2Fv2%2Fcategories&post=846"},{"taxonomy":"post_tag","embeddable":true,"href":"https:\/\/ctainternacionales.org\/index.php?rest_route=%2Fwp%2Fv2%2Ftags&post=846"}],"curies":[{"name":"wp","href":"https:\/\/api.w.org\/{rel}","templated":true}]}}