{"id":835,"date":"2012-02-22T17:45:30","date_gmt":"2012-02-22T17:45:30","guid":{"rendered":"http:\/\/www.ctainternacionales.org\/?p=835"},"modified":"2012-03-02T18:31:58","modified_gmt":"2012-03-02T18:31:58","slug":"por-que-actuar-en-cambio-climatico","status":"publish","type":"post","link":"https:\/\/ctainternacionales.org\/?p=835","title":{"rendered":"\u00bfPor qu\u00e9 actuar en Cambio Clim\u00e1tico?"},"content":{"rendered":"<p>&nbsp;<\/p>\n<p style=\"text-align: left;\" lang=\"es-MX\" align=\"JUSTIFY\"><a href=\"http:\/\/www.ctainternacionales.org\/wp-content\/uploads\/2012\/02\/cambioclimatico.jpg\"><img loading=\"lazy\" decoding=\"async\" class=\"alignnone size-thumbnail wp-image-836\" title=\"cambioclimatico\" src=\"http:\/\/www.ctainternacionales.org\/wp-content\/uploads\/2012\/02\/cambioclimatico-307x220.jpg\" alt=\"\" width=\"307\" height=\"220\" \/><\/a><\/p>\n<p style=\"text-align: left;\" lang=\"es-MX\" align=\"JUSTIFY\">En este Informe de Coyuntura N\u00ba 4 \u00ab\u00bfPor qu\u00e9 actuar en Cambio Clim\u00e1tico?\u00bb, el responsable de la tem\u00e1tica en la Secretar\u00eda de Relaciones Internacionales de la CTA, Joaqu\u00edn Turco, hace un recuento de la participaci\u00f3n de esta central obrera en acciones, la falta de avances sustanciales y la indiferencia de los pa\u00edses poderosos.<!--more--><\/p>\n<p style=\"text-align: left;\" lang=\"es-MX\" align=\"JUSTIFY\"><em><strong><a href=\"http:\/\/www.ctainternacionales.org\/wp-content\/uploads\/2012\/02\/cambioclimatico1.jpg\"><img loading=\"lazy\" decoding=\"async\" class=\"alignnone size-full wp-image-837\" title=\"cambioclimatico\" src=\"http:\/\/www.ctainternacionales.org\/wp-content\/uploads\/2012\/02\/cambioclimatico1.jpg\" alt=\"\" width=\"415\" height=\"298\" \/><\/a>En este Informe de Coyuntura N\u00ba 4 \u00ab\u00bfPor qu\u00e9 actuar en Cambio Clim\u00e1tico?\u00bb, el responsable de la tem\u00e1tica en la Secretar\u00eda de Relaciones Internacionales de la CTA, Joaqu\u00edn Turco, hace un recuento de la participaci\u00f3n de esta central obrera en acciones, la falta de avances sustanciales y la indiferencia de los pa\u00edses poderosos.\u00a0<\/strong><\/em><\/p>\n<p style=\"text-align: left;\" align=\"JUSTIFY\">\u00abEl actual modelo de desarrollo est\u00e1 agotado. Es socialmente injusto y medioambientalmente insostenible, ya que excluye a grandes porciones de la poblaci\u00f3n mundial, viola los derechos laborales y es devastador en t\u00e9rminos ambientales\u00bb, explica Turco.<\/p>\n<p style=\"text-align: left;\" lang=\"es-ES\" align=\"JUSTIFY\">Y agrega: \u00abLa problem\u00e1tica del cambio clim\u00e1tico es global y como tal, no puede ser resuelto en forma aislada o unilateralmente. Debe existir articulaci\u00f3n entre las medidas pol\u00edticas conforme a la responsabilidad que a cada uno le cabe\u00bb.<\/p>\n<h2 style=\"text-align: center;\" lang=\"es-ES\" align=\"JUSTIFY\"><a href=\"http:\/\/www.ctainternacionales.org\/wp-content\/uploads\/2012\/02\/Por-qu\u00e9-actuar-en-Cambio-Clim\u00e1tico1.pdf\">Informe de Coyuntura N\u00ba 4<\/a><\/h2>\n<p>&nbsp;<\/p>\n","protected":false},"excerpt":{"rendered":"&nbsp; En este Informe de Coyuntura N\u00ba 4 \u00ab\u00bfPor qu\u00e9 actuar en Cambio Clim\u00e1tico?\u00bb, el responsable de la tem\u00e1tica en la Secretar\u00eda de \n<a class=\"moretag\" href=\"https:\/\/ctainternacionales.org\/?p=835\"> [...]<\/a>","protected":false},"author":1,"featured_media":0,"comment_status":"closed","ping_status":"closed","sticky":false,"template":"","format":"standard","meta":{"ngg_post_thumbnail":0,"footnotes":""},"categories":[],"tags":[],"class_list":["post-835","post","type-post","status-publish","format-standard","hentry"],"_links":{"self":[{"href":"https:\/\/ctainternacionales.org\/index.php?rest_route=\/wp\/v2\/posts\/835","targetHints":{"allow":["GET"]}}],"collection":[{"href":"https:\/\/ctainternacionales.org\/index.php?rest_route=\/wp\/v2\/posts"}],"about":[{"href":"https:\/\/ctainternacionales.org\/index.php?rest_route=\/wp\/v2\/types\/post"}],"author":[{"embeddable":true,"href":"https:\/\/ctainternacionales.org\/index.php?rest_route=\/wp\/v2\/users\/1"}],"replies":[{"embeddable":true,"href":"https:\/\/ctainternacionales.org\/index.php?rest_route=%2Fwp%2Fv2%2Fcomments&post=835"}],"version-history":[{"count":5,"href":"https:\/\/ctainternacionales.org\/index.php?rest_route=\/wp\/v2\/posts\/835\/revisions"}],"predecessor-version":[{"id":879,"href":"https:\/\/ctainternacionales.org\/index.php?rest_route=\/wp\/v2\/posts\/835\/revisions\/879"}],"wp:attachment":[{"href":"https:\/\/ctainternacionales.org\/index.php?rest_route=%2Fwp%2Fv2%2Fmedia&parent=835"}],"wp:term":[{"taxonomy":"category","embeddable":true,"href":"https:\/\/ctainternacionales.org\/index.php?rest_route=%2Fwp%2Fv2%2Fcategories&post=835"},{"taxonomy":"post_tag","embeddable":true,"href":"https:\/\/ctainternacionales.org\/index.php?rest_route=%2Fwp%2Fv2%2Ftags&post=835"}],"curies":[{"name":"wp","href":"https:\/\/api.w.org\/{rel}","templated":true}]}}