{"id":832,"date":"2012-02-17T20:14:23","date_gmt":"2012-02-17T20:14:23","guid":{"rendered":"http:\/\/www.ctainternacionales.org\/?p=832"},"modified":"2012-03-08T15:26:34","modified_gmt":"2012-03-08T15:26:34","slug":"negligencia-criminal","status":"publish","type":"post","link":"https:\/\/ctainternacionales.org\/?p=832","title":{"rendered":"Negligencia criminal"},"content":{"rendered":"<p>La cifra de muertos por el incendio en la c\u00e1rcel de Comayagua, en la regi\u00f3n central de Honduras, aument\u00f3 hoy a 356. Organizaciones sociales denuncian intencionalidad por parte de las autoridades.<!--more--><\/p>\n<p><em><strong>La cifra de muertos por el incendio en la c\u00e1rcel de Comayagua, en la regi\u00f3n central de Honduras, aument\u00f3 hoy a 356. Organizaciones sociales denuncian intencionalidad por parte de las autoridades.<\/strong><\/em><\/p>\n<p>Ante la tragedia las organizaciones sociales de Honduras, enmarcadas en el Frente Nacional de Resistencia Popular (FNRP) y el Partido Libertad y Refundaci\u00f3n (PLR), expresaron su lamento ante \u201cesta gran tragedia humana\u201d que ocurri\u00f3 el 14 de febrero en el Centro Penal de Comayagua, cuando un incendio se cobr\u00f3 la vida de 356 presos, ese d\u00eda hab\u00eda en su interior 852 personas, m\u00e1s del doble de la capacidad del penal<\/p>\n<p>\u201cEste terrible hecho -aseveraron el FNRP y PLR en un comunicado de prensa-, no debe ser considerado como un accidente, pues los factores que lo produjeron \u2013la criminalizaci\u00f3n de los pobres, la sobre poblaci\u00f3n penitenciaria, un insuficiente presupuesto para atender las c\u00e1rceles, el desinter\u00e9s por resolver la mora judicial-, son vistos como normales y en algunos casos acciones deliberadas de quienes actualmente administran el Estado\u201d.<\/p>\n<p>Aportaron que \u201ces la tercera vez en gobiernos del Partido Nacional que una c\u00e1rcel hondure\u00f1a se incendia\u201d con \u201cgran cantidad de muertos\u201d y sin resolver las responsabilidades.<\/p>\n<p>Estas organizaciones -emblemas en la resistencia al golpe de Estado contra Mauel Zelaya en 2009- acusaron de \u201cnegligencia criminal\u201d al Ministerio de Seguridad, las autoridades penitenciarias y los responsables de la Granja Penal de Comayagua, por su \u201cdesprecio total de este r\u00e9gimen por la vida humana\u201d.<\/p>\n<p>Asimismo rechazaron los argumentos del gobierno de Porfirio Lobo que busca \u201cculpar a la propia poblaci\u00f3n penitenciaria por los fat\u00eddicos hechos, en vista de que est\u00e1 claramente demostrado y documentado por diversos medios audiovisuales y testimonios de testigos oculares, que en una actitud genocida, se mantuvieron cerradas las celdas, se neg\u00f3 cualquier auxilio a las personas que mor\u00edan calcinadas o intoxicadas y se lleg\u00f3 a disparar con armas de fuego contra quienes intentaban salir de las llamas\u201d.<\/p>\n<p>&nbsp;<\/p>\n<p>(<em>17.02.2012<\/em>)<\/p>\n","protected":false},"excerpt":{"rendered":"La cifra de muertos por el incendio en la c\u00e1rcel de Comayagua, en la regi\u00f3n central de Honduras, aument\u00f3 hoy a 356. Organizaciones \n<a class=\"moretag\" href=\"https:\/\/ctainternacionales.org\/?p=832\"> [...]<\/a>","protected":false},"author":1,"featured_media":0,"comment_status":"closed","ping_status":"closed","sticky":false,"template":"","format":"standard","meta":{"ngg_post_thumbnail":0,"footnotes":""},"categories":[],"tags":[],"class_list":["post-832","post","type-post","status-publish","format-standard","hentry"],"_links":{"self":[{"href":"https:\/\/ctainternacionales.org\/index.php?rest_route=\/wp\/v2\/posts\/832","targetHints":{"allow":["GET"]}}],"collection":[{"href":"https:\/\/ctainternacionales.org\/index.php?rest_route=\/wp\/v2\/posts"}],"about":[{"href":"https:\/\/ctainternacionales.org\/index.php?rest_route=\/wp\/v2\/types\/post"}],"author":[{"embeddable":true,"href":"https:\/\/ctainternacionales.org\/index.php?rest_route=\/wp\/v2\/users\/1"}],"replies":[{"embeddable":true,"href":"https:\/\/ctainternacionales.org\/index.php?rest_route=%2Fwp%2Fv2%2Fcomments&post=832"}],"version-history":[{"count":2,"href":"https:\/\/ctainternacionales.org\/index.php?rest_route=\/wp\/v2\/posts\/832\/revisions"}],"predecessor-version":[{"id":893,"href":"https:\/\/ctainternacionales.org\/index.php?rest_route=\/wp\/v2\/posts\/832\/revisions\/893"}],"wp:attachment":[{"href":"https:\/\/ctainternacionales.org\/index.php?rest_route=%2Fwp%2Fv2%2Fmedia&parent=832"}],"wp:term":[{"taxonomy":"category","embeddable":true,"href":"https:\/\/ctainternacionales.org\/index.php?rest_route=%2Fwp%2Fv2%2Fcategories&post=832"},{"taxonomy":"post_tag","embeddable":true,"href":"https:\/\/ctainternacionales.org\/index.php?rest_route=%2Fwp%2Fv2%2Ftags&post=832"}],"curies":[{"name":"wp","href":"https:\/\/api.w.org\/{rel}","templated":true}]}}