{"id":826,"date":"2012-02-16T15:28:22","date_gmt":"2012-02-16T15:28:22","guid":{"rendered":"http:\/\/www.ctainternacionales.org\/?p=826"},"modified":"2012-02-28T18:17:56","modified_gmt":"2012-02-28T18:17:56","slug":"mas-de-10-mil-personas-exigieron-la-derogacion-de-la-ley-antiterrorista","status":"publish","type":"post","link":"https:\/\/ctainternacionales.org\/?p=826","title":{"rendered":"M\u00e1s de 10 mil personas exigieron la derogaci\u00f3n de la Ley Antiterrorista"},"content":{"rendered":"<p><a href=\"http:\/\/www.ctainternacionales.org\/wp-content\/uploads\/2012\/02\/20120215leyantiterrorista01-31ce9.jpg\"><img loading=\"lazy\" decoding=\"async\" class=\"alignnone size-thumbnail wp-image-827\" title=\"20120215leyantiterrorista01-31ce9\" src=\"http:\/\/www.ctainternacionales.org\/wp-content\/uploads\/2012\/02\/20120215leyantiterrorista01-31ce9-307x230.jpg\" alt=\"\" width=\"307\" height=\"230\" \/><\/a>Organizaciones sociales, pol\u00edticas, gremiales y de Derechos Humanos se concentraron en la tarde de ayer en Avenida de Mayo y Nueve de Julio y marcharon al Congreso Nacional para exigir la derogaci\u00f3n de la Ley Antiterrorista que ya est\u00e1 siendo aplicada en el pa\u00eds.<!--more--><\/p>\n<p><em><strong><a href=\"http:\/\/www.ctainternacionales.org\/wp-content\/uploads\/2012\/02\/20120215leyantiterrorista01-31ce91.jpg\"><img loading=\"lazy\" decoding=\"async\" class=\"alignnone size-medium wp-image-828\" title=\"20120215leyantiterrorista01-31ce9\" src=\"http:\/\/www.ctainternacionales.org\/wp-content\/uploads\/2012\/02\/20120215leyantiterrorista01-31ce91-465x349.jpg\" alt=\"\" width=\"465\" height=\"349\" \/><\/a>Organizaciones sociales, pol\u00edticas, gremiales y de Derechos Humanos se concentraron en la tarde de ayer en Avenida de Mayo y Nueve de Julio y marcharon al Congreso Nacional para exigir la derogaci\u00f3n de la Ley Antiterrorista que ya est\u00e1 siendo aplicada en el pa\u00eds. M\u00e1s de 10 mil personas unieron sus pasos con la firme decisi\u00f3n de no parar hasta conseguir la anulaci\u00f3n de la represiva legislaci\u00f3n. Las movilizaciones tambi\u00e9n se sintieron potentes en el resto de las provincias.<\/strong><\/em><\/p>\n<p>Los 38 grados de sensaci\u00f3n t\u00e9rmica no acobardaron a las 10 mil personas que en la tarde de ayer se concentraron en Avenida de Mayo y Nueve Julio para marchar al Congreso Nacional donde leyeron un documento consensuado por el amplio arco de organizaciones pol\u00edticas, sociales y de Derechos Humanos que participaron de la movilizaci\u00f3n.<\/p>\n<p>Encabezada por la CTA, la extensa columna humana march\u00f3 al ritmo de los tambores para exigir la inmediata anulaci\u00f3n de esta legislaci\u00f3n antipopular. \u201cEsta es una ley que parte de un acuerdo con Estados Unidos y el GAFI para dar un salto cuantitativo en la judicializaci\u00f3n de la protesta, vamos a la duplicaci\u00f3n de penas en cualquier protesta que se realice: la violaci\u00f3n a una conciliaci\u00f3n obligatoria puede ser encuadrada por esta ley o un corte de ruta o cualquier acci\u00f3n que se emprenda para llevar adelante un reclamo\u201d, dijo Amancay Ardura, dirigente de la Corriente Clasista y Combativa (CCC). \u00abEsta es una jornada en todo el pa\u00eds, y en las provincias vamos a los juzgados federales a pedirle a los jueces, de buena manera, que no la apliquen\u00bb, agreg\u00f3 Ardura.<\/p>\n<p>Mientras caminaba junto a sus compa\u00f1eros por las calles porte\u00f1as, Julio Fuentes, secretario general de ATE Nacional afirm\u00f3: \u201cEs fundamental no s\u00f3lo reclamar por la derogaci\u00f3n de la ley sino tambi\u00e9n por la reforma del C\u00f3digo Penal Argentino en lo que hace a la coacci\u00f3n agravada que fue introducido por la dictadura de Ongan\u00eda y que permiti\u00f3 durante toda la d\u00e8cada del \u201990 encarcelar y procesar a miles de dirigentes sociales a lo largo y ancho de nuestro pa\u00eds\u201d.<\/p>\n<p>Nora Corti\u00f1as, Elia Espen y Mirta Baravalle, integrantes de Madres de Plaza de Mayo L\u00ednea Fundadora, marcharon tambi\u00e9n acompa\u00f1ando el pedido y la denuncia. A su lado, Ricardo Peidro, secretario general adjunto de la CTA dijo que la promulgaci\u00f3n de la Ley es \u00abun intento de disciplinar a nuestro pueblo y darle m\u00e1s herramientas al poder para poder reprimir a nuestros compa\u00f1eros y compa\u00f1eras. Por eso creemos que la unidad de todos los sectores es necesaria. M\u00e1s all\u00e1 de las diferencias circunstanciales es la que nos va a permitir conseguir la derogaci\u00f3n\u00bb.<\/p>\n<p>\u00abHoy tenemos 4.800 procesados en todo el pa\u00eds y cada vez hay m\u00e1s. Con esta ley, que duplica la pena, estos mismos compa\u00f1eros procesados deber\u00edan comerse dos a\u00f1os de cana para reci\u00e9n despu\u00e9s ser sobrese\u00eddos. Esto es parte de la gravedad de esta ley\u00bb, dijo el diputado nacional por la Unidad Popular y fundador de la CTA, V\u00edctor de Gennaro.<\/p>\n<p>A pasos de llegar al Congreso y leer el documento conjunto, Hugo Blasco, secretario de derechos humanos de la CTA hizo hincapi\u00e9 en el amplio arco de organizaciones participantes: \u00abHoy hay aqu\u00ed una diversidad muy grande del espectro social, pol\u00edtico, estudiantil y sindical porque esta es una ley que agrede por igual a todos los trabajadores y al pueblo argentino en general y se necesita esa unidad para derogar esta ley represiva. Adem\u00e1s ya se est\u00e1 aplicando con arrestos por horas, represi\u00f3n parapolicial y paraestatal, con amenazas expl\u00edcitas del poder de aplicarla para aterrorizar a los sectores sociales e intentar romper los lazos de solidaridad en nuestro pueblo\u00bb.<\/p>\n<p>En una pausa entre las entrevistas a los medios nacionales presentes, Pablo Micheli, secretario general de la CTA volvi\u00f3 a explicar las razones de la marcha: \u00abEs una muestra de que este gobierno est\u00e1 dispuesto a aplacar las protestas de forma violenta y eso es muy grave despu\u00e9s de todo lo que hemos pasado los argentinos. No queremos que bajo ning\u00fan punto de vista los problemas se resuelvan violentamente. La Presidenta es contradictoria porque por ejemplo quiere resolver pac\u00edficamente el tema Malvinas y luego caga a palos a los soldados. Todo demuestra que hay un discurso para adentro y otro para afuera\u00bb.<\/p>\n<p>Al llegar al Congreso, Hugo Blasco ley\u00f3 el documento conjunto consensuado por todas las organizaciones participantes en el que se explic\u00f3 claramente y sin rodeos los alcances de la Ley y la necesidad de derogarla. Luego de la lectura, los hombres y mujeres que marcharon pac\u00edficamente se fueron yendo con el sol de la tarde, convencidos de que la victoria se consigue con organizaci\u00f3n y lucha.<\/p>\n<p>&nbsp;<\/p>\n<p>(<em>In\u00e9s Hayes, Agencia ACTA: 15.02.2012<\/em>)<\/p>\n<p>&nbsp;<\/p>\n","protected":false},"excerpt":{"rendered":"Organizaciones sociales, pol\u00edticas, gremiales y de Derechos Humanos se concentraron en la tarde de ayer en Avenida de Mayo y Nueve de Julio \n<a class=\"moretag\" href=\"https:\/\/ctainternacionales.org\/?p=826\"> [...]<\/a>","protected":false},"author":1,"featured_media":0,"comment_status":"closed","ping_status":"closed","sticky":false,"template":"","format":"standard","meta":{"ngg_post_thumbnail":0,"footnotes":""},"categories":[],"tags":[],"class_list":["post-826","post","type-post","status-publish","format-standard","hentry"],"_links":{"self":[{"href":"https:\/\/ctainternacionales.org\/index.php?rest_route=\/wp\/v2\/posts\/826","targetHints":{"allow":["GET"]}}],"collection":[{"href":"https:\/\/ctainternacionales.org\/index.php?rest_route=\/wp\/v2\/posts"}],"about":[{"href":"https:\/\/ctainternacionales.org\/index.php?rest_route=\/wp\/v2\/types\/post"}],"author":[{"embeddable":true,"href":"https:\/\/ctainternacionales.org\/index.php?rest_route=\/wp\/v2\/users\/1"}],"replies":[{"embeddable":true,"href":"https:\/\/ctainternacionales.org\/index.php?rest_route=%2Fwp%2Fv2%2Fcomments&post=826"}],"version-history":[{"count":3,"href":"https:\/\/ctainternacionales.org\/index.php?rest_route=\/wp\/v2\/posts\/826\/revisions"}],"predecessor-version":[{"id":868,"href":"https:\/\/ctainternacionales.org\/index.php?rest_route=\/wp\/v2\/posts\/826\/revisions\/868"}],"wp:attachment":[{"href":"https:\/\/ctainternacionales.org\/index.php?rest_route=%2Fwp%2Fv2%2Fmedia&parent=826"}],"wp:term":[{"taxonomy":"category","embeddable":true,"href":"https:\/\/ctainternacionales.org\/index.php?rest_route=%2Fwp%2Fv2%2Fcategories&post=826"},{"taxonomy":"post_tag","embeddable":true,"href":"https:\/\/ctainternacionales.org\/index.php?rest_route=%2Fwp%2Fv2%2Ftags&post=826"}],"curies":[{"name":"wp","href":"https:\/\/api.w.org\/{rel}","templated":true}]}}