{"id":818,"date":"2012-02-14T18:17:53","date_gmt":"2012-02-14T18:17:53","guid":{"rendered":"http:\/\/www.ctainternacionales.org\/?p=818"},"modified":"2012-02-29T16:55:26","modified_gmt":"2012-02-29T16:55:26","slug":"griegos","status":"publish","type":"post","link":"https:\/\/ctainternacionales.org\/?p=818","title":{"rendered":"Griegos"},"content":{"rendered":"<p>Las manifestaciones del domingo 13 de febrero en Grecia han marcado un vuelco en la protesta social. Entre 100.000 y 200.000 personas se manifestaron en las calles.<!--more--><\/p>\n<p><em><strong>Las manifestaciones del domingo 13 de febrero en Grecia han marcado un vuelco en la protesta social. Entre 100.000 y 200.000 personas se manifestaron en las calles. Esta radicalizaci\u00f3n muestra la creciente brecha existente entre la poblaci\u00f3n y los gobernantes que han aprobado el nuevo plan de austeridad.<\/strong><\/em><\/p>\n<p>Mar\u00eda, de 34 a\u00f1os, est\u00e1 desenga\u00f1ada. Sentada en la vereda, espera el voto de los parlamentarios. \u201cEllos ni siquiera vienen a vernos, y eso que somos miles los que los esperamos. Algo no est\u00e1 funcionando en esta democracia\u201d, suspira esta estudiante de psicolog\u00eda. Dimitra, de 35 a\u00f1os, es empleada municipal. Ambas tienen opiniones radicalmente diferentes de la situaci\u00f3n: Mar\u00eda conf\u00eda en el sistema judicial y en las instituciones para que Grecia se ponga en pie. Dimitra piensa que solo la calle puede revertir la corriente. Mar\u00eda va a regresar a Creta porque aqu\u00ed no hay trabajo \u201cYo tengo trabajo soy funcionaria. Me pagan cada quince d\u00edas y mi \u00faltimo recibo es de 80 euros. \u00bfPara qu\u00e9 trabajar?\u201d, se pregunta por su parte Dimitra, que sue\u00f1a con irse a Noruega adonde ya ha emigrado su compa\u00f1ero.<\/p>\n<p>La manifestaci\u00f3n organizada el domingo 12 de febrero en la capital ha marcado un giro en la protesta social griega. Primero por la cantidad de participantes, calculada en 200.000 personas seg\u00fan los organizadores (199.000 seg\u00fan la polic\u00eda). Y adem\u00e1s por su intensidad. Nunca los contestatarios parecieron estar tan determinados.<\/p>\n<p>Durante horas, las fuerzas del orden los rociaron con gases lacrim\u00f3genos y gases irritantes. Los manifestantes retroced\u00edan para respirar aire fresco y volv\u00edan enseguida al Parlamento para gritar su c\u00f3lera. Las personas mayores y los ni\u00f1os ten\u00edan miedo de las granadas ensordecedoras que no dejaban de explotar, pero no se iban de la plaza Syntagma. Un fen\u00f3meno nuevo.<\/p>\n<p>Los que buscaban enfrentar a las fuerzas del orden utilizaban pistolas lanzallamas y bombas incendiarias caseras, hasta ahora solo hab\u00edan usado piedras, pedazos de m\u00e1rmol y c\u00f3cteles molotov. Pero lo m\u00e1s sorprendente \u2013tal vez lo m\u00e1s inquietante\u2013 es que cuando no ten\u00edan fuego para encender las mechas les ped\u00edan a los dem\u00e1s manifestantes sus mecheros para encenderlos.<\/p>\n<p>Esta violencia la produjeron unos cuantos miles de personas. (de 2.000 a 3.000, seg\u00fan las estimaciones). Su n\u00famero no hab\u00eda superado nunca algunos centenares de personas si se except\u00faan las tres semanas de violencia urbana de 2008.<\/p>\n<p>Esta radicalizaci\u00f3n es el reflejo del creciente endurecimiento de las exigencias de los pa\u00edses de la zona euro y del FMI, percibido en el pa\u00eds como un \u201cdiktat\u201d o a\u00fan peor como un \u201cchantaje\u201d. No comprendo qu\u00e9 quieren, dice con una voz cansada Vangelis, de 40 a\u00f1os, profesor de matem\u00e1ticas, una afirmaci\u00f3n ampliamente compartida. El esl\u00f3gan \u201cNo seremos vuestros esclavos\u201d se encuentra tambi\u00e9n reiteradamente escrito en las paredes de la capital.<\/p>\n<p>\u201cSi quisieran ayudarnos realmente a enderezar el pa\u00eds, pondr\u00edan en marcha un Plan Marshall, afirma Vangelis. Seg\u00fan \u00e9l lo que les interesa a los acreedores del pa\u00eds es reembolsar a los bancos\u00bb.<\/p>\n<p>El Parlamento voto por una mayor\u00eda aplastante el memor\u00e1ndum. Pero 43 diputados fueron excluidos de sus partidos tanto de derecha como de izquierda por no haber respetado la consigna de votar por el s\u00ed. Entre ello Odysseas Boudouris, diputado socialista y estrella en ascenso de la escena pol\u00edtica. Luego de haber votado \u201cs\u00ed\u201d los dos precedentes programas de ajuste dio marcha atr\u00e1s, si bien est\u00e1 convencido de que son indispensables algunas medidas de austeridad. Pero no as\u00ed, yo no puedo votar una baja del SMIC (Salario M\u00ednimo Interprofesional de Crecimiento) en el sector privado, porque eso no tiene nada que ver con la apuesta sobre nuestra deuda que tiene que ver con el d\u00e9ficit del sector p\u00fablico, explica.<\/p>\n<p>Para este reformador que ha colaborado con el ex ministro Georges Papandreum existe un problema m\u00e1s grave a\u00fan \u201cla naci\u00f3n griega se halla representada en una negociaci\u00f3n internacional por un gobierno que no tiene el respeto de sus socios ni el respeto o el apoyo de los ciudadanos griegos. En estas condiciones ning\u00fan acuerdo provechoso puede llevarse a cabo ni ser aplicado por un gobierno que ya no tiene autoridad moral ni pol\u00edtica. Simplemente no es posible gobernar solo con el diario oficial y la polic\u00eda\u00bb, afirma.<\/p>\n<p>La votaci\u00f3n de este plan de austeridad dar\u00e1 seguridad a los acreedores de Grecia, pero no resolver\u00e1 el problema de su aplicaci\u00f3n. Las elecciones legislativas anticipadas se han anunciado para el pr\u00f3ximo mes de abril, la cuesti\u00f3n es saber qu\u00e9 va a pasar con el Pasok (Partido socialista) que hasta ahora gobernaba el pa\u00eds.<\/p>\n<p>Los enfrentamientos de este fin de semana han tenido lugar en todo el pa\u00eds y les va a ser extremadamente dif\u00edcil a los diputados que votaron por el \u201cs\u00ed\u201d regresar a las calles de su distrito. Muchos de ellos se han encontrado sentados en caf\u00e9s, garabateados con yogur. Recientemente el ministro del ambiente tuvo que salir del hotel por una puerta de servicio para huir de los manifestantes.<\/p>\n<p>Los griegos ya no tienen confianza en su clase pol\u00edtica, existe el riesgo de una \u201chuelga de celo\u201d de los funcionarios. Un signo que lo demuestra, es que la pr\u00f3xima fiesta nacional (Grecia tiene dos) del 25 de marzo se har\u00e1 sin el tradicional desfile y solo con invitaci\u00f3n. El \u00faltimo 28 de octubre todos los oficiales fueron obligados a dejar los palcos, protegidos por la polic\u00eda bajo los abucheos y los insultos de los griegos iracundos que no quer\u00edan verlos en ese d\u00eda del orgullo nacional.<\/p>\n<p>&nbsp;<\/p>\n<p>(<em>La Croix: 14.02.2012<\/em>)<\/p>\n","protected":false},"excerpt":{"rendered":"Las manifestaciones del domingo 13 de febrero en Grecia han marcado un vuelco en la protesta social. Entre 100.000 y 200.000 personas se \n<a class=\"moretag\" href=\"https:\/\/ctainternacionales.org\/?p=818\"> [...]<\/a>","protected":false},"author":1,"featured_media":0,"comment_status":"closed","ping_status":"closed","sticky":false,"template":"","format":"standard","meta":{"ngg_post_thumbnail":0,"footnotes":""},"categories":[],"tags":[],"class_list":["post-818","post","type-post","status-publish","format-standard","hentry"],"_links":{"self":[{"href":"https:\/\/ctainternacionales.org\/index.php?rest_route=\/wp\/v2\/posts\/818","targetHints":{"allow":["GET"]}}],"collection":[{"href":"https:\/\/ctainternacionales.org\/index.php?rest_route=\/wp\/v2\/posts"}],"about":[{"href":"https:\/\/ctainternacionales.org\/index.php?rest_route=\/wp\/v2\/types\/post"}],"author":[{"embeddable":true,"href":"https:\/\/ctainternacionales.org\/index.php?rest_route=\/wp\/v2\/users\/1"}],"replies":[{"embeddable":true,"href":"https:\/\/ctainternacionales.org\/index.php?rest_route=%2Fwp%2Fv2%2Fcomments&post=818"}],"version-history":[{"count":3,"href":"https:\/\/ctainternacionales.org\/index.php?rest_route=\/wp\/v2\/posts\/818\/revisions"}],"predecessor-version":[{"id":820,"href":"https:\/\/ctainternacionales.org\/index.php?rest_route=\/wp\/v2\/posts\/818\/revisions\/820"}],"wp:attachment":[{"href":"https:\/\/ctainternacionales.org\/index.php?rest_route=%2Fwp%2Fv2%2Fmedia&parent=818"}],"wp:term":[{"taxonomy":"category","embeddable":true,"href":"https:\/\/ctainternacionales.org\/index.php?rest_route=%2Fwp%2Fv2%2Fcategories&post=818"},{"taxonomy":"post_tag","embeddable":true,"href":"https:\/\/ctainternacionales.org\/index.php?rest_route=%2Fwp%2Fv2%2Ftags&post=818"}],"curies":[{"name":"wp","href":"https:\/\/api.w.org\/{rel}","templated":true}]}}