{"id":801,"date":"2012-02-10T22:17:51","date_gmt":"2012-02-10T22:17:51","guid":{"rendered":"http:\/\/www.ctainternacionales.org\/?p=801"},"modified":"2012-02-22T18:08:28","modified_gmt":"2012-02-22T18:08:28","slug":"pablo-y-victor","status":"publish","type":"post","link":"https:\/\/ctainternacionales.org\/?p=801","title":{"rendered":"Pablo y V\u00edctor"},"content":{"rendered":"<p>Pablo Micheli y V\u00edctor De Gennaro dieron charlas con hermanos de lucha, con organizaciones con las cuales la CTA camina el mismo sendero de pelea clasista. CIGA Y ELA. Galicia y Pa\u00eds Vasco. Historias entrelazadas. <!--more--><\/p>\n<p><em><strong>Pablo Micheli y V\u00edctor De Gennaro dieron charlas con hermanos de lucha, con organizaciones con las cuales la CTA camina el mismo sendero de pelea clasista. CIGA Y ELA. Galicia y Pa\u00eds Vasco. Historias entrelazadas.<\/strong><\/em><\/p>\n<p>El secretario general de la Central de Trabajadores de la Argentina, Pablo Micheli, visit\u00f3 Galicia y el Pa\u00eds Vasco, junto al Coordinador Nacional de la Constituyente Social y diputado nacional V\u00edctor De Gennaro, donde se reuni\u00f3 con los principales dirigentes sindicales y brind\u00f3 conferencias sobre la situaci\u00f3n econ\u00f3mica-social que atraves\u00f3 la Argentina durante la d\u00e9cada del \u201990.<\/p>\n<p>En dialog\u00f3 con ACTA Micheli explic\u00f3 que \u201cen Galicia estuvimos reunidos con la direcci\u00f3n de la Confederaci\u00f3n Intersindical Gallega (CIGA), donde analizamos la situaci\u00f3n que est\u00e1n atravesando los trabajadores gallegos, producto del ajuste que se est\u00e1 dando en toda Europa. La situaci\u00f3n es de cada vez mayor desempleo y m\u00e1s ajustes encomendados por el FMI, el Banco Central Europeo y la Comunidad Econ\u00f3mica Europea. Ajustes que los gobiernos acatan con absoluta subordinaci\u00f3n haciendo o\u00eddos sordos a los reclamos de las centrales sindicales\u201d.<\/p>\n<p>\u201cLa CIGA es la central m\u00e1s representativa de Galicia con miles de afiliados y con una gran militancia de delegados y activistas que se est\u00e1n preparando para dar pelea con medidas de acci\u00f3n mediante paros y movilizaciones en las distintas ciudades, pero tambi\u00e9n en toda Europa, ya que est\u00e1n en contacto directo con la CGTP de Portugal, con las centrales obreras vascas, las belgas, las italianas y las griegas. Es decir, se est\u00e1 organizando una resistencia muy fuerte en todos los pa\u00edses europeos que no est\u00e1 encabezada por las centrales tradicionales\u201d expres\u00f3 el secretario general de la CTA Nacional.<\/p>\n<p>Sobre la visita a Bilbao, Micheli se\u00f1al\u00f3: \u201cAll\u00ed nos reunimos con toda la Comisi\u00f3n Ejecutiva Nacional de la Euskal Sindikatua (ELA), unos 50 compa\u00f1eros venidos de toda la regi\u00f3n del Pa\u00eds Vasco (Pamplona, Navarra, San Ferm\u00edn, Vizcaya, etc.), para conocer la realidad sindical vasca y el modelo organizativo de ELA. Ellos est\u00e1n preparando una gran movilizaci\u00f3n a realizarse el 25 de febrero para enfrentar el ajuste\u201d.<\/p>\n<p>El secretario general de la CTA manifest\u00f3 que tanto en Galicia como en Bilbao brind\u00f3 conferencias sobre la situaci\u00f3n de la Argentina durante la d\u00e9cada del 90, la aplicaci\u00f3n del neoliberalismo y como la CTA, junto a otras organizaciones del campo popular, enfrent\u00f3 la crisis.<\/p>\n<p>\u201cRescato la decisi\u00f3n que tienen los espa\u00f1oles de luchar contra el ajuste y de no perder las conquistas logradas durante mucha lucha y durante muchos a\u00f1os. Tambi\u00e9n la condici\u00f3n de esta gente que no quiere perder puestos de trabajo, no quiere perder salarios y no quiere perder el est\u00e1ndar de vida que han alcanzado\u201d, finaliz\u00f3 Micheli.<\/p>\n<p>(<em>Agencia ACTA: 05.02.2012<\/em>)<\/p>\n","protected":false},"excerpt":{"rendered":"Pablo Micheli y V\u00edctor De Gennaro dieron charlas con hermanos de lucha, con organizaciones con las cuales la CTA camina el mismo sendero \n<a class=\"moretag\" href=\"https:\/\/ctainternacionales.org\/?p=801\"> [...]<\/a>","protected":false},"author":1,"featured_media":0,"comment_status":"closed","ping_status":"closed","sticky":false,"template":"","format":"standard","meta":{"ngg_post_thumbnail":0,"footnotes":""},"categories":[],"tags":[],"class_list":["post-801","post","type-post","status-publish","format-standard","hentry"],"_links":{"self":[{"href":"https:\/\/ctainternacionales.org\/index.php?rest_route=\/wp\/v2\/posts\/801","targetHints":{"allow":["GET"]}}],"collection":[{"href":"https:\/\/ctainternacionales.org\/index.php?rest_route=\/wp\/v2\/posts"}],"about":[{"href":"https:\/\/ctainternacionales.org\/index.php?rest_route=\/wp\/v2\/types\/post"}],"author":[{"embeddable":true,"href":"https:\/\/ctainternacionales.org\/index.php?rest_route=\/wp\/v2\/users\/1"}],"replies":[{"embeddable":true,"href":"https:\/\/ctainternacionales.org\/index.php?rest_route=%2Fwp%2Fv2%2Fcomments&post=801"}],"version-history":[{"count":2,"href":"https:\/\/ctainternacionales.org\/index.php?rest_route=\/wp\/v2\/posts\/801\/revisions"}],"predecessor-version":[{"id":848,"href":"https:\/\/ctainternacionales.org\/index.php?rest_route=\/wp\/v2\/posts\/801\/revisions\/848"}],"wp:attachment":[{"href":"https:\/\/ctainternacionales.org\/index.php?rest_route=%2Fwp%2Fv2%2Fmedia&parent=801"}],"wp:term":[{"taxonomy":"category","embeddable":true,"href":"https:\/\/ctainternacionales.org\/index.php?rest_route=%2Fwp%2Fv2%2Fcategories&post=801"},{"taxonomy":"post_tag","embeddable":true,"href":"https:\/\/ctainternacionales.org\/index.php?rest_route=%2Fwp%2Fv2%2Ftags&post=801"}],"curies":[{"name":"wp","href":"https:\/\/api.w.org\/{rel}","templated":true}]}}