{"id":797,"date":"2012-02-10T22:01:52","date_gmt":"2012-02-10T22:01:52","guid":{"rendered":"http:\/\/www.ctainternacionales.org\/?p=797"},"modified":"2012-02-17T20:14:56","modified_gmt":"2012-02-17T20:14:56","slug":"violencia-antisindical-2","status":"publish","type":"post","link":"https:\/\/ctainternacionales.org\/?p=797","title":{"rendered":"Violencia antisindical"},"content":{"rendered":"<p>Un informe de la organizaci\u00f3n Human Rights Watch present\u00f3 un informe en el que denuncia que 195 sindicalistas han sido asesinado desde 2007.<!--more--><\/p>\n<p><em><strong>Un informe de la organizaci\u00f3n Human Rights Watch present\u00f3 un informe en el que denuncia que 195 sindicalistas han sido asesinado desde 2007.El informe de Human Rights Watch (HRW), se\u00f1ala que se han presentado 195 homicidios desde 2007 hasta hoy. En Colombia se calcula que son ya unos 3000 asesinatos los asesinatos contra integrantes de centrales obreras.<\/strong><\/em><\/p>\n<p>Desde la Central Unitaria de Colombia (CUT) apuntan a esta situaci\u00f3n como \u201cun genocidio sindical\u201d, adem\u00e1s de que \u201cuno de los fen\u00f3menos m\u00e1s agudos son el incremento de las amenazas, s\u00f3lo en 2011 se presentaron 343 amenazas y persisten los atentados, detenciones arbitrarias, desaparecidos y torturados que ubican a Colombia en un r\u00e9cord de violaci\u00f3n diario de los derechos humanos\u201d.<\/p>\n<p>La CUT considera \u201ccomo prioritario superar la violencia antisindical y la impunidad de los cr\u00edmenes cometidos\u201d e hizo un llamado al gobierno para abrir \u201cun debate nacional e internacional sobre este tema que el a\u00f1o pasado cobr\u00f3 la vida de 29 sindicalistas y ya tres en 2012, entre ellos el asesinato de Mauricio Arredondo y su esposa, trabajador afiliado a la USO, el d\u00eda 17 de enero en Orito, Putumayo\u201d.<\/p>\n<p>La CUT exige al Estado reconocer el da\u00f1o infringido al movimiento sindical y atender el reclamo de las v\u00edctimas a una reparaci\u00f3n individual y colectiva integral que permita el reconocimiento y el pleno derecho a las libertades sindicales; as\u00ed mismo el Estado debe reconocer que ha intervenido en la violencia antisindical y como lo se\u00f1ala el informe, que \u201cel DAS tambi\u00e9n ha estado implicado en otras actividades delictivas, como amenazas de muerte, campa\u00f1as de difamaci\u00f3n contra cr\u00edticos del gobierno y colaboraci\u00f3n con paramilitares. En septiembre de 2011 Jorge Noguera Cotes, quien estuvo al frente del DAS entre 2002 y 2005, fue condenado por haber puesto a la agencia de inteligencia al servicio de grupos paramilitares, incluso para el asesinato de un profesor universitario en 2004\u201d.<\/p>\n<p>La violencia antisindical tambi\u00e9n se expresa en la destrucci\u00f3n de las organizaciones sindicales, la penalizaci\u00f3n de la protesta social, el levantamiento de los fueros sindicales, la eliminaci\u00f3n en la pr\u00e1ctica de la convenci\u00f3n colectiva, la imposici\u00f3n de los pactos colectivos, la creaci\u00f3n de los sindicatos patronales y el irrespeto a las convenciones colectivas existentes, entre otros.<\/p>\n<p>&nbsp;<\/p>\n<p>(<em>06.02.2012<\/em>)<\/p>\n","protected":false},"excerpt":{"rendered":"Un informe de la organizaci\u00f3n Human Rights Watch present\u00f3 un informe en el que denuncia que 195 sindicalistas han sido asesinado desde 2007.\n<a class=\"moretag\" href=\"https:\/\/ctainternacionales.org\/?p=797\"> [...]<\/a>","protected":false},"author":1,"featured_media":0,"comment_status":"closed","ping_status":"closed","sticky":false,"template":"","format":"standard","meta":{"ngg_post_thumbnail":0,"footnotes":""},"categories":[],"tags":[],"class_list":["post-797","post","type-post","status-publish","format-standard","hentry"],"_links":{"self":[{"href":"https:\/\/ctainternacionales.org\/index.php?rest_route=\/wp\/v2\/posts\/797","targetHints":{"allow":["GET"]}}],"collection":[{"href":"https:\/\/ctainternacionales.org\/index.php?rest_route=\/wp\/v2\/posts"}],"about":[{"href":"https:\/\/ctainternacionales.org\/index.php?rest_route=\/wp\/v2\/types\/post"}],"author":[{"embeddable":true,"href":"https:\/\/ctainternacionales.org\/index.php?rest_route=\/wp\/v2\/users\/1"}],"replies":[{"embeddable":true,"href":"https:\/\/ctainternacionales.org\/index.php?rest_route=%2Fwp%2Fv2%2Fcomments&post=797"}],"version-history":[{"count":3,"href":"https:\/\/ctainternacionales.org\/index.php?rest_route=\/wp\/v2\/posts\/797\/revisions"}],"predecessor-version":[{"id":799,"href":"https:\/\/ctainternacionales.org\/index.php?rest_route=\/wp\/v2\/posts\/797\/revisions\/799"}],"wp:attachment":[{"href":"https:\/\/ctainternacionales.org\/index.php?rest_route=%2Fwp%2Fv2%2Fmedia&parent=797"}],"wp:term":[{"taxonomy":"category","embeddable":true,"href":"https:\/\/ctainternacionales.org\/index.php?rest_route=%2Fwp%2Fv2%2Fcategories&post=797"},{"taxonomy":"post_tag","embeddable":true,"href":"https:\/\/ctainternacionales.org\/index.php?rest_route=%2Fwp%2Fv2%2Ftags&post=797"}],"curies":[{"name":"wp","href":"https:\/\/api.w.org\/{rel}","templated":true}]}}