{"id":794,"date":"2012-02-10T21:52:45","date_gmt":"2012-02-10T21:52:45","guid":{"rendered":"http:\/\/www.ctainternacionales.org\/?p=794"},"modified":"2012-03-12T17:26:47","modified_gmt":"2012-03-12T17:26:47","slug":"la-cta-y-rio20","status":"publish","type":"post","link":"https:\/\/ctainternacionales.org\/?p=794","title":{"rendered":"La CTA y R\u00edo+20"},"content":{"rendered":"<p align=\"LEFT\">Desde la Cumbre de la Tierra en R\u00edo de Janeiro de 1992, el desarrollo sustentable y los problemas con el modelo de producci\u00f3n y acumulaci\u00f3n mundial se pusieron de manifiesto ante los l\u00edderes globales.<!--more--><\/p>\n<p align=\"LEFT\"><em><strong>Desde la Cumbre de la Tierra en R\u00edo de Janeiro de 1992, el desarrollo sustentable y los problemas con el modelo de producci\u00f3n y acumulaci\u00f3n mundial se pusieron de manifiesto ante los l\u00edderes globales.<\/strong><\/em><\/p>\n<p align=\"LEFT\">R\u00edo 92&#8242; fue pionera en el llamado a reaccionar a los problemas ambientales y las injusticias sociales que este desarrollo desigual genera. Este a\u00f1o se cumplen 20 a\u00f1os de aquella hist\u00f3rica cita, y se reunir\u00e1n nuevamente todos los gobiernos del mundo, en la cumbre de R\u00edo+20 en junio. Esta cumbre ser\u00e1 un momento clave para revisar lo hecho en estos 20 a\u00f1os (con pobres resultados) y las perspectivas a futuro, con eje en la promoci\u00f3n de la denominada \u201ceconom\u00eda verde\u201d, y no en el desarrollo sustentable como pedimos los movimientos sociales. Desde la CTA, en nuestro car\u00e1cter de central de trabajadores, nos vamos a plantar hac\u00eda R\u00edo+20 organizando la Conferencia Internacional Hacia R\u00edo+20 \u201cVisi\u00f3n pol\u00edtica de los trabajadores sobre el desarrollo\u201d, los d\u00edas 28 y 29 de marzo.<\/p>\n<p align=\"LEFT\">La Conferencia Internacional Hacia R\u00edo+20 va a marcar el terreno de los debates que se van a llevar a cabo en junio, y posicionar a los trabajadores y los movimientos sociales como ejes fundamentales en la discusi\u00f3n del desarrollo sustentable. En la CTA no queremos dejar pasar un momento hist\u00f3rico para discutir las posiciones y propuestas que los trabajadores tenemos acerca de los caminos que debemos tomar para lograr un modelo de desarrollo sustentable, que refuerce la soberan\u00eda material, ambiental y alimentaria de los pueblos. <strong>Material<\/strong>, para disponer de los recursos existentes en los territorios y convertirlos en desarrollo real de los pueblos, pero tambi\u00e9n como freno a la presi\u00f3n especulativa en el plano de la econom\u00eda financiera y de empresas multinacionales, cuya jurisdicci\u00f3n es muchas veces m\u00e1s potente que la estatal; <strong>ambiental<\/strong>, porque el mundo necesita instalar la idea de una transici\u00f3n justa en materia del derecho al desarrollo industrial y tecnol\u00f3gico con cuidado del impacto ambiental, en tanto los pa\u00edses centrales deben ser quienes asuman los costos del deterioro producido por la voracidad de su expansi\u00f3n; y <strong>alimentaria<\/strong>, ya que los pa\u00edses pueden producir y agregar valor a lo que emana de su propia tierra, y tienen los elementos para frenar la especulaci\u00f3n financiera en el sector de los commodities y asegurar la buena alimentaci\u00f3n de sus pueblos.<\/p>\n<p align=\"LEFT\">Estos conceptos tienen que ser un pilar esencial en las discusiones sobre nuevos modelos de desarrollo. La cumbre de R\u00edo+20 no parece perfilar en el sentido planteado por los trabajadores. Los ejes de esa cumbre ser\u00e1n la \u201cgobernanza global\u201d y la \u201ceconom\u00eda verde\u201d. En ambas tem\u00e1ticas, predominan las perspectivas de los gobiernos \u2014en una alianza Norte-Sur\u2014 y los grupos econ\u00f3micos internacionales m\u00e1s importantes. La \u201cgobernanza global\u201d busca crear una arquitectura global, es decir un entramado de acuerdos y regulaciones que avalen la propuesta de la econom\u00eda verde. La \u201ceconom\u00eda verde\u201d, anunciada con bombos y platillos como la soluci\u00f3n para generar un desarrollo sustentable, busca convencer a los mercados \u2014en la amplia libertad que el neoliberalismo les otorga\u2014 que hay oportunidades de lucro al invertir en el medio ambiente, no haciendo m\u00e1s que darle valor de mercado a la naturaleza. Estas propuestas las vamos a debatir y vamos a dar pelea para que se cambie el rumbo actual.<\/p>\n<p align=\"LEFT\">La conferencia organizada desde la CTA contar\u00e1 con la amplia participaci\u00f3n de centrales sindicales y movimientos sociales nacionales, regionales e internacionales, que tienen tambi\u00e9n el inter\u00e9s de poder aunar fuerzas con el fin de generar una convocatoria masiva y contundente hacia R\u00edo+20. Las tem\u00e1ticas principales a tratar durante estos d\u00edas de debate incluir\u00e1n un repaso por el estado de las negociaciones de cambio clim\u00e1tico desde R\u00edo 92&#8242; a la fecha, con foco en las \u00faltimas cumbres de Copenhagen y Durban; el rol de los trabajadores en el desarrollo sustentable; las alternativas a los modelos extractivistas reinantes en la regi\u00f3n; y tambi\u00e9n el plan de acci\u00f3n durante la Cumbre misma. Este \u00faltimo punto es fundamental, para lograr unificar acciones y tener mayor fuerza en el momento de los debates con los gobiernos y los grupos econ\u00f3micos. La CTA es un actor privilegiado ya que participar\u00e1 por dentro en las negociaciones oficiales, presionando sobre la declaraci\u00f3n oficial final y por fuera como parte de la Cumbre de los Pueblos, que se llevar\u00e1 a cabo en paralelo a la cumbre gubernamental.<\/p>\n<p align=\"LEFT\">R\u00edo+20 es el momento clave en la definici\u00f3n del modelo de desarrollo que queremos y los destinos que vamos a tomar como sociedad en los pr\u00f3ximos a\u00f1os. Por eso es fundamental que los trabajadores definamos nuestras posturas y juntemos esfuerzos para participar con toda nuestra potencia en los momentos importantes de la historia. La Conferencia Internacional Hacia R\u00eco+20 de fines de marzo en Buenos Aires es un ejemplo m\u00e1s de la iniciativa tomada por nuestra CTA para abrir el debate hacia los trabajadores y trabajadoras que no van a dejar que las decisiones sobre su futuro sean tomadas sin su participaci\u00f3n.<\/p>\n<p align=\"LEFT\">(<em>Adolfo \u00abFito\u00bb Aguirre: 09.02.2012<\/em>)<\/p>\n<p>&nbsp;<\/p>\n","protected":false},"excerpt":{"rendered":"Desde la Cumbre de la Tierra en R\u00edo de Janeiro de 1992, el desarrollo sustentable y los problemas con el modelo de producci\u00f3n \n<a class=\"moretag\" href=\"https:\/\/ctainternacionales.org\/?p=794\"> [...]<\/a>","protected":false},"author":1,"featured_media":0,"comment_status":"closed","ping_status":"closed","sticky":false,"template":"","format":"standard","meta":{"ngg_post_thumbnail":0,"footnotes":""},"categories":[],"tags":[],"class_list":["post-794","post","type-post","status-publish","format-standard","hentry"],"_links":{"self":[{"href":"https:\/\/ctainternacionales.org\/index.php?rest_route=\/wp\/v2\/posts\/794","targetHints":{"allow":["GET"]}}],"collection":[{"href":"https:\/\/ctainternacionales.org\/index.php?rest_route=\/wp\/v2\/posts"}],"about":[{"href":"https:\/\/ctainternacionales.org\/index.php?rest_route=\/wp\/v2\/types\/post"}],"author":[{"embeddable":true,"href":"https:\/\/ctainternacionales.org\/index.php?rest_route=\/wp\/v2\/users\/1"}],"replies":[{"embeddable":true,"href":"https:\/\/ctainternacionales.org\/index.php?rest_route=%2Fwp%2Fv2%2Fcomments&post=794"}],"version-history":[{"count":2,"href":"https:\/\/ctainternacionales.org\/index.php?rest_route=\/wp\/v2\/posts\/794\/revisions"}],"predecessor-version":[{"id":926,"href":"https:\/\/ctainternacionales.org\/index.php?rest_route=\/wp\/v2\/posts\/794\/revisions\/926"}],"wp:attachment":[{"href":"https:\/\/ctainternacionales.org\/index.php?rest_route=%2Fwp%2Fv2%2Fmedia&parent=794"}],"wp:term":[{"taxonomy":"category","embeddable":true,"href":"https:\/\/ctainternacionales.org\/index.php?rest_route=%2Fwp%2Fv2%2Fcategories&post=794"},{"taxonomy":"post_tag","embeddable":true,"href":"https:\/\/ctainternacionales.org\/index.php?rest_route=%2Fwp%2Fv2%2Ftags&post=794"}],"curies":[{"name":"wp","href":"https:\/\/api.w.org\/{rel}","templated":true}]}}