{"id":778,"date":"2012-01-30T22:14:39","date_gmt":"2012-01-30T22:14:39","guid":{"rendered":"http:\/\/www.ctainternacionales.org\/?p=778"},"modified":"2012-02-16T15:29:16","modified_gmt":"2012-02-16T15:29:16","slug":"la-cta-participo-en-el-foro-social-tematico-en-porto-alegre","status":"publish","type":"post","link":"https:\/\/ctainternacionales.org\/?p=778","title":{"rendered":"La CTA particip\u00f3 en el Foro Social Tem\u00e1tico en Porto Alegre"},"content":{"rendered":"<p align=\"LEFT\"><a href=\"http:\/\/www.ctainternacionales.org\/wp-content\/uploads\/2012\/01\/FSMT2012.jpg\"><img loading=\"lazy\" decoding=\"async\" class=\"alignnone size-thumbnail wp-image-779\" title=\"FSMT2012\" src=\"http:\/\/www.ctainternacionales.org\/wp-content\/uploads\/2012\/01\/FSMT2012-307x203.jpg\" alt=\"\" width=\"307\" height=\"203\" \/><\/a>El FSMT 2012 termin\u00f3 ayer con una convocatoria mundial para junio de este a\u00f1o para alzar la voz contra la Conferencia de la ONU sobre Desarrollo Sustentable, R\u00edo+20. La CTA propuso una jornada global contra el ajuste, por paz, pan y trabajo.<!--more--><\/p>\n<p align=\"LEFT\"><em><strong><a href=\"http:\/\/www.ctainternacionales.org\/wp-content\/uploads\/2012\/01\/FSMT20121.jpg\"><img loading=\"lazy\" decoding=\"async\" class=\"alignnone size-medium wp-image-780\" title=\"FSMT2012\" src=\"http:\/\/www.ctainternacionales.org\/wp-content\/uploads\/2012\/01\/FSMT20121-465x308.jpg\" alt=\"\" width=\"465\" height=\"308\" \/><\/a>El FSMT 2012 termin\u00f3 ayer con una convocatoria mundial para junio de este a\u00f1o para alzar la voz contra la Conferencia de la ONU sobre Desarrollo Sustentable, R\u00edo+20.<\/strong><\/em><\/p>\n<p align=\"LEFT\">La CTA propuso una jornada global contra el ajuste, por paz, pan y trabajo.Durante los d\u00edas 24 al 29 de enero se realiz\u00f3 en Porto Alegre, Brasil, el Foro Social Mundial Tem\u00e1tico (FSMT), \u201cCrisis capitalista: justicia social, justicia ambiental\u201d. La Central de Trabajadores de la Argentina (CTA) particip\u00f3 activamente de diversos espacios, con la propuesta de configurar una jornada global contra el ajuste y actuar unitariamente hacia la Cumbre de R\u00edo+20.<\/p>\n<p align=\"LEFT\">Asimismo llam\u00f3 a unir capacidades para la revitalizaci\u00f3n del movimiento global, para enfrentar la crisis y proponer alternativas.<\/p>\n<p align=\"LEFT\">Entre las actividades destacadas de las que particip\u00f3 la CTA est\u00e1n el encuentro con el intendente de Porto Alegre, Jos\u00e9 Fortunati, junto a otras centrales sindicales y con Nair Goulart, vicepresidenta de la Confederaci\u00f3n Sindical Internacional (CSI). Fortunati recibi\u00f3 a 50 representantes sindicales internacionales y nacionales en la Usina Do Gasometro y mostr\u00f3 su orgullo por recibir en la ciudad a trabajadores, \u201cpor su importancia para la construcci\u00f3n de una sociedad inclusiva y en las pol\u00edticas para enfrentar la crisis\u201d.<\/p>\n<p align=\"LEFT\">Adem\u00e1s, una parte de la delegaci\u00f3n fue incluida en el debate de los movimientos sociales del ALBA, cuando se est\u00e1 por establecer una secretar\u00eda con delegados de varios pa\u00edses que buscar\u00e1n tener un rol proactivo en la construcci\u00f3n de las plataformas nacionales de la Alternativa Bolivariana para los Pueblos de Nuestra Am\u00e9rica. Por la Argentina se acord\u00f3 la presencia de un integrante del Frente Popular Dar\u00edo Santill\u00e1n como representante. Los ejes prioritarios de este grupo son: jornada de lucha y movilizaci\u00f3n contra el capitalismo el 5 de junio, la Cumbre de R\u00edo+20, solidaridad con Honduras y Hait\u00ed y la formaci\u00f3n de cuadros en todo el continente. Adem\u00e1s, se acord\u00f3 la acci\u00f3n conjunta en procesos de integraci\u00f3n regional con foco en la Uni\u00f3n de Naciones Sudamericanas (Unasur) y la Comunidad de Estados Latinoamericanos y del Caribe (Celac).<\/p>\n<p align=\"LEFT\">La delegaci\u00f3n ceteatista particip\u00f3 de la Asamblea de los Movimientos Sociales. Dicha actividad cont\u00f3 con la presencia de diversas organizaciones (representantes del movimiento estudiantil chileno, centrales sindicales brasile\u00f1as, movimiento urbano y la Marcha Mundial de las Mujeres=. Jo\u00e3o Pedro Stedile, l\u00edder del Movimiento Sin Tierra (MST) hizo un an\u00e1lisis de coyuntura que rescata la urgente necesidad de recomponer la unidad en la acci\u00f3n, para lo cual la fecha del 5 de junio y R\u00edo + 20 resultan claves. \u201cMovilizaci\u00f3n, formaci\u00f3n y comunicaci\u00f3n son las tareas que debe darse ante la situaci\u00f3n actual\u201d, dijo Stedile. Del encuentro particip\u00f3 como representante de la CTA, el secretario general de la seccional capital Carlos Chile.<\/p>\n<p align=\"LEFT\">Tambi\u00e9n fue importante la intervenci\u00f3n a lo largo de todas las jornadas de la delegaci\u00f3n de los profesionales de la salud de la CTA (Cicop), en el Foro Social Mundial de Salud y Seguridad Social, donde se discuti\u00f3 el impacto de la crisis capitalista sobre el sector y las estrategias para enfrentar esas consecuencias.<\/p>\n<p align=\"LEFT\">En coordinaci\u00f3n con otras organizaciones sociales prepar\u00e1ndose para R\u00edo+20, la CTA particip\u00f3 en la reuni\u00f3n del Comit\u00e9 Brasilero de la preparaci\u00f3n de la Cumbre de los Pueblos que se realizar\u00e1 para R\u00edo+20, donde se est\u00e1 afinando la preparaci\u00f3n, ocupaci\u00f3n de espacios y formato del encuentro. La internacionalizaci\u00f3n del proceso es uno de los principales desaf\u00edos planteados para los pr\u00f3ximos meses.<\/p>\n<p align=\"LEFT\">En ese marco la Central anunci\u00f3 la realizaci\u00f3n de una Conferencia Internacional sobre Cambio Clim\u00e1tcio, que se realizar\u00e1 en Buenos Aires, como un aporte a la Cumbre de los Pueblos de R\u00edo+20. \u201cBuscaremos establecer alianzas nacionales en camino a la cumbre para llegar con una delegaci\u00f3n consolidada a R\u00edo y poder tener impacto efectivo a nivel nacional\u201d, afirmaron desde la Secretar\u00eda de Relaciones Internacionales de la CTA.<\/p>\n<p align=\"LEFT\">En t\u00e9rminos generales, el rechazo a la econom\u00eda verde, fue uno de los ejes de los debates hacia R\u00edo, as\u00ed como cualquier tipo de mercantilizaci\u00f3n de los bienes naturales. La lucha de Famatina, en La Rioja, es una muestra de los conflictos socioambientales que se presentan en varios puntos del continente y el camino a R\u00edo traza un escenario donde ya no es suficiente el slogan de \u201cotro mundo es posible\u201d, sino la necesidad de reinventar el mundo.<\/p>\n<p align=\"LEFT\">La delegaci\u00f3n de la CTA estuvo compuesta por Hugo Blasco, secretario de Derechos Humanos de la CTA; Gustavo Teres, secretario General de la CTA Rosario; Julio Ortellado, director de Organizaci\u00f3n a nivel nacional; Carlos Chile, titular de la central porte\u00f1a; Alejandro M\u00e1rquez, secretario de Prensa de la Cicop; Guillermo Pacagnini, Adjunto de esta organizaci\u00f3n; Rita Liempe, miembro de la Secretar\u00eda de Pueblos Originarios;<\/p>\n<p align=\"LEFT\">Tambi\u00e9n estuvieron presentes en Porto Alegre: Julio Bertomeu de la CEFJA; Eduardo Alagastino, secretario Adjunto de la CTA Santiago del Estero; Carlos Manzo, secretario de Cultura y Capacitaci\u00f3n de la FJA; Pablo Abramovich, secretario General de la CTA San Mart\u00edn-3 de febrero; In\u00e9s Barboza, directora de la Secretar\u00eda de Relaciones Internacionales de la CTA y Maite Llanos, asesora general de la misma Secretar\u00eda.<\/p>\n<p align=\"LEFT\">(<em>30.01.2012<\/em>)<\/p>\n<p>&nbsp;<\/p>\n","protected":false},"excerpt":{"rendered":"El FSMT 2012 termin\u00f3 ayer con una convocatoria mundial para junio de este a\u00f1o para alzar la voz contra la Conferencia de la \n<a class=\"moretag\" href=\"https:\/\/ctainternacionales.org\/?p=778\"> [...]<\/a>","protected":false},"author":1,"featured_media":0,"comment_status":"closed","ping_status":"closed","sticky":false,"template":"","format":"standard","meta":{"ngg_post_thumbnail":0,"footnotes":""},"categories":[],"tags":[],"class_list":["post-778","post","type-post","status-publish","format-standard","hentry"],"_links":{"self":[{"href":"https:\/\/ctainternacionales.org\/index.php?rest_route=\/wp\/v2\/posts\/778","targetHints":{"allow":["GET"]}}],"collection":[{"href":"https:\/\/ctainternacionales.org\/index.php?rest_route=\/wp\/v2\/posts"}],"about":[{"href":"https:\/\/ctainternacionales.org\/index.php?rest_route=\/wp\/v2\/types\/post"}],"author":[{"embeddable":true,"href":"https:\/\/ctainternacionales.org\/index.php?rest_route=\/wp\/v2\/users\/1"}],"replies":[{"embeddable":true,"href":"https:\/\/ctainternacionales.org\/index.php?rest_route=%2Fwp%2Fv2%2Fcomments&post=778"}],"version-history":[{"count":2,"href":"https:\/\/ctainternacionales.org\/index.php?rest_route=\/wp\/v2\/posts\/778\/revisions"}],"predecessor-version":[{"id":830,"href":"https:\/\/ctainternacionales.org\/index.php?rest_route=\/wp\/v2\/posts\/778\/revisions\/830"}],"wp:attachment":[{"href":"https:\/\/ctainternacionales.org\/index.php?rest_route=%2Fwp%2Fv2%2Fmedia&parent=778"}],"wp:term":[{"taxonomy":"category","embeddable":true,"href":"https:\/\/ctainternacionales.org\/index.php?rest_route=%2Fwp%2Fv2%2Fcategories&post=778"},{"taxonomy":"post_tag","embeddable":true,"href":"https:\/\/ctainternacionales.org\/index.php?rest_route=%2Fwp%2Fv2%2Ftags&post=778"}],"curies":[{"name":"wp","href":"https:\/\/api.w.org\/{rel}","templated":true}]}}