{"id":767,"date":"2012-01-23T23:59:25","date_gmt":"2012-01-23T23:59:25","guid":{"rendered":"http:\/\/www.ctainternacionales.org\/?p=767"},"modified":"2012-01-30T22:18:32","modified_gmt":"2012-01-30T22:18:32","slug":"767","status":"publish","type":"post","link":"https:\/\/ctainternacionales.org\/?p=767","title":{"rendered":"FSM 2012"},"content":{"rendered":"<p style=\"text-align: left;\">Durante los d\u00edas 24 al 29 de enero se realizar\u00e1 en Porto Alegre, Brasil, el Foro Social Mundial Tem\u00e1tico, FSMT, \u201cCrisis capitalista: justicia social, justicia ambiental\u201d que tiene como prop\u00f3sito central la discusi\u00f3n de la actual crisis.<!--more--><\/p>\n<p><em><strong>Durante los d\u00edas 24 al 29 de enero se realizar\u00e1 en Porto Alegre, Brasil, el Foro Social Mundial Tem\u00e1tico, FSMT, \u201cCrisis capitalista: justicia social, justicia ambiental\u201d que tiene como prop\u00f3sito central la discusi\u00f3n de la actual crisis.y su relaci\u00f3n con la crisis ambiental y el reiterado fracaso de las cumbres que han buscado renovar los acuerdos del tratado de Kyoto, la \u00faltima de las cuales se realiz\u00f3 en diciembre pasado en la ciudad sudafricana deDurban y que devino en un estruendoso fracaso al no contemplar acuerdos vinculantes con relaci\u00f3n a temas como el calentamiento global y en general con los temas relacionados con el medio ambiente.<\/strong><\/em><\/p>\n<p>Justamente en junio de 2012 se realizar\u00e1 la Conferencia Mundial auspiciada de nuevo por la Organizaci\u00f3n de las Naciones Unidas, ONU, que conmemora los 20 A\u00f1os de la realizaci\u00f3n de la Cumbre de la Tierra Eco 92 que se realiz\u00f3 en la ciudad de R\u00edo de Janeiro. Este Foro Social Mundial busca generar un espacio de encuentro entre diversos movimientos sociales alrededor de los temas de la Cumbre R\u00edo+20 alrededor de la cual diversas organizaciones y movimientos sociales, han convocado para esas mismas fechas una Cumbre de los Pueblos que busca la movilizaci\u00f3n mundial para presentar una agenda de transici\u00f3n frente al fracaso de las cumbres oficiales.<\/p>\n<p>As\u00ed pues el prop\u00f3sito central que reunir\u00e1 en Porto Alegre a varias decenas de miles de activistas, l\u00edderes de los nuevos movimientos sociales al lado de dirigentes campesinos, ind\u00edgenas, afrodescendientes, sindicalistas, movimientos feministas y el movimientos de los indignados y de los ocupas de diversas partes del mundo, etc., busca por primera vez en el marco del Foro Social Mundial trabajar para la construcci\u00f3n de una agenda de transici\u00f3n frente a la crisis del capitalismo y sus repercusiones en la crisis ambiental que padecemos y nos afecta sin ninguna duda hoy en el planeta a distintos pueblos y naciones.<\/p>\n<p>El Foro se organiza alrededor de cuatro ejes transversales que al mismo tiempo que examinan experiencias reflexionan sobre la naturaleza de la crisis y buscar\u00e1n llegar a acuerdos en una propuesta de agenda de transici\u00f3n. 1. Fundamentos \u00e9ticos y filos\u00f3ficos de una agenda de transformaci\u00f3n 2. Derechos Humanos, pueblos, territorios y defensa de la madre tierra. 3. Producci\u00f3n, distribuci\u00f3n y consumo: acceso a la riqueza, bienes comunes de la humanidad y econom\u00eda de transici\u00f3n. 4. Sujetos pol\u00edticos, arquitectura del poder internacional y democracia.<\/p>\n<p>Una de las cr\u00edticas que se ha dirigido al Foro Social Mundial, no sin razones, es que es un espacio vital para la reflexi\u00f3n, pero que deja de lado la producci\u00f3n de alternativas y de movilizaciones en contra del injusto orden internacional prevaleciente. Pues bien desde el Consejo Internacional del Foro se aprob\u00f3 en el mes de febrero de 2011 en la ciudad de Dakar en Senegal, \u00c1frica, la realizaci\u00f3n de este Foro Mundial Tem\u00e1tico que ahora se reunir\u00e9 en Porto Alegre con el prop\u00f3sito de encontrar alternativas y apoyar las movilizaciones mundiales en contra de la crisis sist\u00e9mica que vivimos. Hay que recordar as\u00ed sea someramente que vivimos en medio de una crisis profunda del capitalismo: crisis ambiental, crisis social, crisis pol\u00edtica y crisis econ\u00f3mica. Se ha mercantilizado la vida, se destruye la naturaleza y los ecosistemas, la biodiversidad se reduce velozmente. En todo el mundo se ampl\u00edan y desarrollan las industrias extractivistas sin ninguna preocupaci\u00f3n por el impacto ambiental y la afectaci\u00f3n de los ecosistemas. Las pol\u00edticas p\u00fablicas econ\u00f3micas que se han puesto en marcha para enfrentar la crisis financiera provocada por el \u00e1nimo especulativo y la l\u00f3gica de casino que predomin\u00f3 en los sectores financieros, busca salvar a los bancos y empobrecer a la poblaci\u00f3n disminuyendo la calidad de vida de la gente tanto en Estados Unidos como en Europa. Esto es lo que denuncian de manera precisa los indignados que se\u00f1alan que lo que protegen \u00e9stas pol\u00edticas es a los intereses de las transnacionales y de los grandes bancos que no llegan a representar el 1% del total de la poblaci\u00f3n mundial. El neoliberalismo vende la idea que la \u00fanica pol\u00edtica econ\u00f3mica posible es la de la austeridad para las mayor\u00edas, el desmonte del Estado de Bienestar, el recorte de las conquistas sociales, etc., es contra este orden injusto que se han levantado millones de personas en el mundo y la superaci\u00f3n de este orden de cosas es lo que da vigor y raz\u00f3n a \u00e9stas movilizaciones.<\/p>\n<p>El reto es enorme. Por primera vez el FSM enfrenta el reto de construir una agenda de transici\u00f3n que deber\u00e1 ser presentada en la Cumbre de los Pueblos y se realizar\u00e1 como conferencia paralela a la Cumbre Oficial de R\u00edo+20, que a su vez ser\u00e1 una gran movilizaci\u00f3n mundial que busca presionar pol\u00edticamente a gobiernos y organismos internacionales para la adopci\u00f3n de compromisos y pol\u00edticas en el \u00e1mbito ambiental.<\/p>\n<p>&nbsp;<\/p>\n<p>(<em>Pedro Santana Rodr\u00edguez: 23.01.2012<\/em>)<\/p>\n","protected":false},"excerpt":{"rendered":"Durante los d\u00edas 24 al 29 de enero se realizar\u00e1 en Porto Alegre, Brasil, el Foro Social Mundial Tem\u00e1tico, FSMT, \u201cCrisis capitalista: justicia \n<a class=\"moretag\" href=\"https:\/\/ctainternacionales.org\/?p=767\"> [...]<\/a>","protected":false},"author":1,"featured_media":0,"comment_status":"closed","ping_status":"closed","sticky":false,"template":"","format":"standard","meta":{"ngg_post_thumbnail":0,"footnotes":""},"categories":[],"tags":[],"class_list":["post-767","post","type-post","status-publish","format-standard","hentry"],"_links":{"self":[{"href":"https:\/\/ctainternacionales.org\/index.php?rest_route=\/wp\/v2\/posts\/767","targetHints":{"allow":["GET"]}}],"collection":[{"href":"https:\/\/ctainternacionales.org\/index.php?rest_route=\/wp\/v2\/posts"}],"about":[{"href":"https:\/\/ctainternacionales.org\/index.php?rest_route=\/wp\/v2\/types\/post"}],"author":[{"embeddable":true,"href":"https:\/\/ctainternacionales.org\/index.php?rest_route=\/wp\/v2\/users\/1"}],"replies":[{"embeddable":true,"href":"https:\/\/ctainternacionales.org\/index.php?rest_route=%2Fwp%2Fv2%2Fcomments&post=767"}],"version-history":[{"count":4,"href":"https:\/\/ctainternacionales.org\/index.php?rest_route=\/wp\/v2\/posts\/767\/revisions"}],"predecessor-version":[{"id":769,"href":"https:\/\/ctainternacionales.org\/index.php?rest_route=\/wp\/v2\/posts\/767\/revisions\/769"}],"wp:attachment":[{"href":"https:\/\/ctainternacionales.org\/index.php?rest_route=%2Fwp%2Fv2%2Fmedia&parent=767"}],"wp:term":[{"taxonomy":"category","embeddable":true,"href":"https:\/\/ctainternacionales.org\/index.php?rest_route=%2Fwp%2Fv2%2Fcategories&post=767"},{"taxonomy":"post_tag","embeddable":true,"href":"https:\/\/ctainternacionales.org\/index.php?rest_route=%2Fwp%2Fv2%2Ftags&post=767"}],"curies":[{"name":"wp","href":"https:\/\/api.w.org\/{rel}","templated":true}]}}