{"id":748,"date":"2012-01-19T20:27:57","date_gmt":"2012-01-19T20:27:57","guid":{"rendered":"http:\/\/www.ctainternacionales.org\/?p=748"},"modified":"2012-01-30T22:15:27","modified_gmt":"2012-01-30T22:15:27","slug":"encuentro-fraterno-entre-la-cta-y-la-cob-en-tarija","status":"publish","type":"post","link":"https:\/\/ctainternacionales.org\/?p=748","title":{"rendered":"Encuentro fraterno entre la CTA y la COB en Tarija"},"content":{"rendered":"<p lang=\"es-ES\" align=\"LEFT\"><a href=\"http:\/\/www.ctainternacionales.org\/wp-content\/uploads\/2012\/01\/COB.jpg\"><img loading=\"lazy\" decoding=\"async\" class=\"alignnone size-thumbnail wp-image-749\" title=\"COB\" src=\"http:\/\/www.ctainternacionales.org\/wp-content\/uploads\/2012\/01\/COB-307x230.jpg\" alt=\"\" width=\"307\" height=\"230\" \/><\/a>Desde hace dos a\u00f1os, la Central de Trabajadores de la Argentina y la Central Obrera Boliviana vienen trabajando en pol\u00edticas de integraci\u00f3n. En el marco del XV Congreso Ordinario de la COB, se realiz\u00f3 el seminario internacional \u201cLa migraci\u00f3n laboral en Am\u00e9rica Latina\u201d.<!--more--><\/p>\n<p lang=\"es-ES\" align=\"LEFT\"><em><strong><a href=\"http:\/\/www.ctainternacionales.org\/wp-content\/uploads\/2012\/01\/COB1.jpg\"><img loading=\"lazy\" decoding=\"async\" class=\"alignnone size-medium wp-image-750\" title=\"COB\" src=\"http:\/\/www.ctainternacionales.org\/wp-content\/uploads\/2012\/01\/COB1-465x348.jpg\" alt=\"\" width=\"465\" height=\"348\" \/><\/a>Desde hace dos a\u00f1os, la Central de Trabajadores de la Argentina y la Central Obrera Boliviana vienen trabajando en pol\u00edticas de integraci\u00f3n. En el marco del XV Congreso Ordinario de la COB, se realiz\u00f3 el seminario internacional \u201cLa migraci\u00f3n laboral en Am\u00e9rica Latina\u201d.<\/strong><\/em><\/p>\n<p lang=\"es-ES\" align=\"LEFT\">En la ciudad boliviana de Tarija, en el sur del pa\u00eds, en el l\u00edmite con la provincia de Salta se realiz\u00f3 el seminario internacional \u201cLa migraci\u00f3n laboral en Am\u00e9rica Latina\u201d, en el marco del XV Congreso Ordinario de la COB, del que participaron representantes de la CUT de Brasil, la CGT de Per\u00fa, la UGT de Espa\u00f1a y su fundaci\u00f3n ISCOD, y la CTA, que estuvo representada por Jos\u00e9 Zas, secretario de Comunicaci\u00f3n; Carolina Ocar, responsable del \u00c1rea de Migraciones, Jos\u00e9 Del Frari, representante de la central de la provincia de Jujuy y su par de Salta, Vanina Zamora.<\/p>\n<p lang=\"es-ES\" align=\"LEFT\">El encuentro tuvo lugar este lunes, en la sede provincial de la COB, y dej\u00f3 como saldo un plan sindical para las migraciones laborales en la regi\u00f3n. Fue inaugurado por Bruno Apaza, miembro de la Comisi\u00f3n Ejecutiva Nacional de la COB y responsable de esa central obrera para el tema migraciones, y dej\u00f3 un saludo a la presencia internacional el secretario ejecutivo Pedro Montes.<\/p>\n<p align=\"LEFT\">Jos\u00e9 Zas dirigi\u00f3 en el XV Congreso un \u201csaludo fraterno de la CTA a la historia de lucha de la COB\u201d, al tiempo que destac\u00f3 \u201cla importancia de la autonom\u00eda de las organizaciones sindicales respecto de los gobiernos y los poderes de turno\u201d.<\/p>\n<p align=\"LEFT\">La COB present\u00f3 su propuestas y objetivos y, luego, cada delegaci\u00f3n internacional expuso sobre la situaci\u00f3n de la migraci\u00f3n boliviana en sus respectivos pa\u00edses y las l\u00edneas de acci\u00f3n sindical para integrar y acordar pol\u00edticas. En este marco, Carolina Ocar relat\u00f3 la experiencia que inici\u00f3 hace dos a\u00f1os con los residentes bolivianos en la Argentina y con la COB para impulsar \u201cinstancias de defensa de los trabajadores bolivianos en nuestro pa\u00eds, contra la explotaci\u00f3n laboral y por mejores condiciones de vida\u201d.<\/p>\n<p align=\"LEFT\">El cierre del seminario fue con la firma por parte de todas las representaci\u00f3n sindicales de la \u201cDeclaraci\u00f3n de Tarija\u201d a ra\u00edz \u201cde la imperiosa necesidad de proteger a los compa\u00f1eros y compa\u00f1eras migrantes, sometidos a condiciones de precarizaci\u00f3n, explotaci\u00f3n y en muchos casos esclavitud\u201d.<\/p>\n<p align=\"LEFT\">El compromiso de las centrales es incorporar a la agenda sindical \u201cla problem\u00e1tica espec\u00edfica de las trabajadoras y los trabajadores migrantes, promoviendo la afiliaci\u00f3n y la defensa de los derechos humanos, sociales y laborales, por la grave situaci\u00f3n de vulnerabilidad y fragilidad a la que son expuestos por la voracidad de la necesidad de empleo\u201d.<\/p>\n<p align=\"LEFT\">Es por eso que impulsan una acci\u00f3n conjunta de las organizaciones obreras, tanto en el marco nacional como internacional, para lograr \u201cel cumplimiento y reconocimiento de los derechos laborales, de seguridad social y previsional\u201d cuyo piso de garant\u00eda debe ser \u201cla ratificaci\u00f3n de los Convenios 97 y 143 de la OIT (Organizaci\u00f3n Internacional del Trabajo), el Convenio Iberoamericano de Seguridad Social y el Marco Multilateral sobre migraciones laborales\u201d, y tambi\u00e9n \u201cel establecimiento de convenios intersindicales con sus an\u00e1logos de otros pa\u00edses\u201d.<\/p>\n<p align=\"LEFT\">Por \u00faltimo llamaron a difundir \u201cel respeto a la declaraci\u00f3n de los convenios fundamentales de la OIT de 1998\u201d.<\/p>\n<p align=\"LEFT\">(<em>19.01.2012<\/em>)<\/p>\n<p>&nbsp;<\/p>\n","protected":false},"excerpt":{"rendered":"Desde hace dos a\u00f1os, la Central de Trabajadores de la Argentina y la Central Obrera Boliviana vienen trabajando en pol\u00edticas de integraci\u00f3n. En \n<a class=\"moretag\" href=\"https:\/\/ctainternacionales.org\/?p=748\"> [...]<\/a>","protected":false},"author":1,"featured_media":0,"comment_status":"closed","ping_status":"closed","sticky":false,"template":"","format":"standard","meta":{"ngg_post_thumbnail":0,"footnotes":""},"categories":[],"tags":[],"class_list":["post-748","post","type-post","status-publish","format-standard","hentry"],"_links":{"self":[{"href":"https:\/\/ctainternacionales.org\/index.php?rest_route=\/wp\/v2\/posts\/748","targetHints":{"allow":["GET"]}}],"collection":[{"href":"https:\/\/ctainternacionales.org\/index.php?rest_route=\/wp\/v2\/posts"}],"about":[{"href":"https:\/\/ctainternacionales.org\/index.php?rest_route=\/wp\/v2\/types\/post"}],"author":[{"embeddable":true,"href":"https:\/\/ctainternacionales.org\/index.php?rest_route=\/wp\/v2\/users\/1"}],"replies":[{"embeddable":true,"href":"https:\/\/ctainternacionales.org\/index.php?rest_route=%2Fwp%2Fv2%2Fcomments&post=748"}],"version-history":[{"count":3,"href":"https:\/\/ctainternacionales.org\/index.php?rest_route=\/wp\/v2\/posts\/748\/revisions"}],"predecessor-version":[{"id":783,"href":"https:\/\/ctainternacionales.org\/index.php?rest_route=\/wp\/v2\/posts\/748\/revisions\/783"}],"wp:attachment":[{"href":"https:\/\/ctainternacionales.org\/index.php?rest_route=%2Fwp%2Fv2%2Fmedia&parent=748"}],"wp:term":[{"taxonomy":"category","embeddable":true,"href":"https:\/\/ctainternacionales.org\/index.php?rest_route=%2Fwp%2Fv2%2Fcategories&post=748"},{"taxonomy":"post_tag","embeddable":true,"href":"https:\/\/ctainternacionales.org\/index.php?rest_route=%2Fwp%2Fv2%2Ftags&post=748"}],"curies":[{"name":"wp","href":"https:\/\/api.w.org\/{rel}","templated":true}]}}