{"id":742,"date":"2012-01-19T14:42:13","date_gmt":"2012-01-19T14:42:13","guid":{"rendered":"http:\/\/www.ctainternacionales.org\/?p=742"},"modified":"2012-02-23T19:12:33","modified_gmt":"2012-02-23T19:12:33","slug":"turquia-es-un-ejemplo","status":"publish","type":"post","link":"https:\/\/ctainternacionales.org\/?p=742","title":{"rendered":"\u00bfTurqu\u00eda es un ejemplo?"},"content":{"rendered":"<p>Desde el comienzo de la llamada \u201cprimavera \u00e1rabe\u201d se present\u00f3 a Turqu\u00eda como el ejemplo a seguir por las \u201cnacientes democracias\u201d de Medio Oriente.<!--more--><\/p>\n<p align=\"LEFT\"><em><strong>Desde el comienzo de la llamada \u201cprimavera \u00e1rabe\u201d se present\u00f3 a Turqu\u00eda como el ejemplo a seguir por las \u201cnacientes democracias\u201d de Medio Oriente.Turqu\u00eda tiene la caracter\u00edstica de ser un pa\u00eds de mayor\u00eda musulm\u00e1n con una democracia relativamente estable. Sin embargo, este pa\u00eds ubica en Asia y Europa no es la panacea de la democracia como se la presenta en los grandes medios internacionales. Veamos.<\/strong><\/em><\/p>\n<p align=\"LEFT\">La llegada del partido de origen isl\u00e1mico AKP (Partido por la Justicia y el Desarrollo) al gobierno en el 2002 estabiliz\u00f3 la situaci\u00f3n pol\u00edtica despu\u00e9s de d\u00e9cadas de interferencia del ej\u00e9rcito en los destinos del pa\u00eds. Cabe recordar que en 1997 tuvo lugar el \u00faltimo golpe de Estado orquestado contra un gobierno democr\u00e1tico, y que en 2004 se encontr\u00f3 una larga red de conexiones y planes para derrocar al recientemente electo primer ministro Tayip Erdogan, causa conocida como \u201cErgenekon\u201d y que a\u00fan est\u00e1 en proceso de investigaci\u00f3n.<\/p>\n<p align=\"LEFT\">La injerencia del ej\u00e9rcito es hist\u00f3rica en Turqu\u00eda, y viene desde la fundaci\u00f3n misma del estado en 1925 por Kemal Ataturk, ex-comandante otomano. El ej\u00e9rcito se ve a si mismo como el garante de la seguridad en el pa\u00eds, la gran preocupaci\u00f3n nacional, y como el \u00fanico organismo capaz de mantener la identidad nacional. Si bien ha disminuido su capacidad de injerencia durante el mandato del AKP, el ej\u00e9rcito contin\u00faa teniendo una fuerte presencia en todos los aspectos de la vida p\u00fablica turca.<\/p>\n<p align=\"LEFT\">Esta presencia se da en particular con el conflicto con la poblaci\u00f3n kurda. Las zonas del sureste de Turqu\u00eda, a lo largo de las fronteras con Siria, Irak e Ir\u00e1n, se encuentran totalmente militarizadas. Turqu\u00eda concentra all\u00ed el grueso de sus tropas y sus actitudes represivas contra la poblaci\u00f3n. Se estima que desde 1990 en adelante, cuando estall\u00f3 el movimiento insurgente kurdo PKK, el ej\u00e9rcito turc\u00f3 asesin\u00f3 a m\u00e1s de 30.000 kurdos. En todos los casos la excusa es la misma: son c\u00f3mplices, o activos militantes, del movimiento guerrillero insurgente. Pocas pruebas fueron presentadas al respecto.<\/p>\n<p align=\"LEFT\">Los kurdos no tienen cabida dentro de la l\u00f3gica del estado-naci\u00f3n bajo la cual se cre\u00f3 Turqu\u00eda. En esa idea, lo que se consideran como verdaderos herederos y l\u00edderes de los otomanos, el grupo \u00e9tnico turco, es el que debe poblar el pa\u00eds. Todos los dem\u00e1s grupos \u00e9tnicos tiene que adaptarse a esas reglas. Ya les pas\u00f3 a los armenios con el genocidio que sufrieron a principios del siglo XX (aunque bajo el Imperio Otomano) y tambi\u00e9n al casi mill\u00f3n de cristianos que fueron \u201cintercambiados\u201d con Grecia en 1945, por el simple hecho de pertenecer a otro grupo religioso. En este punto, Grecia tambi\u00e9n hizo su parte al enviar a unos 450.000 griegos musulmanes hacia Estambul. Los kurdos tambi\u00e9n se ven afectados por esta pol\u00edtica muy parecida a una limpieza \u00e9tnica. Hasta hace poco tiempo no ten\u00edan permitido hablar su idioma, ni practicar sus ritos culturales. Uno de los pocos avances ha sido otorgar el permiso para abrir una estaci\u00f3n de radio y televisi\u00f3n que transmita en sus idiomas. Esa fue la concesi\u00f3n m\u00e1s importante que otorg\u00f3 Erdogan durante su mandato, m\u00e1s pensando en el af\u00e1n inicial de sumarse como miembro pleno a la Uni\u00f3n Europea que por incorporar las demandas del pueblo kurdo.<\/p>\n<p align=\"LEFT\">A la situaci\u00f3n de los kurdos se suma la presencia de miles de presos pol\u00edticos en las c\u00e1rceles turcas, entre los que predominan sindicalistas y periodistas. A los primeros se los suele acusar de connivencia y apoyo a la causa kurda, mientras que a los \u00faltimos se les imputa el conocido art\u00edculo 301, que determina, muy ambiguamente, que no se puede ofender a la \u201cnaci\u00f3n turca\u201d. Esto deja lugar a cualquier tipo de interpretaci\u00f3n y acalla las cr\u00edticas hacia un gobierno o hacia una pol\u00edtica espec\u00edfica. No es casualidad que no exista el derecho a huelga para los sindicatos, y que s\u00f3lo hace dos a\u00f1os, en 2009, se haya permitido por primera vez una manifestaci\u00f3n a la plaza de Taksim en Estambul para el d\u00eda del trabajador, el 1\u00ba de mayo.<\/p>\n<p align=\"LEFT\">En los \u00faltimos a\u00f1os la econom\u00eda turca ha crecido a niveles altos, especialmente por el empuje de una nueva clase empresarial que se identifica con las pol\u00edticas del AKP y que tambi\u00e9n se identifica con sus ideales religiosos. Es la llamada \u201cburgues\u00eda de Anatolia\u201d, en referencia a la zona central de Turqu\u00eda, una de las m\u00e1s tradicionales. El crecimiento econ\u00f3mico y la estabilizaci\u00f3n de la democracia (con sus problemas tambi\u00e9n, ya que se necesita superar el 10 por ciento de los votos para acceder al parlamento) son dos valores que promovieron a Turqu\u00eda al estatus de \u201cejemplo a seguir\u201d para las rebeliones en los pa\u00edses \u00e1rabes.<\/p>\n<p align=\"LEFT\">Pero esto no es suficiente. Turqu\u00eda es tambi\u00e9n miembro de la OTAN y un aliado de Estados Unidos en la regi\u00f3n, el \u00fanico capaz de promover una mesa de negociaci\u00f3n entre partes enfrentadas, como es el caso de Ir\u00e1n. Es por esto que se convierte en un factor clave en la estrategia de seguridad estadounidense en la zona, y eso lleva a las constantes alabanzas a su modelo de \u201cdemocracia y progreso\u201d al mejor estilo liberal. Pero prevalecen problemas internos muy importantes en Turqu\u00eda, un estado que contin\u00faa militarizado y que no acepta sus propias diferencias, algo que pide que hagan los dem\u00e1s pa\u00edses en proceso de revueltas. Haz lo que yo digo no lo que yo hago.<\/p>\n<p align=\"LEFT\">\u00a0(<em>Bruno Dobrusin: 19.01.2012<\/em>)<\/p>\n<p>&nbsp;<\/p>\n","protected":false},"excerpt":{"rendered":"Desde el comienzo de la llamada \u201cprimavera \u00e1rabe\u201d se present\u00f3 a Turqu\u00eda como el ejemplo a seguir por las \u201cnacientes democracias\u201d de Medio \n<a class=\"moretag\" href=\"https:\/\/ctainternacionales.org\/?p=742\"> [...]<\/a>","protected":false},"author":1,"featured_media":0,"comment_status":"closed","ping_status":"closed","sticky":false,"template":"","format":"standard","meta":{"ngg_post_thumbnail":0,"footnotes":""},"categories":[],"tags":[],"class_list":["post-742","post","type-post","status-publish","format-standard","hentry"],"_links":{"self":[{"href":"https:\/\/ctainternacionales.org\/index.php?rest_route=\/wp\/v2\/posts\/742","targetHints":{"allow":["GET"]}}],"collection":[{"href":"https:\/\/ctainternacionales.org\/index.php?rest_route=\/wp\/v2\/posts"}],"about":[{"href":"https:\/\/ctainternacionales.org\/index.php?rest_route=\/wp\/v2\/types\/post"}],"author":[{"embeddable":true,"href":"https:\/\/ctainternacionales.org\/index.php?rest_route=\/wp\/v2\/users\/1"}],"replies":[{"embeddable":true,"href":"https:\/\/ctainternacionales.org\/index.php?rest_route=%2Fwp%2Fv2%2Fcomments&post=742"}],"version-history":[{"count":2,"href":"https:\/\/ctainternacionales.org\/index.php?rest_route=\/wp\/v2\/posts\/742\/revisions"}],"predecessor-version":[{"id":854,"href":"https:\/\/ctainternacionales.org\/index.php?rest_route=\/wp\/v2\/posts\/742\/revisions\/854"}],"wp:attachment":[{"href":"https:\/\/ctainternacionales.org\/index.php?rest_route=%2Fwp%2Fv2%2Fmedia&parent=742"}],"wp:term":[{"taxonomy":"category","embeddable":true,"href":"https:\/\/ctainternacionales.org\/index.php?rest_route=%2Fwp%2Fv2%2Fcategories&post=742"},{"taxonomy":"post_tag","embeddable":true,"href":"https:\/\/ctainternacionales.org\/index.php?rest_route=%2Fwp%2Fv2%2Ftags&post=742"}],"curies":[{"name":"wp","href":"https:\/\/api.w.org\/{rel}","templated":true}]}}