{"id":733,"date":"2012-01-18T16:20:07","date_gmt":"2012-01-18T16:20:07","guid":{"rendered":"http:\/\/www.ctainternacionales.org\/?p=733"},"modified":"2012-01-30T21:13:15","modified_gmt":"2012-01-30T21:13:15","slug":"es-momento-importante-de-encuentro-entre-el-movimiento-politico-y-los-actores-sociales","status":"publish","type":"post","link":"https:\/\/ctainternacionales.org\/?p=733","title":{"rendered":"\u201cEs un momento importante de encuentro entre el movimiento pol\u00edtico y los actores sociales\u201d"},"content":{"rendered":"<p><a href=\"http:\/\/www.ctainternacionales.org\/wp-content\/uploads\/2012\/01\/PDA.jpg\"><img loading=\"lazy\" decoding=\"async\" class=\"alignnone size-thumbnail wp-image-734\" title=\"PDA\" src=\"http:\/\/www.ctainternacionales.org\/wp-content\/uploads\/2012\/01\/PDA-307x230.jpg\" alt=\"\" width=\"307\" height=\"230\" \/><\/a>Abogado e historiador, Edgar Robles Fonnegra es dirigente del Polo Democr\u00e1tico Alternativo de Colombia y referente del Polo de Rosa, que re\u00fane a las organizaciones de LGTB. Adem\u00e1s fue asesor parlamentario de la defensora de derechos humanos Piedad C\u00f3rdoba. Un activista por la inclusi\u00f3n social.<!--more--><\/p>\n<p><em><strong><a href=\"http:\/\/www.ctainternacionales.org\/wp-content\/uploads\/2012\/01\/PDA1.jpg\"><img loading=\"lazy\" decoding=\"async\" class=\"alignnone size-medium wp-image-735\" title=\"PDA\" src=\"http:\/\/www.ctainternacionales.org\/wp-content\/uploads\/2012\/01\/PDA1-465x348.jpg\" alt=\"\" width=\"465\" height=\"348\" \/><\/a>Abogado e historiador, Edgar Robles Fonnegra es dirigente del Polo Democr\u00e1tico Alternativo de Colombia y referente del Polo de Rosa, que re\u00fane a las organizaciones de LGTB. Adem\u00e1s fue asesor parlamentario de la defensora de derechos humanos Piedad C\u00f3rdoba. Un activista por la inclusi\u00f3n social.<\/strong><\/em><\/p>\n<p>Edgar Robles Fonnegra, con una profusa agenda de encuentros con actores pol\u00edticos y sociales de izquierda en Chile, Uruguay y Brasil, visit\u00f3 este martes la sede nacional de la Central de Trabajadores de la Argentina (CTA) y se reuni\u00f3 con el secretario de Relaciones Internacionales, Adolfo Aguirre, y su equipo. miembro de la Comisi\u00f3n Ejecutiva Nacional del Polo Democr\u00e1tico de Colombia,<\/p>\n<p>Vocero del colectivo Polo de Rosa, que integra el Polo Democr\u00e1tico Alternativo (PDA), es adem\u00e1s miembro de su Comisi\u00f3n Ejecutiva Nacional y fue asesor en temas de diversidad e inclusi\u00f3n social de la ex senadora Piedad C\u00f3rdoba, una de las figuras m\u00e1s conocidas de ese pa\u00eds en el mundo por su lucha incansable por los derechos humanos y su aporte a la paz. Robles Fonnegra realiz\u00f3 aportes fundamentales en el parlamento como los proyectos de interrupci\u00f3n del embarazo, la defensa de tierras colectivas para la comunidad afro y la uni\u00f3n civil de personas del mismo sexo.<\/p>\n<p>En esta entrevista con el portal <em><strong>CTA-Internacionales<\/strong><\/em> este dirigente del PDA da cuenta de la actualidad en Colombia, los desaf\u00edos de los partidos y los movimientos sociales en la regi\u00f3n y la pelea de las las organizaciones de personas lesbianas, gays, travestis y bisexuales (LGTB).<\/p>\n<p>En referencia a los cambios entre la administraci\u00f3n saliente de un duro como Alvaro Uribe y la llegada al gobierno de Manuel Santos, su ex ministro de Defensa, en agosto de 2010 sostuvo: \u201cSantos contin\u00faa el modelo de Uribe, solo que con distintas t\u00e1cticas y estrat\u00e9gicas, es m\u00e1s s\u00fatil, genera menos pol\u00e9mica, pero en el fondo act\u00faa igual que Uribe porque est\u00e1 acentuando el modelo de privatizaci\u00f3n y un modelo de alianzas con sectores transnacionales, donde la seguridad est\u00e1 basada en un acuerdo con los Estados Unidos\u201d.<\/p>\n<p>Y agreg\u00f3: \u201cEs un modelo que sigue ampliando la brecha entre pobres y ricos, con gran concentraci\u00f3n de riqueza\u201d.<\/p>\n<p>Robles Fonnegra dice que un ejemplo de ese perfil conservador fue el \u201cvergonzoso voto de Colombia contra la creaci\u00f3n del estado Palestino en el Consejo de Seguridad de las Naciones Unidas, m\u00e1s por el contexto de toda la Am\u00e9rica latina que vot\u00f3 afirmativamente.<\/p>\n<p>Desde el \u201cBogotazo\u201d, un tiempo de protestas sociales en demandas de derechos ciudadanos que deriv\u00f3 en el asesinato del l\u00edder Jorge Eli\u00e9cer Gait\u00e1n el 9 de abril de 1948 en el centro de Bogot\u00e1. All\u00ed se inici\u00f3 un per\u00edodo insurreccional que a partir de la d\u00e9cada de 1960 se profundiza con la presencia guerrillera (FARC, ELN, etc\u00e9tera), el paramilitarismo, el narcotr\u00e1fico y las fuerzas armadas: \u201cSantos no reconoce el contexto de conflicto armado en el que estamos, esa negativa hace que no pueda haber una salida negociada al conflicto\u201d, destaca. \u201cLos desplazamiento de campesinos y peque\u00f1os colonos se hizo mediante la violencia y luego el estado lleg\u00f3 para darle esas tierras a los terratenientes, por eso no hay paz, eso implicar\u00eda devolverle esas tierras robadas a sus leg\u00edtimos due\u00f1os, no pueden llevar eso a una mesa de negociaci\u00f3n, actos hechos mediante el terror y los cr\u00edmenes de lesa humanidad\u201d.<\/p>\n<p>Seg\u00fan registros de la Escuela Nacional Sindical asciende a 2.857 el n\u00famero de sindicalistas asesinados en Colombia en los \u00faltimos 25 a\u00f1os: \u201cNuestro pa\u00eds es totalmente inseguro para el ejercicio del sindicalismo, ser defensor de los derechos humanos sigue siendo una proeza y, adicionalmente, los l\u00edderes sociales siguen sufriendo hostilidad y amenazas permanentes, dificultad para movilizar y para denunciar espec\u00edfica y oportunamente todos los contextos de opresi\u00f3n y c\u00f3mo ocurre la persecuci\u00f3n al movimiento social en Colombia, ya sea el movimiento campesino, el ind\u00edgena, afro, sindical\u201d.<\/p>\n<p>El Polo de Rosa re\u00fane a todas las organizaciones civiles de lesbianas, gays, bisexuales y transg\u00e9nero (LGTB) afiliados al PD, califica la tarea de \u201csumamente complicado\u201d por las \u201cmuch\u00edsimas amenazas, persecuciones, hasta desapariciones y muertes de nuestros l\u00edderes, desde la extrema izquierda a la extrema derecha, en zona de control de estos grupos armados\u201d. \u201cTambi\u00e9n -amplia- hemos tenido hostilidad de las diversas iglesias, que alimentan una homofobia estructural en la sociedad, una cultura machista, en ese contexto es mucho m\u00e1s complejo exigir la igualdad de los derechos; tenemos denuncias de muertos, desplazados de sus comunidades por ser personas LGTB y aunque han habido bastantes avances en las pol\u00edticas LGTB en la ciudad de Bogota, que es gobernada por nuestro partido y los gobiernos de izquierda desde hace 8 a\u00f1os y seguir\u00e1 ocurriendo por los pr\u00f3ximos cuatro a\u00f1os al menos, esto contraste grandemente con el resto del pa\u00eds\u201d.<\/p>\n<p>Bogota, la capital del pa\u00eds, con unos 8 millones de habitantes, es la \u00fanica alcad\u00eda del pa\u00eds del PD, quien ha marcado en esa ciudad una impronta de gesti\u00f3n en educaci\u00f3n p\u00fablica, salud, igualdad e inclusi\u00f3n, que no han podido perforar los gobiernos de derecha: \u201cBogota no es el para\u00edso, pero el avance est\u00e1 dado por ejemplo en el Observatorio de Cultura Ciudadana, cuando hace 8 a\u00f1os se inici\u00f3 el gobierno del partido hab\u00eda un 88 por ciento de rechazo a las personas LGTB, y hubo un giro importante en el que hoy hay un 66 por ciento de aceptaci\u00f3n a la diversidad\u201d, explica Robles Fonnegra.<\/p>\n<p>Acerca de las sanciones en la Argentina de las leyes de matrimonio igualitario e identidad de genero, las subray\u00f3 como un \u201cavance importante, son experiencias positivas para aprender, nosotros en Bogota tenemos ya la uni\u00f3n de parejas aprobada, no hemos avanzado en la ley de g\u00e9nero todav\u00eda, y estamos avanzando en el tema de la adopci\u00f3n\u201d.<\/p>\n<p>Como cierre, destac\u00f3 el encuentro en la CTA y dijo que es un \u201cmomento importante de encuentro entre el movimiento pol\u00edtico y los actores sociales, siempre respetando a sus autonom\u00edas\u201d.<\/p>\n<p>&nbsp;<\/p>\n<p>(<em>Mariano V\u00e1zquez: 18.01.2012<\/em>)<\/p>\n<p>&nbsp;<\/p>\n","protected":false},"excerpt":{"rendered":"Abogado e historiador, Edgar Robles Fonnegra es dirigente del Polo Democr\u00e1tico Alternativo de Colombia y referente del Polo de Rosa, que re\u00fane a \n<a class=\"moretag\" href=\"https:\/\/ctainternacionales.org\/?p=733\"> [...]<\/a>","protected":false},"author":1,"featured_media":0,"comment_status":"closed","ping_status":"closed","sticky":false,"template":"","format":"standard","meta":{"ngg_post_thumbnail":0,"footnotes":""},"categories":[],"tags":[],"class_list":["post-733","post","type-post","status-publish","format-standard","hentry"],"_links":{"self":[{"href":"https:\/\/ctainternacionales.org\/index.php?rest_route=\/wp\/v2\/posts\/733","targetHints":{"allow":["GET"]}}],"collection":[{"href":"https:\/\/ctainternacionales.org\/index.php?rest_route=\/wp\/v2\/posts"}],"about":[{"href":"https:\/\/ctainternacionales.org\/index.php?rest_route=\/wp\/v2\/types\/post"}],"author":[{"embeddable":true,"href":"https:\/\/ctainternacionales.org\/index.php?rest_route=\/wp\/v2\/users\/1"}],"replies":[{"embeddable":true,"href":"https:\/\/ctainternacionales.org\/index.php?rest_route=%2Fwp%2Fv2%2Fcomments&post=733"}],"version-history":[{"count":4,"href":"https:\/\/ctainternacionales.org\/index.php?rest_route=\/wp\/v2\/posts\/733\/revisions"}],"predecessor-version":[{"id":777,"href":"https:\/\/ctainternacionales.org\/index.php?rest_route=\/wp\/v2\/posts\/733\/revisions\/777"}],"wp:attachment":[{"href":"https:\/\/ctainternacionales.org\/index.php?rest_route=%2Fwp%2Fv2%2Fmedia&parent=733"}],"wp:term":[{"taxonomy":"category","embeddable":true,"href":"https:\/\/ctainternacionales.org\/index.php?rest_route=%2Fwp%2Fv2%2Fcategories&post=733"},{"taxonomy":"post_tag","embeddable":true,"href":"https:\/\/ctainternacionales.org\/index.php?rest_route=%2Fwp%2Fv2%2Ftags&post=733"}],"curies":[{"name":"wp","href":"https:\/\/api.w.org\/{rel}","templated":true}]}}