{"id":6725,"date":"2023-09-20T11:36:54","date_gmt":"2023-09-20T14:36:54","guid":{"rendered":"http:\/\/www.ctainternacionales.org\/?p=6725"},"modified":"2023-10-30T18:07:40","modified_gmt":"2023-10-30T18:07:40","slug":"6725-2","status":"publish","type":"post","link":"https:\/\/ctainternacionales.org\/?p=6725","title":{"rendered":"Industrializaci\u00f3n: El rol del Estado y la clase trabajadora"},"content":{"rendered":"<h1 style=\"text-align: center;\"><strong><img class=\"alignnone size-full wp-image-6717\" alt=\"\">Industrializaci\u00f3n: El rol del Estado y la clase trabajadora<\/strong><\/h1>\n<h3 style=\"text-align: center;\"><em>Documento de la CNTI presentado ante el Encuentro Nacional de Empresas P\u00fablicas y Organizaciones&nbsp;&nbsp;&nbsp;&nbsp;&nbsp;&nbsp;&nbsp;&nbsp;&nbsp; <\/em><em>de Trabajadores\/as del Sector Industrial, Energ\u00e9tico, Minero, y Cient\u00edfico-tecnol\u00f3gico<\/em><\/h3>\n<h3 style=\"text-align: center;\"><em>13 de septiembre de 2023 <\/em><\/h3>\n<p>&nbsp;<\/p>\n<p>Ante la coyuntura pol\u00edtica y social, en la que el futuro rol del Estado, las empresas p\u00fablicas y las organizaciones obreras est\u00e1n amenazados, convocamos a este encuentro. El prop\u00f3sito del mismo es impulsar un espacio colaborativo para elaborar una agenda y estrategia en com\u00fan que nos permita fortalecer la autonom\u00eda tecnol\u00f3gica y productiva nacional y regional, y generar las divisas que nuestro pa\u00eds necesita para consolidar un modelo de desarrollo con justicia, igualdad y soberan\u00eda.<\/p>\n<p><strong>El valor de lo p\u00fablico en el mundo de hoy <\/strong><\/p>\n<p>Quienes estamos reunidos hoy tenemos la certeza de que el sector p\u00fablico argentino tiene un rol incuestionable para que nuestro pa\u00eds desarrolle plenamente sus potencialidades. No es un argumento infundado, nos apoyamos en una<strong> trayectoria de innovaci\u00f3n, ingenio, superaci\u00f3n y compromiso que puso en marcha una estrategia de desarrollo y crecimiento para la Argentina<\/strong>.<\/p>\n<p>Nos encontramos ante un escenario pol\u00edtico en el que sectores de las derechas locales y regionales cuestionan y amenazan al car\u00e1cter mismo del Estado nacional, las garant\u00edas constitucionales, las empresas p\u00fablicas y las organizaciones obreras. Es ante esta coyuntura que convocamos a este encuentro con el fin de impulsar un espacio colaborativo que nos permita articular una estrategia com\u00fan. Tambi\u00e9n para elaborar acciones propositivas para fortalecer las capacidades y competencias de un Estado soberano, con autonom\u00eda cient\u00edfico \u2013 tecnol\u00f3gica y productiva&nbsp; nacional, y con amplia inserci\u00f3n regional. Desde nuestro lugar podemos aportar el conocimiento que generamos las y los trabajadores a agregar valor y generar las divisas que garanticen calidad de vida justa y digna para el pueblo argentino.<\/p>\n<p>Estamos atravesando tiempos de conmoci\u00f3n, incertidumbre y crisis globales yuxtapuestas en el terreno financiero, comercial, energ\u00e9tico, clim\u00e1tico, social, institucional. Vemos desarrollar la crisis del multilateralismo y sus reglas de la mano de la competencia entre bloques de potencias y sus corporaciones. A la par de eso, vivimos el impacto de las tecnolog\u00edas emergentes, el cambio tecnol\u00f3gico, la reconfiguraci\u00f3n y reorganizaci\u00f3n del mundo del trabajo, y las cadenas productivas globales de valor. Estos escenarios demandan <strong>acuerdos con visi\u00f3n estrat\u00e9gica<\/strong>. Y, fundamentalmente, contar con la voluntad pol\u00edtica para dise\u00f1ar y ejecutar proyectos y pol\u00edticas p\u00fablicas que garanticen el bienestar de la sociedad y la defensa de los derechos e intereses de las y los trabajadores ante el avance de l\u00f3gicas especulativas de mercado y pol\u00edticas neoliberales.<\/p>\n<p>Las y los trabajadores\/as que nos desempe\u00f1amos en los distintos niveles y sectores de las empresas p\u00fablicas contribuimos en el desarrollo y optimizaci\u00f3n de capacidades propias que redundan tambi\u00e9n en beneficio del sector productivo privado. Los logros nacionales alcanzados en distintos campos como salud, alimentos, agro, metalmec\u00e1nica, naval , satelital, energ\u00eda nuclear, renovables y alternativas, entre otros, dan cuenta de trayectorias virtuosas de articulaci\u00f3n y puesta en producci\u00f3n de los conocimientos generados por el sistema cient\u00edfico y tecnol\u00f3gico.<\/p>\n<p>Por ello, <strong>las organizaciones de trabajadores y trabajadoras, tienen un rol central<\/strong> en la discusi\u00f3n de qu\u00e9 tipo de competencias deben tener las y los trabajadores, en sus diferentes niveles jer\u00e1rquicos y operativos. Debemos tener capacidades para discutir y analizar qu\u00e9 tipo de tecnolog\u00eda se desarrolla y compra desde el estado , y las diferentes instituciones y empresas p\u00fablicas. Participar en la toma de decisiones acerca de qu\u00e9 infraestructura cient\u00edfica-tecnol\u00f3gica y productiva se despliega desde las empresas p\u00fablicas, est\u00e1 directamente vinculado al modelo de pa\u00eds y sociedad m\u00e1s justa, solidaria y equitativa al que aspiramos.<\/p>\n<p>Aspiramos a <strong>construir un Estado con autonom\u00eda en su poder de decisi\u00f3n y soberan\u00eda cient\u00edfico \u2013 tecnol\u00f3gica y productiva<\/strong>, que nos permita insertarnos en&nbsp; diferentes cadenas de valor regionales y globales. El ejercicio del acto soberano y aut\u00f3nomo, requiere inversiones en I+D y un mayor \u00e9nfasis para la interconexi\u00f3n virtuosa del complejo cient\u00edfico y tecnol\u00f3gico nacional , en sinton\u00eda con&nbsp; las reales demandas y necesidades de las dimensiones social, productiva, econ\u00f3mica e institucional.<\/p>\n<p>Necesitamos un aparato productivo estatal que desarrolle mayores potencialidades sociot\u00e9cnicas de sus trabajadoras y trabajadores ,y que as\u00ed permita a las empresas p\u00fablicas posicionarse ante el cambio tecnol\u00f3gico , generar riqueza y&nbsp; divisas, para mejorar la calidad de vida de la sociedad en su conjunto pero ,principalmente, de las mayor\u00edas populares hoy tan afectadas. En suma, un Estado nacional con empresas p\u00fablicas para garantizar calidad de vida con <strong>justicia distributiva, social y clim\u00e1tica.<\/strong><\/p>\n<p>Un proyecto viable de naci\u00f3n demanda un robusto sector p\u00fablico que contribuya a potenciar la generaci\u00f3n de conocimiento y su aplicaci\u00f3n para resolver los problemas pr\u00e1cticos que afronta el desarrollo del pa\u00eds. A partir de las trayectorias y experiencias institucionales acumuladas, debe poder dise\u00f1ar<strong> pol\u00edticas p\u00fablicas sectoriales con representatividad y aptitud de respuesta en el volumen y calidad de bienes y servicios que se prestan a la sociedad<\/strong>. Debe fomentar la creaci\u00f3n de<strong> trabajo digno como pilar de una sociedad justa<\/strong>, construir condiciones para el pleno desarrollo de la sociedad, aprovechar las riquezas naturales, sin alterar de forma destructiva el equilibrio ecol\u00f3gico, el potencial humano y la innovaci\u00f3n tecnol\u00f3gica.<\/p>\n<p>El sector p\u00fablico productivo cuenta con una larga experiencia de gesti\u00f3n para asumir nuevos desaf\u00edos ante el <strong>cambio de paradigma tecnol\u00f3gico<\/strong>. Por ello entendemos que es urgente profundizar la discusi\u00f3n sobre el rol e impacto de las tecnolog\u00edas digitales en el mundo del trabajo. Desde las y los trabajadores de las empresas p\u00fablicas del sector productivo debemos desarrollar competencias y conocimiento para tener un rol activo ante el despliegue de los sistemas de producci\u00f3n inteligentes (Industria 4.0 inteligencia artificial (IA), rob\u00f3tica , Internet de las cosas (IoT). Y aportar en las actividades del estado que impliquen o requieran la adopci\u00f3n y transferencia de tecnolog\u00eda , para evitar el compre de \u201cllave en mano\u201d que profundiza la dependencia del aparato estatal con corporaciones tecnol\u00f3gicas extranjeras, e inhibe el desarrollo de conocimiento local&nbsp; .<\/p>\n<p>Es vital una estrategia de <strong>control p\u00fablico de nuestros recursos estrat\u00e9gicos<\/strong> y el desarrollo de una v\u00eda hacia la<strong> diversificaci\u00f3n de nuestras fuentes de energ\u00eda<\/strong>. El saber y la pr\u00e1ctica deben ponerse en funci\u00f3n de una <strong>transici\u00f3n justa con pol\u00edticas industriales<\/strong> que tengan a la vida en el centro, protegiendo el bienestar de las personas y del entorno que habitan. Los <strong>polos cient\u00edficos-tecnol\u00f3gicos integrados a las econom\u00edas regionales<\/strong> pueden volverse vectores de crecimiento ben\u00e9ficos para nuestra poblaci\u00f3n. As\u00ed se podr\u00e1n revertir los procesos de expulsi\u00f3n hacia los grandes centros urbanos debido al desmantelamiento de nuestro tejido productivo en d\u00e9cadas pasadas. A la par de ello, el fortalecimiento de nuestra <strong>industria naval <\/strong>nos permitir\u00e1 reconstruir, ampliar y abastecer a nuestras flotas pesqueras, comerciales y de Defensa, vitales para robustecer el ejercicio de nuestra soberan\u00eda sobre r\u00edos y mares.<\/p>\n<p>Reconocemos el rol esencial que ocupa el sector p\u00fablico para cualquier proyecto de desarrollo: su capacidad para <strong>generar conocimiento, fortalecer la autonom\u00eda nacional, instituir cadenas de valor local, y generar empleo formal, digno y de calidad<\/strong>. Un proyecto as\u00ed no puede circunscribirse s\u00f3lo a garantizar los derechos existentes de trabajadores y trabajadoras, sino que debe ser protagonista del proceso de planificaci\u00f3n y dise\u00f1o de pol\u00edticas econ\u00f3micas, laborales y productivas, generando empleo, redistribuci\u00f3n de la riqueza y expansi\u00f3n del bienestar.<\/p>\n<p>Por todos los principios y objetivos aqu\u00ed expuestos, las organizaciones hoy reunidas sostenemos que el desarrollo de nuestras capacidades industriales, cient\u00edficas y tecnol\u00f3gicas es una pieza fundamental&nbsp; en la construcci\u00f3n de un pa\u00eds soberano y justo.<\/p>\n<p>Apostamos por aunar esfuerzos y creatividad en la promoci\u00f3n de una v\u00eda de desarrollo aut\u00f3nomo; en la generaci\u00f3n de conocimiento anclado en las realidades de nuestro pueblo; en la defensa de la producci\u00f3n y el trabajo local como defensa de la soberan\u00eda.<\/p>\n<p>Sin la participaci\u00f3n de las organizaciones de trabajadores\/as no hay sector p\u00fablico.<\/p>\n<p>Sin el sector p\u00fablico no hay industria.<\/p>\n<p>Sin industria no hay soberan\u00eda.<\/p>\n<p>&nbsp;<\/p>\n<p style=\"text-align: center;\"><strong>COORDINACI\u00d3N NACIONAL DE TRABAJADORES\/AS DE LA INDUSTRIA (CNTI)<\/strong><\/p>\n<p style=\"text-align: center;\"><strong>CENTRAL DE TRABAJADORES DE LA ARGENTINA AUT\u00d3NOMA (CTA-A)<\/strong><\/p>\n","protected":false},"excerpt":{"rendered":"Industrializaci\u00f3n: El rol del Estado y la clase trabajadora Documento de la CNTI presentado ante el Encuentro Nacional de Empresas P\u00fablicas y Organizaciones&nbsp;&nbsp;&nbsp;&nbsp;&nbsp;&nbsp;&nbsp;&nbsp;&nbsp; \n<a class=\"moretag\" href=\"https:\/\/ctainternacionales.org\/?p=6725\"> [...]<\/a>","protected":false},"author":1,"featured_media":0,"comment_status":"closed","ping_status":"closed","sticky":false,"template":"","format":"standard","meta":{"ngg_post_thumbnail":10,"footnotes":""},"categories":[1],"tags":[],"class_list":["post-6725","post","type-post","status-publish","format-standard","hentry","category-uncategorized"],"_links":{"self":[{"href":"https:\/\/ctainternacionales.org\/index.php?rest_route=\/wp\/v2\/posts\/6725","targetHints":{"allow":["GET"]}}],"collection":[{"href":"https:\/\/ctainternacionales.org\/index.php?rest_route=\/wp\/v2\/posts"}],"about":[{"href":"https:\/\/ctainternacionales.org\/index.php?rest_route=\/wp\/v2\/types\/post"}],"author":[{"embeddable":true,"href":"https:\/\/ctainternacionales.org\/index.php?rest_route=\/wp\/v2\/users\/1"}],"replies":[{"embeddable":true,"href":"https:\/\/ctainternacionales.org\/index.php?rest_route=%2Fwp%2Fv2%2Fcomments&post=6725"}],"version-history":[{"count":3,"href":"https:\/\/ctainternacionales.org\/index.php?rest_route=\/wp\/v2\/posts\/6725\/revisions"}],"predecessor-version":[{"id":6740,"href":"https:\/\/ctainternacionales.org\/index.php?rest_route=\/wp\/v2\/posts\/6725\/revisions\/6740"}],"wp:attachment":[{"href":"https:\/\/ctainternacionales.org\/index.php?rest_route=%2Fwp%2Fv2%2Fmedia&parent=6725"}],"wp:term":[{"taxonomy":"category","embeddable":true,"href":"https:\/\/ctainternacionales.org\/index.php?rest_route=%2Fwp%2Fv2%2Fcategories&post=6725"},{"taxonomy":"post_tag","embeddable":true,"href":"https:\/\/ctainternacionales.org\/index.php?rest_route=%2Fwp%2Fv2%2Ftags&post=6725"}],"curies":[{"name":"wp","href":"https:\/\/api.w.org\/{rel}","templated":true}]}}