{"id":6710,"date":"2023-09-19T14:41:20","date_gmt":"2023-09-19T17:41:20","guid":{"rendered":"http:\/\/www.ctainternacionales.org\/?p=6710"},"modified":"2023-09-19T14:53:42","modified_gmt":"2023-09-19T17:53:42","slug":"cnti-fetia-y-empresas-publicas-dieron-fuerte-respaldo-a-la-soberania-nacional","status":"publish","type":"post","link":"https:\/\/ctainternacionales.org\/?p=6710","title":{"rendered":"CNTI, FeTIA y empresas p\u00fablicas dieron fuerte respaldo a la Soberan\u00eda Nacional"},"content":{"rendered":"<p><strong>En la sede de la UTN-Avellaneda se realiz\u00f3 el 13 de septiembre un encuentro sobre la industria, el rol del Estado y la clase trabajadora organizado por los sindicatos de la industria enrolados en la CTA-Aut\u00f3noma y la CTA-T. Fuerte apoyo de los ministros Agust\u00edn Rossi y Jorge Taiana.<\/strong><\/p>\n<p>Con el lema \u201cEncuentro de Empresas P\u00fablicas del Sector Industrial, Energ\u00e9tico y Cient\u00edfico-Tecnol\u00f3gico y las Organizaciones de las y los Trabajadores\u201d se realiz\u00f3 el mi\u00e9rcoles 13 este evento de alto contenido pol\u00edtico y program\u00e1tico, que se coron\u00f3 con un acto en el Polideportivo \u201cMalvinas Argentinas\u201d de la Universidad Tecnol\u00f3gica Nacional de Avellaneda con el jefe de Gabinete de Ministros y candidato a vicepresidente por Uni\u00f3n por la Patria, Agust\u00edn Rossi, en el que advirti\u00f3: <strong>\u00abNo hay una palabra en los candidatos de la oposici\u00f3n que hablen de desarrollo, porque como todo lo va a planificar el mercado. Nosotros no hablamos de desarrollo, sino que demostramos que estamos invirtiendo para desarrollar la Argentina\u00bb<\/strong>.<\/p>\n<p>Tambi\u00e9n participaron el ministro de Defensa, Jorge Taiana; el intendente de Avellaneda, Jorge Ferraresi, los referentes de la Coordinaci\u00f3n Nacional de Trabajadores\/as de la Industria (CNTI-CTAA), que conduce Adolfo Aguirre, y de la Federaci\u00f3n de Trabajadores de la Energ\u00eda, la Industria, Servicios y Afines (FeTIA-CTAT), que encabeza Pedro Wasiejko, y las autoridades de las empresas p\u00fablicas.<\/p>\n<p><strong>\u201cOrganizamos este encuentro porque ocupamos un rol central en la discusi\u00f3n del modelo de pa\u00eds por una sociedad m\u00e1s justa, solidaria y equitativa; todos aqu\u00ed pensamos en el presente y el futuro del trabajo, las alianzas regionales, como el ingreso a los BRICS\u201d<\/strong>, subray\u00f3 Aguirre. Y a\u00f1adi\u00f3: \u201cAqu\u00ed estamos construyendo un dato pol\u00edtico nacional nuevo, de conciencia para el escenario electoral que se avecina en donde no hay lugar para los proyectos de Milei o Bullrich. Lo que cabe es dar continuidad a esta experiencia de reconstrucci\u00f3n del sector p\u00fablico, potenciarlo y convertirlo en una oportunidad para la producci\u00f3n, el trabajo y la soberan\u00eda\u201d.<\/p>\n<p>El dirigente de la CTA convoc\u00f3 \u201ca ganar en octubre y seguir dise\u00f1ando el pa\u00eds que necesitamos con esta visi\u00f3n p\u00fablica que es una identidad de la cultura pol\u00edtica nacional\u201d.<a href=\"http:\/\/www.ctainternacionales.org\/wp-content\/uploads\/2023\/09\/FitoUTN.jpg\"><img loading=\"lazy\" decoding=\"async\" class=\"aligncenter size-large wp-image-6723\" src=\"http:\/\/www.ctainternacionales.org\/wp-content\/uploads\/2023\/09\/FitoUTN-1024x683.jpg\" alt=\"\" width=\"1024\" height=\"683\" \/><\/a><\/p>\n<p>A su turno, Pedro Wasiejko, Secretario General de la FeTIA y Presidente de Astillero R\u00edo Santiago, asegur\u00f3 que \u201c<strong>este encuentro de las Empresas P\u00fablicas junto a las organizaciones de las y los trabajadores es de fundamental importancia para generar una estrategia com\u00fan<\/strong>. Frente a quienes tienen como \u00fanica propuesta cerrar las empresas p\u00fablicas, con todas las consecuencias que eso implica, nosotros sostenemos que tenemos la capacidad de producir los insumos, las embarcaciones, el equipamiento y el material que se necesita para nuestras hidroel\u00e9ctricas, para el sector minero, para la industria naval, para Vaca Muerta, para la explotaci\u00f3n del <em>offshore<\/em> en Mar del Plata y tambi\u00e9n para exportar productos y servicios a la regi\u00f3n\u201d.<\/p>\n<p>A lo largo de la jornada, en la que dirigentes sindicales, trabajadores, y autoridades de las empresas convocantes desbordaron las instalaciones de la Universidad Tecnol\u00f3gica Nacional, se coincidi\u00f3 en la necesidad de definir una estrategia com\u00fan para fortalecer la autonom\u00eda tecnol\u00f3gica y productiva a nivel nacional y regional. Este sector tiene capacidad de ofrecer productos y servicios tanto para el pa\u00eds como para la regi\u00f3n con generaci\u00f3n de empleo de alta calidad, con valor agregado y generaci\u00f3n de divisas.<\/p>\n<p>Por la ma\u00f1ana, se realiz\u00f3 un acto de apertura en el que tomaron la palabra Adolfo Aguirre, Pedro Wasiejko, H\u00e9ctor Mazzei, Jefe de Gabinete del Ministerio de Defensa, Geraldine Brid, directora de Tandanor; y el decano de la UTN, Luis Garaventa. Luego, se realiz\u00f3 un debate en tres comisiones: una con las organizaciones agrupadas en la CNTI, otra con las de FeTIA y la tercera con representantes de las empresas p\u00fablicas.<\/p>\n<p>\u201cSe trat\u00f3 de un evento de vital importancia en pos de la construcci\u00f3n de alianzas y acuerdos, Argentina atraviesa una coyuntura en la cual el futuro del Estado, las empresas p\u00fablicas y las organizaciones sindicales est\u00e1n amenazadas por la ultra derecha\u201d, sostuvo el referente de la CNTI. \u201cDe lo p\u00fablico no nos vamos nunca m\u00e1s, proponemos una integraci\u00f3n que imponga la tecnolog\u00eda de la justicia social frente a la tecnolog\u00eda del saqueo que pretende imponer la derecha\u201d.<a href=\"http:\/\/www.ctainternacionales.org\/wp-content\/uploads\/2023\/09\/ColoUTN.jpg\"><img loading=\"lazy\" decoding=\"async\" class=\"aligncenter size-large wp-image-6713\" src=\"http:\/\/www.ctainternacionales.org\/wp-content\/uploads\/2023\/09\/ColoUTN-1024x683.jpg\" alt=\"\" width=\"1024\" height=\"683\" \/><\/a><\/p>\n<p>Luego, se realiz\u00f3 una plenaria de las tres Comisiones para poner en com\u00fan estrategias. Concordaron en la necesidad de fortalecer al sector p\u00fablico argentino, potenciar la producci\u00f3n industrial, la investigaci\u00f3n cient\u00edfica, el mejoramiento de la calidad, las condiciones laborales y el desaf\u00edo que presentan las elecciones del 22 de octubre, donde hay dos candidatos (Milei y Bullrich) que pretenden destruir todo este patrimonio.<\/p>\n<p>Posteriormente, se realiz\u00f3 un encuentro conjunto entre la CNTI y la FeTIA en donde dirigentes y trabajadores de los diferentes sectores dieron cuenta de la situaci\u00f3n actual de la clase y el valor de la defensa de lo p\u00fablico, el rol de las pymes, la articulaci\u00f3n con las universidades, las escuelas de oficios, la tecnicaturas, con la investigaci\u00f3n, la innovaci\u00f3n, la ciencia y la tecnolog\u00eda, la producci\u00f3n nacional y el fortalecimiento sindical para ser motor de la industria nacional.<\/p>\n<p>De la plenaria participaron Daniela Castro, Secretaria de Industria; el diputado Juan Marino, y los candidatos de la UP de origen gremial como Francisco Manrique (SMATA-CGT), y Edgardo Depetri (Dirigente hist\u00f3rico de la CTA). Tambi\u00e9n Joaqu\u00edn Soto, Dirigente de la Uni\u00f3n Nacional de Trabajadores Navales del Uruguay, quien trajo su solidaridad internacional; Hugo Godoy, Secretario General de la CTA-A, la adjunta Mariana Mandakovich; y Mercedes Cabezas, Secretaria Adjunta de ATE.<\/p>\n<p>Hugo Godoy plante\u00f3 el desaf\u00edo sobre qu\u00e9 \u201ctipo de unidad seremos capaces de construir, por el espanto o por un proyecto que sepamos materializar. Nuestro objetivo es la soberan\u00eda y la justicia social, sabemos que las imposiciones del FMI son un salvavidas de plomo. <strong>Defendemos al Estado, pero queremos un Estado productivo que garantice el desarrollado cient\u00edfico-tecnol\u00f3gico y el conocimiento. Hay intereses imperiales detr\u00e1s de Milei, Bulrrich y Macri que quieren el coloniaje. Queremos la unidad para construir poder popular\u201d<\/strong>.<\/p>\n<p>En el acto de cierre tambi\u00e9n hicieron uso de la palabra Ricardo Peidro, Secretario Adjunto de la CTA-A, su par de la CTA-T, Edgardo Llano, y Miguel Tudino, Presidente de Tandanor. Acompa\u00f1aron a quienes tomaron la palabra en el escenario Luis Garaventa, Decano de la UTN Avellaneda; Daniela Castro, Secretaria de Investigaci\u00f3n, Pol\u00edtica Industrial y Producci\u00f3n para la Defensa; Sandra Mayol, Presidenta del INTI; Ivan Durigon, Presidente de Fabricaciones Militares; Adriana Serquis, Presidenta de la CNEA; Horacio Viqueira, Presidente de FADEA, entre otras autoridades.<\/p>\n<p>A modo de balance, el tambi\u00e9n secretario de Relaciones Internacionales de la CTA-A, Adolfo Aguirre, calific\u00f3 al encuentro como \u201cde alta calidad pol\u00edtica\u201d, no solo por la presencia de dos autoridades nacionales \u201cde la talla de Taiana y de Rossi\u201d, sino porque los que <strong>\u201cparticipamos de este evento ocupamos un rol central en la discusi\u00f3n del modelo de pa\u00eds, por una sociedad m\u00e1s justa, solidaria y equitativa; todos abogamos por una agenda de defensa del trabajo decente, potenciamiento de la industria nacional, y defensa irrestricta de la soberan\u00eda\u201d<\/strong>, concluy\u00f3.<\/p>\n<p><a href=\"http:\/\/www.ctainternacionales.org\/wp-content\/uploads\/2023\/09\/Plenaria-1.jpg\"><img loading=\"lazy\" decoding=\"async\" class=\"aligncenter size-large wp-image-6715\" src=\"http:\/\/www.ctainternacionales.org\/wp-content\/uploads\/2023\/09\/Plenaria-1-1024x683.jpg\" alt=\"\" width=\"1024\" height=\"683\" \/><\/a><\/p>\n<p><em>\u00a0<\/em><em>\u00a0<\/em><\/p>\n<p style=\"text-align: center;\"><em>A continuaci\u00f3n, se comparte el documento elaborado <\/em><\/p>\n<p style=\"text-align: center;\"><em>por la CNTI que se present\u00f3 el 13 de septiembre.<\/em><\/p>\n<h1 style=\"text-align: center;\"><strong>\u00a0<\/strong><strong>Industrializaci\u00f3n: El rol del Estado y la clase trabajadora<\/strong><\/h1>\n<h3 style=\"text-align: center;\"><em>Documento de la CNTI presentado ante el Encuentro Nacional de Empresas P\u00fablicas y Organizaciones\u00a0\u00a0\u00a0\u00a0\u00a0\u00a0\u00a0\u00a0\u00a0 <\/em><em>de Trabajadores\/as del Sector Industrial, Energ\u00e9tico, Minero, y Cient\u00edfico-tecnol\u00f3gico<\/em><\/h3>\n<h3 style=\"text-align: center;\"><em>13 de septiembre de 2023 <\/em><\/h3>\n<p>&nbsp;<\/p>\n<p>Ante la coyuntura pol\u00edtica y social, en la que el futuro rol del Estado, las empresas p\u00fablicas y las organizaciones obreras est\u00e1n amenazados, convocamos a este encuentro. El prop\u00f3sito del mismo es impulsar un espacio colaborativo para elaborar una agenda y estrategia en com\u00fan que nos permita fortalecer la autonom\u00eda tecnol\u00f3gica y productiva nacional y regional, y generar las divisas que nuestro pa\u00eds necesita para consolidar un modelo de desarrollo con justicia, igualdad y soberan\u00eda.<\/p>\n<p><strong>El valor de lo p\u00fablico en el mundo de hoy <\/strong><\/p>\n<p>Quienes estamos reunidos hoy tenemos la certeza de que el sector p\u00fablico argentino tiene un rol incuestionable para que nuestro pa\u00eds desarrolle plenamente sus potencialidades. No es un argumento infundado, nos apoyamos en una<strong> trayectoria de innovaci\u00f3n, ingenio, superaci\u00f3n y compromiso que puso en marcha una estrategia de desarrollo y crecimiento para la Argentina<\/strong>.<\/p>\n<p>Nos encontramos ante un escenario pol\u00edtico en el que sectores de las derechas locales y regionales cuestionan y amenazan al car\u00e1cter mismo del Estado nacional, las garant\u00edas constitucionales, las empresas p\u00fablicas y las organizaciones obreras. Es ante esta coyuntura que convocamos a este encuentro con el fin de impulsar un espacio colaborativo que nos permita articular una estrategia com\u00fan. Tambi\u00e9n para elaborar acciones propositivas para fortalecer las capacidades y competencias de un Estado soberano, con autonom\u00eda cient\u00edfico &#8211; tecnol\u00f3gica y productiva\u00a0 nacional, y con amplia inserci\u00f3n regional. Desde nuestro lugar podemos aportar el conocimiento que generamos las y los trabajadores a agregar valor y generar las divisas que garanticen calidad de vida justa y digna para el pueblo argentino.<\/p>\n<p>Estamos atravesando tiempos de conmoci\u00f3n, incertidumbre y crisis globales yuxtapuestas en el terreno financiero, comercial, energ\u00e9tico, clim\u00e1tico, social, institucional. Vemos desarrollar la crisis del multilateralismo y sus reglas de la mano de la competencia entre bloques de potencias y sus corporaciones. A la par de eso, vivimos el impacto de las tecnolog\u00edas emergentes, el cambio tecnol\u00f3gico, la reconfiguraci\u00f3n y reorganizaci\u00f3n del mundo del trabajo, y las cadenas productivas globales de valor. Estos escenarios demandan <strong>acuerdos con visi\u00f3n estrat\u00e9gica<\/strong>. Y, fundamentalmente, contar con la voluntad pol\u00edtica para dise\u00f1ar y ejecutar proyectos y pol\u00edticas p\u00fablicas que garanticen el bienestar de la sociedad y la defensa de los derechos e intereses de las y los trabajadores ante el avance de l\u00f3gicas especulativas de mercado y pol\u00edticas neoliberales.<\/p>\n<p>Las y los trabajadores\/as que nos desempe\u00f1amos en los distintos niveles y sectores de las empresas p\u00fablicas contribuimos en el desarrollo y optimizaci\u00f3n de capacidades propias que redundan tambi\u00e9n en beneficio del sector productivo privado. Los logros nacionales alcanzados en distintos campos como salud, alimentos, agro, metalmec\u00e1nica, naval , satelital, energ\u00eda nuclear, renovables y alternativas, entre otros, dan cuenta de trayectorias virtuosas de articulaci\u00f3n y puesta en producci\u00f3n de los conocimientos generados por el sistema cient\u00edfico y tecnol\u00f3gico.<\/p>\n<p>Por ello, <strong>las organizaciones de trabajadores y trabajadoras, tienen un rol central<\/strong> en la discusi\u00f3n de qu\u00e9 tipo de competencias deben tener las y los trabajadores, en sus diferentes niveles jer\u00e1rquicos y operativos. Debemos tener capacidades para discutir y analizar qu\u00e9 tipo de tecnolog\u00eda se desarrolla y compra desde el estado , y las diferentes instituciones y empresas p\u00fablicas. Participar en la toma de decisiones acerca de qu\u00e9 infraestructura cient\u00edfica-tecnol\u00f3gica y productiva se despliega desde las empresas p\u00fablicas, est\u00e1 directamente vinculado al modelo de pa\u00eds y sociedad m\u00e1s justa, solidaria y equitativa al que aspiramos.<\/p>\n<p>Aspiramos a <strong>construir un Estado con autonom\u00eda en su poder de decisi\u00f3n y soberan\u00eda cient\u00edfico &#8211; tecnol\u00f3gica y productiva<\/strong>, que nos permita insertarnos en\u00a0 diferentes cadenas de valor regionales y globales. El ejercicio del acto soberano y aut\u00f3nomo, requiere inversiones en I+D y un mayor \u00e9nfasis para la interconexi\u00f3n virtuosa del complejo cient\u00edfico y tecnol\u00f3gico nacional , en sinton\u00eda con\u00a0 las reales demandas y necesidades de las dimensiones social, productiva, econ\u00f3mica e institucional.<\/p>\n<p>Necesitamos un aparato productivo estatal que desarrolle mayores potencialidades sociot\u00e9cnicas de sus trabajadoras y trabajadores ,y que as\u00ed permita a las empresas p\u00fablicas posicionarse ante el cambio tecnol\u00f3gico , generar riqueza y\u00a0 divisas, para mejorar la calidad de vida de la sociedad en su conjunto pero ,principalmente, de las mayor\u00edas populares hoy tan afectadas. En suma, un Estado nacional con empresas p\u00fablicas para garantizar calidad de vida con <strong>justicia distributiva, social y clim\u00e1tica.<\/strong><\/p>\n<p>Un proyecto viable de naci\u00f3n demanda un robusto sector p\u00fablico que contribuya a potenciar la generaci\u00f3n de conocimiento y su aplicaci\u00f3n para resolver los problemas pr\u00e1cticos que afronta el desarrollo del pa\u00eds. A partir de las trayectorias y experiencias institucionales acumuladas, debe poder dise\u00f1ar<strong> pol\u00edticas p\u00fablicas sectoriales con representatividad y aptitud de respuesta en el volumen y calidad de bienes y servicios que se prestan a la sociedad<\/strong>. Debe fomentar la creaci\u00f3n de<strong> trabajo digno como pilar de una sociedad justa<\/strong>, construir condiciones para el pleno desarrollo de la sociedad, aprovechar las riquezas naturales, sin alterar de forma destructiva el equilibrio ecol\u00f3gico, el potencial humano y la innovaci\u00f3n tecnol\u00f3gica.<\/p>\n<p>El sector p\u00fablico productivo cuenta con una larga experiencia de gesti\u00f3n para asumir nuevos desaf\u00edos ante el <strong>cambio de paradigma tecnol\u00f3gico<\/strong>. Por ello entendemos que es urgente profundizar la discusi\u00f3n sobre el rol e impacto de las tecnolog\u00edas digitales en el mundo del trabajo. Desde las y los trabajadores de las empresas p\u00fablicas del sector productivo debemos desarrollar competencias y conocimiento para tener un rol activo ante el despliegue de los sistemas de producci\u00f3n inteligentes (Industria 4.0 inteligencia artificial (IA), rob\u00f3tica , Internet de las cosas (IoT). Y aportar en las actividades del estado que impliquen o requieran la adopci\u00f3n y transferencia de tecnolog\u00eda , para evitar el compre de \u201cllave en mano\u201d que profundiza la dependencia del aparato estatal con corporaciones tecnol\u00f3gicas extranjeras, e inhibe el desarrollo de conocimiento local\u00a0 .<\/p>\n<p>Es vital una estrategia de <strong>control p\u00fablico de nuestros recursos estrat\u00e9gicos<\/strong> y el desarrollo de una v\u00eda hacia la<strong> diversificaci\u00f3n de nuestras fuentes de energ\u00eda<\/strong>. El saber y la pr\u00e1ctica deben ponerse en funci\u00f3n de una <strong>transici\u00f3n justa con pol\u00edticas industriales<\/strong> que tengan a la vida en el centro, protegiendo el bienestar de las personas y del entorno que habitan. Los <strong>polos cient\u00edficos-tecnol\u00f3gicos integrados a las econom\u00edas regionales<\/strong> pueden volverse vectores de crecimiento ben\u00e9ficos para nuestra poblaci\u00f3n. As\u00ed se podr\u00e1n revertir los procesos de expulsi\u00f3n hacia los grandes centros urbanos debido al desmantelamiento de nuestro tejido productivo en d\u00e9cadas pasadas. A la par de ello, el fortalecimiento de nuestra <strong>industria naval <\/strong>nos permitir\u00e1 reconstruir, ampliar y abastecer a nuestras flotas pesqueras, comerciales y de Defensa, vitales para robustecer el ejercicio de nuestra soberan\u00eda sobre r\u00edos y mares.<\/p>\n<p>Reconocemos el rol esencial que ocupa el sector p\u00fablico para cualquier proyecto de desarrollo: su capacidad para <strong>generar conocimiento, fortalecer la autonom\u00eda nacional, instituir cadenas de valor local, y generar empleo formal, digno y de calidad<\/strong>. Un proyecto as\u00ed no puede circunscribirse s\u00f3lo a garantizar los derechos existentes de trabajadores y trabajadoras, sino que debe ser protagonista del proceso de planificaci\u00f3n y dise\u00f1o de pol\u00edticas econ\u00f3micas, laborales y productivas, generando empleo, redistribuci\u00f3n de la riqueza y expansi\u00f3n del bienestar.<\/p>\n<p>Por todos los principios y objetivos aqu\u00ed expuestos, las organizaciones hoy reunidas sostenemos que el desarrollo de nuestras capacidades industriales, cient\u00edficas y tecnol\u00f3gicas es una pieza fundamental\u00a0 en la construcci\u00f3n de un pa\u00eds soberano y justo.<\/p>\n<p>Apostamos por aunar esfuerzos y creatividad en la promoci\u00f3n de una v\u00eda de desarrollo aut\u00f3nomo; en la generaci\u00f3n de conocimiento anclado en las realidades de nuestro pueblo; en la defensa de la producci\u00f3n y el trabajo local como defensa de la soberan\u00eda.<\/p>\n<p>Sin la participaci\u00f3n de las organizaciones de trabajadores\/as no hay sector p\u00fablico.<\/p>\n<p>Sin el sector p\u00fablico no hay industria.<\/p>\n<p>Sin industria no hay soberan\u00eda.<\/p>\n<p>&nbsp;<\/p>\n<p style=\"text-align: center;\"><strong>COORDINACI\u00d3N NACIONAL DE TRABAJADORES\/AS DE LA INDUSTRIA (CNTI)<\/strong><\/p>\n<p style=\"text-align: center;\"><strong>CENTRAL DE TRABAJADORES DE LA ARGENTINA AUT\u00d3NOMA (CTA-A)<\/strong><\/p>\n<p>&nbsp;<\/p>\n<p><a href=\"http:\/\/www.ctainternacionales.org\/wp-content\/uploads\/2023\/09\/CNTIChaleco.jpg\"><img loading=\"lazy\" decoding=\"async\" class=\"aligncenter size-large wp-image-6718\" src=\"http:\/\/www.ctainternacionales.org\/wp-content\/uploads\/2023\/09\/CNTIChaleco.jpg\" alt=\"\" width=\"544\" height=\"292\" \/><\/a><a href=\"http:\/\/www.ctainternacionales.org\/wp-content\/uploads\/2023\/09\/CNTIPleca.jpg\"><img loading=\"lazy\" decoding=\"async\" class=\"aligncenter size-full wp-image-6719\" src=\"http:\/\/www.ctainternacionales.org\/wp-content\/uploads\/2023\/09\/CNTIPleca.jpg\" alt=\"\" width=\"544\" height=\"132\" \/><\/a><\/p>\n","protected":false},"excerpt":{"rendered":"En la sede de la UTN-Avellaneda se realiz\u00f3 el 13 de septiembre un encuentro sobre la industria, el rol del Estado y la \n<a class=\"moretag\" href=\"https:\/\/ctainternacionales.org\/?p=6710\"> [...]<\/a>","protected":false},"author":1,"featured_media":0,"comment_status":"closed","ping_status":"closed","sticky":false,"template":"","format":"standard","meta":{"ngg_post_thumbnail":0,"footnotes":""},"categories":[],"tags":[],"class_list":["post-6710","post","type-post","status-publish","format-standard","hentry"],"_links":{"self":[{"href":"https:\/\/ctainternacionales.org\/index.php?rest_route=\/wp\/v2\/posts\/6710","targetHints":{"allow":["GET"]}}],"collection":[{"href":"https:\/\/ctainternacionales.org\/index.php?rest_route=\/wp\/v2\/posts"}],"about":[{"href":"https:\/\/ctainternacionales.org\/index.php?rest_route=\/wp\/v2\/types\/post"}],"author":[{"embeddable":true,"href":"https:\/\/ctainternacionales.org\/index.php?rest_route=\/wp\/v2\/users\/1"}],"replies":[{"embeddable":true,"href":"https:\/\/ctainternacionales.org\/index.php?rest_route=%2Fwp%2Fv2%2Fcomments&post=6710"}],"version-history":[{"count":3,"href":"https:\/\/ctainternacionales.org\/index.php?rest_route=\/wp\/v2\/posts\/6710\/revisions"}],"predecessor-version":[{"id":6724,"href":"https:\/\/ctainternacionales.org\/index.php?rest_route=\/wp\/v2\/posts\/6710\/revisions\/6724"}],"wp:attachment":[{"href":"https:\/\/ctainternacionales.org\/index.php?rest_route=%2Fwp%2Fv2%2Fmedia&parent=6710"}],"wp:term":[{"taxonomy":"category","embeddable":true,"href":"https:\/\/ctainternacionales.org\/index.php?rest_route=%2Fwp%2Fv2%2Fcategories&post=6710"},{"taxonomy":"post_tag","embeddable":true,"href":"https:\/\/ctainternacionales.org\/index.php?rest_route=%2Fwp%2Fv2%2Ftags&post=6710"}],"curies":[{"name":"wp","href":"https:\/\/api.w.org\/{rel}","templated":true}]}}