{"id":668,"date":"2012-01-10T15:45:45","date_gmt":"2012-01-10T15:45:45","guid":{"rendered":"http:\/\/www.ctainternacionales.org\/?p=668"},"modified":"2012-02-10T22:18:54","modified_gmt":"2012-02-10T22:18:54","slug":"rio20-2","status":"publish","type":"post","link":"https:\/\/ctainternacionales.org\/?p=668","title":{"rendered":"R\u00edo+20"},"content":{"rendered":"<p>Entre el 15 y 23 de junio de este a\u00f1o, tendr\u00e1 lugar en Terrenos de Flamengo, en R\u00edo de Janeiro, la Cumbre de los Pueblos sobre R\u00edo+20 por la Justicia Social y Ambiental para proponer una nueva forma de vida en el planeta. <!--more--><\/p>\n<p><em><strong>Entre el 15 y 23 de junio de este a\u00f1o, tendr\u00e1 lugar en Terrenos de Flamengo, en R\u00edo de Janeiro, la Cumbre de los Pueblos sobre R\u00edo+20 por la Justicia Social y Ambiental. La sociedad civil global, las organizaciones, colectivos y movimientos sociales ocupar\u00e1n los terrenos para proponer una nueva forma de vida en el planeta, en solidaridad contra la mercantilizaci\u00f3n de la naturaleza y en defensa de los bienes comunes.<\/strong><\/em><\/p>\n<p>La Cumbre de los Pueblos tendr\u00e1 lugar en paralelo a la Conferencia de las Naciones Unidas sobre el Desarrollo Sostenible, R\u00edo +20. La reuni\u00f3n oficial marca el vig\u00e9simo aniversario de la Conferencia de las Naciones Unidas sobre el Medio Ambiente y Desarrollo (R\u00edo 92 o Eco 92). En estas dos d\u00e9cadas, la falta de acci\u00f3n para superar la injusticia social ha frustrado las expectativas del medio ambiente y desacreditado a la ONU. La agenda prevista para R\u00edo +20, la llamada \u00abeconom\u00eda verde\u00bb y las instituciones globales, es considerada por los organizadores de la Cumbre como insatisfactoria para hacer frente a la crisis del planeta, causado por los modelos de producci\u00f3n y consumo capitalista.<\/p>\n<p>Para hacer frente a los desaf\u00edos de la crisis sist\u00e9mica, la Cumbre de los Pueblos no s\u00f3lo ser\u00e1 un gran evento. Se trata de un proceso hist\u00f3rico de acumulaci\u00f3n y convergencia de las luchas locales, regionales y mundiales, que tiene como marco pol\u00edtico la lucha anticapitalista, clasista y anti-racista, anti-patriarcal y anti-homof\u00f3bica.<\/p>\n<p>La Cumbre de los Pueblos quiere, por lo tanto, transformar R\u00edo +20, en un momento de oportunidad para hacer frente a los graves problemas que enfrenta la humanidad y demostrar el poder pol\u00edtico del pueblo organizado. \u00abVamos reinventar el mundo\u00bb es nuestra vocaci\u00f3n y nuestra llamada a la participaci\u00f3n de las organizaciones y movimientos sociales en Brasil y el mundo. La convocatoria de la cumbre mundial se llevar\u00e1 a cabo durante el Foro Social Tem\u00e1tico el 28 de enero en Porto Alegre (RS). El Foro de este a\u00f1o es, por otra parte, la preparaci\u00f3n de la Cumbre.<strong><\/strong><\/p>\n<p>El Comit\u00e9 Facilitador de la Sociedad Civil para R\u00edo +20 est\u00e1 preparando el dise\u00f1o de la Cumbre de los Pueblos y el territorio que ocupar\u00e1 en Flamengo. El objetivo es que el espacio se organice en grupos de discusi\u00f3n auto-organizados, en la Asamblea Permanente de los Pueblos y en un espacio para que los movimientos sociales y organizaciones expongan, practiquen y dialoguen con la sociedad sobre sus experiencias y proyectos. Las acciones de la Cumbre est\u00e1n todos interconectados. Un grupo de trabajo sobre metodolog\u00eda fue creado para detallar la aplicaci\u00f3n de ese dise\u00f1o.<\/p>\n<p>La idea es que la Asamblea Permanente de los Pueblos, el principal foro pol\u00edtico de la Cumbre, se organice alrededor de tres ejes y discutir las causas estructurales de la actual crisis de la civilizaci\u00f3n, sin fragmentarlo en una crisis espec\u00edfica &#8211; energ\u00eda, financiera, alimentaria, del medio ambiente,. Por lo tanto, se espera reafirmar los nuevos paradigmas y alternativas construidas por la gente y el punto de la agenda pol\u00edtica para el pr\u00f3ximo per\u00edodo. El grupo de trabajo sobre la metodolog\u00eda propondr\u00e1 la mejor forma de organizar este debate y hacer valer los nuevos paradigmas.<\/p>\n<p>Los primeros dos d\u00edas de actividades de la Cumbre ser\u00e1n de actividades organizadas por los movimientos sociales locales, que est\u00e1n en constante lucha de resistencia a los impactos de los mega proyectos. Desde entonces, se crear\u00e1 un espacio de libre acceso, donde las organizaciones y los movimientos globales de la sociedad civil presentar\u00e1n experiencias y proyectos que demuestran c\u00f3mo se puede vivir en la sociedad de manera sostenible y solidaria, a diferencia del paradigma actual Por lo tanto, el territorio de la Cumbre de los Pueblos se organizar\u00e1 de una manera libre de la presencia de las empresas y sobre la base de la econom\u00eda solidaria, la agricultura, en las culturas digitales, las poblaciones de ind\u00edgenas y afrodescendientes. Esta reuni\u00f3n de la sociedad, tambi\u00e9n contar\u00e1 con lugares de inter\u00e9s cultural que estar\u00e1n abiertas hasta el d\u00eda 23, final de la Cumbre..<\/p>\n<p>El domingo 17, la organizaci\u00f3n de la Cumbre prepara una marcha para celebrar el acontecimiento. A partir del d\u00eda 18, se iniciar\u00e1n los debates autogestionados de la Asamblea Permanente de los Pueblos. El 20 de junio es el D\u00eda Internacional de la Movilizaci\u00f3n, con manifestaciones que enviar\u00e1n un mensaje claro e incisivo a la reuni\u00f3n oficial R\u00edo +20.<\/p>\n<p>&nbsp;<\/p>\n<p>(<em>10.01.2012<\/em>)<\/p>\n","protected":false},"excerpt":{"rendered":"Entre el 15 y 23 de junio de este a\u00f1o, tendr\u00e1 lugar en Terrenos de Flamengo, en R\u00edo de Janeiro, la Cumbre de \n<a class=\"moretag\" href=\"https:\/\/ctainternacionales.org\/?p=668\"> [...]<\/a>","protected":false},"author":1,"featured_media":0,"comment_status":"closed","ping_status":"closed","sticky":false,"template":"","format":"standard","meta":{"ngg_post_thumbnail":0,"footnotes":""},"categories":[],"tags":[],"class_list":["post-668","post","type-post","status-publish","format-standard","hentry"],"_links":{"self":[{"href":"https:\/\/ctainternacionales.org\/index.php?rest_route=\/wp\/v2\/posts\/668","targetHints":{"allow":["GET"]}}],"collection":[{"href":"https:\/\/ctainternacionales.org\/index.php?rest_route=\/wp\/v2\/posts"}],"about":[{"href":"https:\/\/ctainternacionales.org\/index.php?rest_route=\/wp\/v2\/types\/post"}],"author":[{"embeddable":true,"href":"https:\/\/ctainternacionales.org\/index.php?rest_route=\/wp\/v2\/users\/1"}],"replies":[{"embeddable":true,"href":"https:\/\/ctainternacionales.org\/index.php?rest_route=%2Fwp%2Fv2%2Fcomments&post=668"}],"version-history":[{"count":7,"href":"https:\/\/ctainternacionales.org\/index.php?rest_route=\/wp\/v2\/posts\/668\/revisions"}],"predecessor-version":[{"id":692,"href":"https:\/\/ctainternacionales.org\/index.php?rest_route=\/wp\/v2\/posts\/668\/revisions\/692"}],"wp:attachment":[{"href":"https:\/\/ctainternacionales.org\/index.php?rest_route=%2Fwp%2Fv2%2Fmedia&parent=668"}],"wp:term":[{"taxonomy":"category","embeddable":true,"href":"https:\/\/ctainternacionales.org\/index.php?rest_route=%2Fwp%2Fv2%2Fcategories&post=668"},{"taxonomy":"post_tag","embeddable":true,"href":"https:\/\/ctainternacionales.org\/index.php?rest_route=%2Fwp%2Fv2%2Ftags&post=668"}],"curies":[{"name":"wp","href":"https:\/\/api.w.org\/{rel}","templated":true}]}}