{"id":6670,"date":"2023-07-03T12:53:01","date_gmt":"2023-07-03T15:53:01","guid":{"rendered":"http:\/\/www.ctainternacionales.org\/?p=6670"},"modified":"2023-07-03T12:53:01","modified_gmt":"2023-07-03T15:53:01","slug":"continua-en-el-amba-el-proyecto-de-cta-y-oit-contra-la-informalidad-laboral","status":"publish","type":"post","link":"https:\/\/ctainternacionales.org\/?p=6670","title":{"rendered":"Contin\u00faa en el AMBA el proyecto de CTA y OIT contra la informalidad laboral"},"content":{"rendered":"<p><strong>Comenz\u00f3 este jueves el segundo ciclo del \u201cProyecto para el fortalecimiento de la transici\u00f3n de la econom\u00eda informal a la formalidad\u201d que impulsa la Secretar\u00eda de Relaciones Internacionales de la CTA-Aut\u00f3noma y la Organizaci\u00f3n Internacional del Trabajo (OIT).<\/strong><\/p>\n<p>\u00abEn estos\u00a040 a\u00f1os\u00a0de democracia\u00a0se ha consolidado la inequidad\u00a0estructural, por eso estamos\u00a0reunidos aqu\u00ed para avanzar en la organizaci\u00f3n\u00a0y construcci\u00f3n de estrategias\u00a0de abordaje efectivo para lograr el paso\u00a0de la informalidad a la formalidad laboral, eso requiere voluntad pol\u00edtica y organizativa para hacerla realidad. Neoliberalismo es la denominaci\u00f3n que obtuvo este capitalismo de descarte que quiere relegar a la supervivencia\u00a0a millones de seres humanos en todo el mundo. Nuestro desaf\u00edo es generar condiciones culturales, pol\u00edticas y organizativas para poder enfrentarlo cotidianamente y darle respuesta. Que nuestra\u00a0Central lleve 30 a\u00f1os como una organizaci\u00f3n de nuevo tipo, ratificando a todos como trabajadores, es\u00a0un triunfo pol\u00edtico de nuestra parte. Es\u00a0muy importante que este debate lo estemos\u00a0federalizando, como una estrategia\u00a0de poder en el territorio para seguir enfrentando al modelo neoliberal y capitalista y construir\u00a0un modelo desde la clase trabajadora\u00bb, salud\u00f3 el secretario general de la CTA-Aut\u00f3noma, Hugo Godoy, en la apertura del encuentro que se realiz\u00f3 en la sede nacional de esta central obrera. \u00a0Tambi\u00e9n agradeci\u00f3 \u00aba la OIT y a ACTRAV por alentar este tipo de encuentros y actividades\u00a0que buscan fortalecer el sentido de la organizaci\u00f3n sindical m\u00e1s all\u00e1 de la condici\u00f3n de empleo formal o informal\u00bb.<\/p>\n<p>El \u201cProyecto para el fortalecimiento de la transici\u00f3n de la econom\u00eda informal a la formalidad\u201d se comenz\u00f3 a desarrollar en 2021 abarcando cuatro bloques geogr\u00e1ficos: AMBA, Zona Pampeana, Noroeste y Noreste. Esta ambiciosa propuesta implic\u00f3 la participaci\u00f3n de compa\u00f1eras y compa\u00f1eros de la CTA-Aut\u00f3noma de 15 provincias y la elaboraci\u00f3n por parte del Instituto de Estudios y Formaci\u00f3n (IDEF-CTAA) de la investigaci\u00f3n \u201cLa informalidad (2019-2020). Un an\u00e1lisis en contexto de pandemia\u201d. Para este segundo ciclo se agregaron los datos laborales del ciclo 2021-2022.<\/p>\n<p>Este plan es un esfuerzo com\u00fan entre la Secretar\u00eda de Relaciones Internacionales de la CTA-Aut\u00f3noma y la Oficina de Actividades para los Trabajadores (ACTRAV), que es el principal v\u00ednculo entre la OIT y el mundo del trabajo a trav\u00e9s de uno de sus constituyentes: las organizaciones sindicales.<\/p>\n<p>La sede nacional de la CTA-Aut\u00f3noma fue el escenario para el lanzamiento de este segundo ciclo del proyecto. Un centenar de trabajadoras y trabajadores del\u00a0\u00c1rea Metropolitana de Buenos Aires (AMBA) que son parte de la CTA-Capital Federal y Buenos\u00a0Aires debatieron sobre esta problem\u00e1tica tan actual.<\/p>\n<p>Al respecto, el secretario de relaciones internacionales de la CTA, Adolfo Aguirre, valor\u00f3 la \u201cReolucion 204 de la OIT cuyo objetivo es\u00a0transitar\u00a0de la informalidad a la formalidad del trabajo. El Consenso de Washington y toda la metamorfosis\u00a0 de\u00a0la relaci\u00f3n capital-trabajo nos\u00a0han llevado a fortalecer la organizaci\u00f3n de los\u00a0trabajadores\u00a0desocupados, informales,\u00a0de cuidado. Con este acuerdo de varios\u00a0a\u00f1os\u00a0con la OIT hemos\u00a0decidi\u00f3 poner el eje prioritario en el perfeccionamiento y desarrollo de m\u00e1s\u00a0poder sindical y eso apunta\u00a0a que podamos\u00a0federalizar y tener encuentros\u00a0regionales. Este a\u00f1o ser\u00e1n en el AMBA, NEA, NOA y Regi\u00f3n Pampeana y el a\u00f1o que viene en Cuyo y Patagonia\u00bb. Y agreg\u00f3: \u00abTener datos duros, reconocer los\u00a0obst\u00e1culos\u00a0haciendo valer esta resoluci\u00f3n que la tienen que obedecer gobiernos\u00a0y empresarios. La CTA\u00a0se\u00a0ha puesto al hombro este eje. Visibilizar que la mayor\u00eda de la clase, no solo en la Argentina, est\u00e1 en la informalidad, la precarizaci\u00f3n o la desocupaci\u00f3n y para eso la soluci\u00f3n es la formalizaci\u00f3n del trabajo. Es\u00a0nuestra pelea y debe delinear nuestra estrategia\u00bb.<\/p>\n<p>Luego, Juan Jos\u00e9 Guilarte, especialista principal y director en Actividades con los Trabajadores de la OIT para el Cono Sur (ACTRAV), sostuvo: \u201cHist\u00f3ricamente el movimiento sindical\u00a0entend\u00eda el mundo del trabajo como esa persona que tenia un patr\u00f3n y que recib\u00eda un salario, con el concepto de que el trabajo no debe ser considerado como una mercanc\u00eda.\u00a0 A partir de los `90 reci\u00e9n se empieza a hablar del sector informal y c\u00f3mo desde el mundo sindical se pod\u00eda empezar a organizar. En 2010, se comenz\u00f3 a hablar de la econom\u00eda informal, que implica\u00a0no tener seguridad social, no poder hacer aporte al Estado y no tener relaci\u00f3n de dependencia. En 2017 se empez\u00f3 a trabajar para que gobiernos, empresarios y trabajadores afronten esta acci\u00f3n porque\u00a0millones est\u00e1n hoy d\u00eda fuera del sector formal. Por ejemplo, el 80% de la poblaci\u00f3n en Centroam\u00e9rica\u00a0no tendr\u00e1\u00a0una pensi\u00f3n, es el ciclo absoluto de la pobreza porque no tienen acceso a un trabajo decente y es un tema estructural.\u00a0 El mercado se regula para que millones entren en la informalidad\u00bb.<\/p>\n<p>La presencia de Guilarte sirvi\u00f3 para que los presentes\u00a0puedan informarse\u00a0\u00a0sobre\u00a0esta situaci\u00f3n. Call center, tareas de cuidado, comedores, merenderos, apoyo escolar, en salud,\u00a0trabajadoras del hogar, cuentapropistas, ambulantes, migrantes, territoriales, de barrios populares testimoniaron la situaci\u00f3n de precarizaci\u00f3n, tercerizaci\u00f3n, fraude laboral y explotaci\u00f3n que viven a diario. Compa\u00f1eras y compa\u00f1eros relataron el padecimiento de\u00a0la informalidad, la\u00a0condici\u00f3n\u00a0de ilegalidad. y la fuerza de la organizaci\u00f3n para combatir este flagelo. Tambi\u00e9n, el rol vital de la mujeres y la juventud.<\/p>\n<p>Finalmente, Luis Campos, coordinador del Observatorio del Derecho Social (ODS-CTAA), dio cuenta de las cifras de informalidad en la regi\u00f3n AMBA: \u201cLa precariedad laboral nos\u00a0cruza a todas\u00a0y todos, incluso\u00a0un trabajador con todo lo derecho a\u00fan puede estar\u00a0bajo una condici\u00f3n de precariedad laboral. Una tarea pendiente e analizar este t\u00f3pico\u00a0para tener motores y herramientas para la acci\u00f3n y la organizaci\u00f3n. Nuestra obligaci\u00f3n es visibilizar como organizaci\u00f3n\u00a0la tercerizaci\u00f3n, fragmentaci\u00f3n, precarizaci\u00f3n que usan los\u00a0empleadores\u00a0para maximizar su ganancia. Eso es\u00a0la informalidad\u00bb<\/p>\n<p>En lo que resta del a\u00f1o se realizar\u00e1n tres encuentros para Zona Pampeana, NOA y NEA. Varios\u00a0dirigentes\u00a0participaron de este encuentro como Pablo Spataro, secretario\u00a0general de la CTA-A Capital; Carlos D\u00edaz, secretario gremial de la CTA-A Buenos\u00a0Aires;\u00a0Daniel Joarjuria y Jorge Castro, integrantes\u00a0de la conducci\u00f3n nacional de la Central, entre otros.<\/p>\n","protected":false},"excerpt":{"rendered":"Comenz\u00f3 este jueves el segundo ciclo del \u201cProyecto para el fortalecimiento de la transici\u00f3n de la econom\u00eda informal a la formalidad\u201d que impulsa \n<a class=\"moretag\" href=\"https:\/\/ctainternacionales.org\/?p=6670\"> [...]<\/a>","protected":false},"author":1,"featured_media":0,"comment_status":"closed","ping_status":"closed","sticky":false,"template":"","format":"standard","meta":{"ngg_post_thumbnail":0,"footnotes":""},"categories":[],"tags":[],"class_list":["post-6670","post","type-post","status-publish","format-standard","hentry"],"_links":{"self":[{"href":"https:\/\/ctainternacionales.org\/index.php?rest_route=\/wp\/v2\/posts\/6670","targetHints":{"allow":["GET"]}}],"collection":[{"href":"https:\/\/ctainternacionales.org\/index.php?rest_route=\/wp\/v2\/posts"}],"about":[{"href":"https:\/\/ctainternacionales.org\/index.php?rest_route=\/wp\/v2\/types\/post"}],"author":[{"embeddable":true,"href":"https:\/\/ctainternacionales.org\/index.php?rest_route=\/wp\/v2\/users\/1"}],"replies":[{"embeddable":true,"href":"https:\/\/ctainternacionales.org\/index.php?rest_route=%2Fwp%2Fv2%2Fcomments&post=6670"}],"version-history":[{"count":1,"href":"https:\/\/ctainternacionales.org\/index.php?rest_route=\/wp\/v2\/posts\/6670\/revisions"}],"predecessor-version":[{"id":6672,"href":"https:\/\/ctainternacionales.org\/index.php?rest_route=\/wp\/v2\/posts\/6670\/revisions\/6672"}],"wp:attachment":[{"href":"https:\/\/ctainternacionales.org\/index.php?rest_route=%2Fwp%2Fv2%2Fmedia&parent=6670"}],"wp:term":[{"taxonomy":"category","embeddable":true,"href":"https:\/\/ctainternacionales.org\/index.php?rest_route=%2Fwp%2Fv2%2Fcategories&post=6670"},{"taxonomy":"post_tag","embeddable":true,"href":"https:\/\/ctainternacionales.org\/index.php?rest_route=%2Fwp%2Fv2%2Ftags&post=6670"}],"curies":[{"name":"wp","href":"https:\/\/api.w.org\/{rel}","templated":true}]}}