{"id":6666,"date":"2023-06-28T13:32:53","date_gmt":"2023-06-28T16:32:53","guid":{"rendered":"http:\/\/www.ctainternacionales.org\/?p=6666"},"modified":"2023-06-28T13:32:53","modified_gmt":"2023-06-28T16:32:53","slug":"jorajuria-hay-que-abordar-el-futuro-del-trabajo-centrado-en-las-personas","status":"publish","type":"post","link":"https:\/\/ctainternacionales.org\/?p=6666","title":{"rendered":"Jorajur\u00eda: \u201cHay que abordar el futuro del trabajo centrado en las personas\u201d"},"content":{"rendered":"<p><strong>El secretario administrativo de la CTA-Aut\u00f3noma, Daniel Jorajur\u00eda, se refiri\u00f3 a los aspectos m\u00e1s destacados que dej\u00f3 la 111\u00b0 Conferencia Internacional del Trabajo de la OIT.<\/strong><\/p>\n<p>Tras 14 d\u00edas intensos debates y reuniones previas, se clausur\u00f3 la 111\u00b0 Conferencia Internacional del Trabajo, en la ciudad de Ginebra, Suiza, la cual retorn\u00f3 a la presencialidad\u00a0 plena tras la pandemia de Covid-19. Cont\u00f3 con la presencia de 5.000 delegados de los 187 pa\u00edses miembros. Participaron 16 Jefes de Estados, el secretario general de las Naciones Unidas, Ant\u00f3nio Guterres, Ministros de Trabajo y representantes de trabajadores \u00a0y empleadores de todo el mundo.<\/p>\n<p>La delegaci\u00f3n argentina ante la Organizaci\u00f3n Internacional del Trabajo (OIT) estuvo presidida por la ministra de Trabajo, Raquel \u00a0Olmos; el equipo t\u00e9cnico fue coordinado por el Director Internacional de dicho Ministerio, Gerardo Corres; la delegaci\u00f3n argentina se completo con la presencia de 30 representantes de los \u00a0empleadores e igual n\u00famero de la centrales sindicales. La \u00a0CTA-Aut\u00f3noma estuvo encabezada por Adolfo Aguirre, secretario de relaciones internacionales; Daniel Jorajur\u00eda, secretario administrativo; Cecilia Gregori de la Asociaci\u00f3n Personal Jer\u00e1rquico de Bancos Oficiales. (APJBO); Mat\u00edas Fachal, secretario general de la Federaci\u00f3n Judicial Argentina (FJA); y Ernesto Trigo, secretario general del Sindicato Argentina de la Manufactura del Cuero (SAMC).<\/p>\n<p>Jorajur\u00eda, como coordinador y especialista de la delegaci\u00f3n de la CTA-A, analiz\u00f3 los puntos m\u00e1s destacados de la 111\u00ba Conferencia de la OIT. \u201cEs la coronaci\u00f3n de todo un a\u00f1o de trabajo, donde nuestra central junto a la CSA (Confederaci\u00f3n Sindical de las Am\u00e9ricas) y la CSI (Confederaci\u00f3n Sindical Internacional) fija posici\u00f3n sobre los temas que van\u00a0 a abordar y sobre los pa\u00edses que van a juzgar por violaciones a las normas internacionales\u201d, explic\u00f3. \u201cNuestra delegaci\u00f3n se multiplic\u00f3 para cubrir todas las actividades, desde reuniones bilaterales\u00a0 de car\u00e1cter pol\u00edtico conducidas por nuestro Secretario de Relaciones Internacionales, pasando por las responsabilidades que asumi\u00f3 cada integrante en las respectivas comisiones de trabajo\u201d.<\/p>\n<p>El dirigente inform\u00f3 que \u201cparticipamos en el acto de homenaje a Salvador Allende, al cumplirse 50 a\u00f1os del Golpe de Estado, este reconocimiento fue organizado por la CUT de Chile; asimismo, se march\u00f3 junto a las mujeres de Suiza y otras nacionalidades en el marco de la huelga general hist\u00f3rica y multitudinaria del d\u00eda 14 de junio; se asisti\u00f3 a la Cumbre Mundial del Trabajo de Alto Nivel por una Justicia Social para Todos y Todas\u201d. Y a\u00f1adi\u00f3: \u201cPor \u00faltimo, se particip\u00f3 en el d\u00eda final de la plenaria en el Palacio de las Naciones, donde se efectuaron las votaciones, se adoptaron las resoluciones finales y se realiz\u00f3 la clausura de la conferencia, en la cual tuvimos la oportunidad de saludar y felicitar en su primera\u00a0 conferencia al flamante director general, Gilbert Houngbo\u201d.<\/p>\n<p><strong>\u00bfCu\u00e1les son sus primeras reflexiones de la Conferencia?<\/strong><\/p>\n<p>Que a pesar de la crisis, de un mundo en guerra, la OIT sigui\u00f3 siendo la casa del Dialogo Social Tripartito e institucionalizado, donde se volvi\u00f3 a avanzar en la protecci\u00f3n de los trabajadores. Fue una conferencia de avance, se adopt\u00f3 una nueva norma sobre Aprendizaje\u00a0 de Calidad. La Declaraci\u00f3n del Centenario establec\u00eda poner en el centro de las pol\u00edticas econ\u00f3micas y sociales a las personas y en un mundo en constante evoluci\u00f3n propon\u00eda la adquisici\u00f3n de competencias para todos y todas a lo largo de toda la vida. Esta recomendaci\u00f3n establece una protecci\u00f3n muy amplia para los aprendices.<\/p>\n<p><strong>\u00bfPor ejemplo?<\/strong><\/p>\n<p>Contrato escrito, remunerado, con plazo fijo, con licencias y vacaciones pagas; derechos de salud y seguridad remuneradas; indemnizaci\u00f3n por accidente o enfermedad; reconocimiento de sus competencias y capacidades adquiridas; como as\u00ed tambi\u00e9n el derecho a la \u00a0libertad\u00a0 sindical y negociaci\u00f3n colectiva. Fue un gran logro en esta conferencia porque en un mundo en constante evoluci\u00f3n es importante garantizar oportunidades de cualificarse y perfeccionarse a lo largo de la vida con derechos y protecci\u00f3n.<\/p>\n<p><strong>\u00bfQu\u00e9 otros avances destacar\u00eda?<\/strong><\/p>\n<p>Avances en materia de \u201cProtecci\u00f3n Laboral\u201d siguiendo los lineamientos de la Comisi\u00f3n de Empleo de la conferencia pasada para asegurar una justa distribuci\u00f3n de los frutos del progreso y del crecimiento de la productividad, as\u00ed como la instrumentaci\u00f3n de medidas pol\u00edticas coherentes y alianzas, inclusive con la organizaci\u00f3n del comercio y con instituciones financieras internacionales, liderando la coalici\u00f3n mundial para la Justicia Social y la complementariedad entre protecci\u00f3n de los trabajadores y las pol\u00edticas de empleo, seguridad social, fiscal y macroecon\u00f3micas.<\/p>\n<p>Tambi\u00e9n hubo progresos en la investigaci\u00f3n sobre el concepto de \u201cSalarios Vitales\u201d y su estimaci\u00f3n para un entendimiento com\u00fan; a la vez que estableci\u00f3 la pertinencia de que la relaci\u00f3n de trabajo es la principal puerta de acceso a la protecci\u00f3n de los trabajadores, promueve controles indefinidos, mayores recursos humanos y financieros en la inspecci\u00f3n del trabajo.<\/p>\n<p>Por \u00faltimo, el otro gran tema lo abord\u00f3 la Comisi\u00f3n sobre \u201cLa Transici\u00f3n Justa Hacia Econom\u00edas y Sociedades Ambientalmente Sostenibles para Todos\u201d. La inacci\u00f3n \u00a0ante el cambio clim\u00e1tico y medioambiental pone en peligro el bienestar de las personas y del planeta, exacerba las desigualdades y la exclusi\u00f3n; por ello se hace imprescindible abordar y promover una transici\u00f3n justa para lograr justicia social para un futuro del trabajo centrado en las personas y el desarrollo sostenible. La Comisi\u00f3n inst\u00f3 a gobiernos, empleadores y trabajadores a una acci\u00f3n concertada a favor de una transici\u00f3n justa, y reafirm\u00f3 que los costos de la inacci\u00f3n ser\u00e1n superiores a las inversiones para producir resultados econ\u00f3micos y sociales positivos.<\/p>\n<p><strong>\u00bfQu\u00e9 sucedi\u00f3 en la comisi\u00f3n pol\u00edtica por excelencia que es la Comisi\u00f3n de Normas?<\/strong><\/p>\n<p>All\u00ed se logr\u00f3 aprobar misiones de la OIT de \u201ccontacto directo\u201d ante los gobiernos de Per\u00fa y El Salvador. Se exigi\u00f3 al gobierno de Costa Rica un informe exhaustivo antes del 1\u00b0 de septiembre, pero nos qued\u00f3 el trago amargo de Guatemala, siempre blindada, que qued\u00f3 en \u201csituaci\u00f3n general de impunidad\u201d ya que no prosper\u00f3 una Misi\u00f3n Especial Tripartita. Pudimos levantar en cada discurso el Derecho de Huelga, pero sigue bloqueado por los empleadores para las conclusiones de la Comisi\u00f3n de Aplicaci\u00f3n de Normas.<\/p>\n<p>Por \u00faltimo, este lunes fuimos convocados por la Ministra de Trabajo para hacer un balance de la participaci\u00f3n Argentina, de la cual\u00a0 tambi\u00e9n estuvieron presentes el viceministro Marcelo Bellotti, el director internacional Gerardo Corres, m\u00e1s otros funcionarios y t\u00e9cnicos\u00a0 presentes en la conferencia.<\/p>\n<p>Agradecimos a la Ministra su intervenci\u00f3n directa ante las denuncias a los gobiernos de Jujuy y Salta por las restricciones a las libertades p\u00fablicas y el avasallamiento a los Pueblos Originarios.<\/p>\n<p>Valoramos la cohesi\u00f3n de toda la delegaci\u00f3n argentina tripartita y de la Ministra, que a instancias de las centrales sindicales lanz\u00f3 la iniciativa de trabajar fuertemente en el GRULAC (Grupo de Gobiernos de\u00a0 Am\u00e9rica Latina y el Caribe) para terminar con las asimetr\u00edas de la regi\u00f3n en materia de derechos, como sucede por ejemplo Centroam\u00e9rica y as\u00ed avanzar en una \u201cCarta Social de Derechos para Am\u00e9rica Latina y el Caribe\u201d.<\/p>\n","protected":false},"excerpt":{"rendered":"El secretario administrativo de la CTA-Aut\u00f3noma, Daniel Jorajur\u00eda, se refiri\u00f3 a los aspectos m\u00e1s destacados que dej\u00f3 la 111\u00b0 Conferencia Internacional del Trabajo \n<a class=\"moretag\" href=\"https:\/\/ctainternacionales.org\/?p=6666\"> [...]<\/a>","protected":false},"author":1,"featured_media":0,"comment_status":"closed","ping_status":"closed","sticky":false,"template":"","format":"standard","meta":{"ngg_post_thumbnail":0,"footnotes":""},"categories":[],"tags":[],"class_list":["post-6666","post","type-post","status-publish","format-standard","hentry"],"_links":{"self":[{"href":"https:\/\/ctainternacionales.org\/index.php?rest_route=\/wp\/v2\/posts\/6666","targetHints":{"allow":["GET"]}}],"collection":[{"href":"https:\/\/ctainternacionales.org\/index.php?rest_route=\/wp\/v2\/posts"}],"about":[{"href":"https:\/\/ctainternacionales.org\/index.php?rest_route=\/wp\/v2\/types\/post"}],"author":[{"embeddable":true,"href":"https:\/\/ctainternacionales.org\/index.php?rest_route=\/wp\/v2\/users\/1"}],"replies":[{"embeddable":true,"href":"https:\/\/ctainternacionales.org\/index.php?rest_route=%2Fwp%2Fv2%2Fcomments&post=6666"}],"version-history":[{"count":1,"href":"https:\/\/ctainternacionales.org\/index.php?rest_route=\/wp\/v2\/posts\/6666\/revisions"}],"predecessor-version":[{"id":6668,"href":"https:\/\/ctainternacionales.org\/index.php?rest_route=\/wp\/v2\/posts\/6666\/revisions\/6668"}],"wp:attachment":[{"href":"https:\/\/ctainternacionales.org\/index.php?rest_route=%2Fwp%2Fv2%2Fmedia&parent=6666"}],"wp:term":[{"taxonomy":"category","embeddable":true,"href":"https:\/\/ctainternacionales.org\/index.php?rest_route=%2Fwp%2Fv2%2Fcategories&post=6666"},{"taxonomy":"post_tag","embeddable":true,"href":"https:\/\/ctainternacionales.org\/index.php?rest_route=%2Fwp%2Fv2%2Ftags&post=6666"}],"curies":[{"name":"wp","href":"https:\/\/api.w.org\/{rel}","templated":true}]}}