{"id":6642,"date":"2023-06-05T15:07:24","date_gmt":"2023-06-05T18:07:24","guid":{"rendered":"http:\/\/www.ctainternacionales.org\/?p=6642"},"modified":"2023-06-05T15:07:24","modified_gmt":"2023-06-05T18:07:24","slug":"oit-la-delegacion-de-la-cta-esta-en-suiza","status":"publish","type":"post","link":"https:\/\/ctainternacionales.org\/?p=6642","title":{"rendered":"OIT: La Delegaci\u00f3n de la CTA est\u00e1 en Suiza"},"content":{"rendered":"<p><strong>La Organizaci\u00f3n Internacional del Trabajo celebra su 111\u00aa Conferencia anual en Ginebra del 5 al 16 de junio de 2023. 7.000 delegados de trabajadores, empleadores y gobiernos de los 187 Estados Miembros abordar\u00e1n tem\u00e1ticas como una transici\u00f3n justa hacia econom\u00edas sostenibles e inclusivas, aprendizajes de calidad, y la protecci\u00f3n de los trabajadores. El secretario de relaciones internacionales de la CTA-Aut\u00f3noma, Adolfo Aguirre, llam\u00f3 a trabajar en una \u00abjusticia distributiva\u00bb.<br \/>\n<\/strong><\/p>\n<p>La apertura de la Conferencia estuvo a cargo del director General de la OIT, Gilbert F. Houngbo, quien afirm\u00f3: \u201cMi mensaje es simple, no hay que practicar la pol\u00edtica del avestruz, todos los cambios son oportunidades para un futuro mejor y, sin embargo, en la misma l\u00ednea las problem\u00e1ticas se profundizan, 400 millones de trabajadores no tienen protecci\u00f3n y millones est\u00e1n en el umbral de pobreza\u201d.<\/p>\n<p>La delegaci\u00f3n de la CTA-Aut\u00f3noma est\u00e1 encabezada por el secretario de relaciones internacionales, Adolfo Aguirre; el secretario administrativo y coordinador de la delegaci\u00f3n, Daniel Jorajur\u00eda; y Mar\u00eda Cecilia Gregori, representante de la Asociaci\u00f3n Personal Jer\u00e1rquico de Bancos Oficiales (APJBO), los tres en su car\u00e1cter de Consejeros T\u00e9cnicos de la Delegaci\u00f3n\u00a0 con voz y voto en la Conferencia. En la segunda \u00a0semana se incorporar\u00e1n Mat\u00edas Fachal, secretario general de la Federaci\u00f3n Judicial Argentina (FJA); y Enrique Trigo, secretario general \u00a0del Sindicato Argentino de la Manufactura del Cuero (SAMC).<a href=\"http:\/\/www.ctainternacionales.org\/wp-content\/uploads\/2023\/06\/DelegacionCTAOIT.jpg\"><img loading=\"lazy\" decoding=\"async\" class=\"aligncenter size-full wp-image-6644\" src=\"http:\/\/www.ctainternacionales.org\/wp-content\/uploads\/2023\/06\/DelegacionCTAOIT.jpg\" alt=\"\" width=\"486\" height=\"549\" \/><\/a><\/p>\n<p>La conferencia, que comenz\u00f3 hoy lunes 5, y se extender\u00e1 hasta el 16 de junio, abordar\u00e1 una amplia gama de temas como \u201cUna transici\u00f3n justa hacia econom\u00edas sostenibles e inclusivas\u201d; \u201cAprendizajes de Calidad \u201c; \u201cProtecci\u00f3n de los Trabajadores\u201d. En ese marco, Houngbo se\u00f1al\u00f3 que su mandato hist\u00f3rico es crear una \u201cCoalici\u00f3n Mundial para la Justicia Social\u201d.<\/p>\n<p>En la apertura, Adolfo Aguirre subray\u00f3: \u00abQuiero reivindicar la posibilidad en la que estamos de poder renovar una l\u00ednea discursiva sobre transici\u00f3n justa, que incorpore tambi\u00e9n otros conceptos entre justicia ambiental, justicia clim\u00e1tica y tambi\u00e9n justicia distributiva\u00bb.<\/p>\n<p>El dirigente, que tambi\u00e9n es coordinador general nacional de la Coordinaci\u00f3n Nacional de Trabajadoras\/es de la Industria, (CNTI-CTA) sostuvo: \u00bb\u00a0 <span class=\"css-901oao css-16my406 r-poiln3 r-bcqeeo r-qvutc0\">\u00abEstamos pensando en la reindustrializaci\u00f3n, y esa palabra tiene que aparecer tambi\u00e9n como una m\u00fasica que nos agrade porque eso genera nuevos trabajos y convocatorias para que el eje organizador de esta humanidad est\u00e9 basado en el trabajo y la Justicia social\u00bb.<a href=\"http:\/\/www.ctainternacionales.org\/wp-content\/uploads\/2023\/06\/FitoOIT.jpg\"><img loading=\"lazy\" decoding=\"async\" class=\"aligncenter size-large wp-image-6645\" src=\"http:\/\/www.ctainternacionales.org\/wp-content\/uploads\/2023\/06\/FitoOIT-1024x771.jpg\" alt=\"\" width=\"1024\" height=\"771\" \/><\/a><\/span><\/p>\n<p>La delegaci\u00f3n de la CTA-A particip\u00f3 este domingo una reuni\u00f3n con la Confederaci\u00f3n Sindical Internacional (CSI), en la cual se designaron los voceros, autoridades y representantes de los trabajadores para la 111\u00ba Conferencia. Por la tarde, participaron de la Plenaria de los Trabajadores de la CSI y de la Federaci\u00f3n Sindical Mundial (FSM).<\/p>\n<p>Durante la jornada de hoy, la delegaci\u00f3n encabezada por Adolfo Aguirre marc\u00f3 su preocupaci\u00f3n y repudio a que los gobiernos de la regi\u00f3n Asia-Pacifico designaran a Qatar como presidente de la Conferencia, ya que este pa\u00eds ha ratificado s\u00f3lo seis de los 190 Convenios promulgados por OIT. Tampoco refrend\u00f3 el Convenio T\u00e9cnico. \u201cEs inaudito e inaceptable que quienes no respetan el tripartismo y el Di\u00e1logo Social est\u00e9n presidiendo una conferencia\u00a0 e instituci\u00f3n cuyo principio fundacional justamente es el tripartismo y el Di\u00e1logo Social\u201d, rechaz\u00f3 el dirigente.<\/p>\n<p>Cabe destacar que el\u00a0 14 y 15 de junio se realizar\u00e1 \u201cla Cumbre sobre el Mundo del Trabajo: Justicia Social para Todos\u201d.<\/p>\n<p>La Conferencia Internacional del Trabajo (CIT) establece las normas internacionales del trabajo y las pol\u00edticas generales de la OIT. Se re\u00fane anualmente en Ginebra. A menudo denominada parlamento internacional del trabajo, la Conferencia es tambi\u00e9n un foro de discusi\u00f3n de las principales cuestiones sociales y laborales. Cada Estado miembro est\u00e1 representado por dos delegados del gobierno, de los empresarios y de los trabajadores. Adem\u00e1s, es el \u00fanico ente tripartito de Naciones Unidas.<\/p>\n","protected":false},"excerpt":{"rendered":"La Organizaci\u00f3n Internacional del Trabajo celebra su 111\u00aa Conferencia anual en Ginebra del 5 al 16 de junio de 2023. 7.000 delegados de \n<a class=\"moretag\" href=\"https:\/\/ctainternacionales.org\/?p=6642\"> [...]<\/a>","protected":false},"author":1,"featured_media":0,"comment_status":"closed","ping_status":"closed","sticky":false,"template":"","format":"standard","meta":{"ngg_post_thumbnail":0,"footnotes":""},"categories":[],"tags":[],"class_list":["post-6642","post","type-post","status-publish","format-standard","hentry"],"_links":{"self":[{"href":"https:\/\/ctainternacionales.org\/index.php?rest_route=\/wp\/v2\/posts\/6642","targetHints":{"allow":["GET"]}}],"collection":[{"href":"https:\/\/ctainternacionales.org\/index.php?rest_route=\/wp\/v2\/posts"}],"about":[{"href":"https:\/\/ctainternacionales.org\/index.php?rest_route=\/wp\/v2\/types\/post"}],"author":[{"embeddable":true,"href":"https:\/\/ctainternacionales.org\/index.php?rest_route=\/wp\/v2\/users\/1"}],"replies":[{"embeddable":true,"href":"https:\/\/ctainternacionales.org\/index.php?rest_route=%2Fwp%2Fv2%2Fcomments&post=6642"}],"version-history":[{"count":1,"href":"https:\/\/ctainternacionales.org\/index.php?rest_route=\/wp\/v2\/posts\/6642\/revisions"}],"predecessor-version":[{"id":6646,"href":"https:\/\/ctainternacionales.org\/index.php?rest_route=\/wp\/v2\/posts\/6642\/revisions\/6646"}],"wp:attachment":[{"href":"https:\/\/ctainternacionales.org\/index.php?rest_route=%2Fwp%2Fv2%2Fmedia&parent=6642"}],"wp:term":[{"taxonomy":"category","embeddable":true,"href":"https:\/\/ctainternacionales.org\/index.php?rest_route=%2Fwp%2Fv2%2Fcategories&post=6642"},{"taxonomy":"post_tag","embeddable":true,"href":"https:\/\/ctainternacionales.org\/index.php?rest_route=%2Fwp%2Fv2%2Ftags&post=6642"}],"curies":[{"name":"wp","href":"https:\/\/api.w.org\/{rel}","templated":true}]}}