{"id":6628,"date":"2023-03-20T13:51:39","date_gmt":"2023-03-20T16:51:39","guid":{"rendered":"http:\/\/www.ctainternacionales.org\/?p=6628"},"modified":"2023-03-20T13:51:39","modified_gmt":"2023-03-20T16:51:39","slug":"lineamientos-para-un-modelo-de-codigo-de-trabajo-para-america-latina-y-el-caribe","status":"publish","type":"post","link":"https:\/\/ctainternacionales.org\/?p=6628","title":{"rendered":"Lineamientos para un Modelo de C\u00f3digo de Trabajo para Am\u00e9rica Latina y el Caribe"},"content":{"rendered":"<div class=\"Collapsible\">\n<div class=\"Collapsible__contentOuter\">\n<div class=\"Collapsible__contentInner\">\n<p class=\"ADBE_CM_ADBE_CM_FULL_JUSTIFICATION ADBE_CM_adbe_text_0009 ADBE_CM_adbe_style_002001 ADBE_E_P\" lang=\"es\" data-page=\"3\">La <span class=\"ADBE_CM_adbe_text_0007 ADBE_E_Span\" data-page=\"3\">hoja de ruta para el fortalecimiento y transformaci\u00f3n sindical<\/span><span class=\"ADBE_CM_adbe_text_000a ADBE_E_Span\" data-page=\"3\"> de la CSA impulsa los \u201c<\/span><span class=\"ADBE_CM_adbe_text_0007 ADBE_E_Span\" data-page=\"3\">Lineamientos para un <\/span><span class=\"ADBE_CM_adbe_text_000b ADBE_E_Span\" data-page=\"3\">modelo de C\u00f3digo de Trabajo de la Regi\u00f3n\u201d <\/span>en la necesidad de construir una referencia sobre los derechos, principios y el marco general para impulsar un debate regional que ayude a los sindicatos a disputar el relato y contenidos de las iniciativas de reforma o revisi\u00f3n de los c\u00f3digos y leyes laborales que se presentan en la mayor\u00eda de los pa\u00edses.<\/p>\n<\/div>\n<\/div>\n<\/div>\n<p class=\"ADBE_CM_adbe_text_0000 ADBE_CM_adbe_style_000000 ADBE_E_P\" lang=\"es\" data-page=\"1\">La Confederaci\u00f3n Sindical de Trabajadores y Trabajadoras de las Am\u00e9ricas (CSA), organizaci\u00f3n que afilia a 49 organizaciones sindicales nacionales de 22 pa\u00edses y que representan a m\u00e1s de 55 millones de trabajadoras y trabajadores en la regi\u00f3n, desde su fundaci\u00f3n en abril de 2008 ha mantenido como su prioridad central la defensa de la libertad sindical, la negociaci\u00f3n colectiva y el derecho de huelga como el coraz\u00f3n de la acci\u00f3n y vida de los sindicatos. A partir de ah\u00ed venimos acompa\u00f1ando y fortaleciendo la defensa del conjunto de los derechos individuales y colectivos de la diversidad de la clase trabajadora.<\/p>\n<p class=\"ADBE_CM_adbe_text_0000 ADBE_CM_adbe_style_000000 ADBE_E_P\" lang=\"es\" data-page=\"1\">\u00abSiendo Am\u00e9rica Latina y el Caribe una de las regiones del mundo donde m\u00e1s se desconocen las libertades sindicales y de mayor violencia respecto de la acci\u00f3n de los sindicalistas, sabemos que no basta con tener el reconocimiento formal de los derechos en constituciones, leyes o c\u00f3digos de trabajo. Hay una realidad concreta de la econom\u00eda, la pol\u00edtica, las relaciones sociales e ideol\u00f3gicas que conspiran contra los sindicatos y que contribuyen a una cultura antisindical y rechazo a la acci\u00f3n colectiva de los\/as trabajadores\/as\u00bb, expresaron desde la Confederaci\u00f3n.<\/p>\n<div class=\"Collapsible\">\n<div class=\"Collapsible__contentOuter\">\n<div class=\"Collapsible__contentInner\">\n<p class=\"ADBE_CM_ADBE_CM_FULL_JUSTIFICATION ADBE_CM_adbe_text_0009 ADBE_CM_adbe_style_002002 ADBE_E_P\" lang=\"es\" data-page=\"3\">Desde la CSA \u00abesta comprensi\u00f3n ha estado presente siempre y por eso mantenemos la defensa de la libertad sindical como prioridad estrat\u00e9gica y a partir de all\u00ed hemos desarrollado m\u00faltiples iniciativas y acciones. Una de ellas ha sido la constituci\u00f3n y funcionamiento del Equipo Jur\u00eddico Sindical, que ha permitido fortalecer la acci\u00f3n de los sindicatos en la OIT y otros escenarios como la Comisi\u00f3n y Corte Interamericana de DDHH, as\u00ed como acompa\u00f1ar la acci\u00f3n en los pa\u00edses para enfrentar los ataques a los derechos sindicales\u00bb.<\/p>\n<p class=\"ADBE_CM_ADBE_CM_FULL_JUSTIFICATION ADBE_CM_adbe_text_0009 ADBE_CM_adbe_style_002001 ADBE_E_P\" lang=\"es\" data-page=\"3\">Asimismo, reconocen que \u00abel mundo del trabajo ha cambiado y que las transformaciones econ\u00f3micas y tecnol\u00f3gicas han alterado la realidad para el ejercicio y acci\u00f3n de los derechos de las\/os trabajadoras\/es. Igualmente, estas realidades han disminuido la capacidad de los sindicatos para afiliar y representar a la diversidad de la clase trabajadora de este tiempo\u00bb.<\/p>\n<p class=\"ADBE_CM_ADBE_CM_FULL_JUSTIFICATION ADBE_CM_adbe_text_0009 ADBE_CM_adbe_style_002001 ADBE_E_P\" lang=\"es\" data-page=\"3\">Por estas razones desde la CSA y como parte del contenido de la <span class=\"ADBE_CM_adbe_text_0007 ADBE_E_Span\" data-page=\"3\">Hoja de Ruta para el Fortalecimiento y Transformaci\u00f3n Sindical<\/span><span class=\"ADBE_CM_adbe_text_000a ADBE_E_Span\" data-page=\"3\">, hen impulsado estos \u201c<\/span><span class=\"ADBE_CM_adbe_text_0007 ADBE_E_Span\" data-page=\"3\">Lineamientos para un <\/span><span class=\"ADBE_CM_adbe_text_000b ADBE_E_Span\" data-page=\"3\">modelo de C\u00f3digo de Trabajo de la Regi\u00f3n\u201d, <\/span>conscientes de la necesidad de construir un referente sobre los derechos, principios y marco general para impulsar un debate regional que ayude a los sindicatos a disputar el relato y contenidos de las iniciativas de reforma o revisi\u00f3n de los c\u00f3digos y leyes laborales que se presentan en la mayor\u00eda de los pa\u00edses.<\/p>\n<\/div>\n<\/div>\n<\/div>\n<p class=\"ADBE_CM_ADBE_CM_FULL_JUSTIFICATION ADBE_CM_adbe_text_0009 ADBE_CM_adbe_style_002001 ADBE_E_P\" lang=\"es\" data-page=\"3\">Construido de forma participativa y colaborativa entre especialistas y dirigentes sindicales de las centrales afiliadas y fraternas, de los Sindicatos Globales, as\u00ed como de las\/os integrantes del Equipo Jur\u00eddico Sindical, <span class=\"ADBE_CM_adbe_text_000b ADBE_E_Span\" data-page=\"3\">\u201cLos Lineamientos\u201d <\/span>ser\u00e1n una de las iniciativas, junto con la Plataforma de Desarrollo de las Am\u00e9ricas (PLADA) y otros instrumentos elaborados por la CSA, para presentar a los gobiernos de la regi\u00f3n para colocar el trabajo decente, la generaci\u00f3n de empleo, la protecci\u00f3n social y la garant\u00eda de los derechos laborales como componentes centrales de las pol\u00edticas necesarias a ser adoptadas para superar las m\u00faltiples crisis que afectan las condiciones de vida de millones de trabajadoras y trabajadores de Am\u00e9rica Latina y el Caribe.<\/p>\n<div class=\"pdfemb-viewer\">\n<div class=\"pdfemb-pagescontainer grab-to-pan-grab\">\n<div class=\"pdfemb-inner-div pdfemb-page1\">Enlace a los Lineamientos: <a href=\"https:\/\/csa-csi.org\/2023\/03\/17\/lineamientos-para-un-modelo-de-codigo-de-trabajo-para-america-latina-y-el-caribe\/\">https:\/\/csa-csi.org\/2023\/03\/17\/lineamientos-para-un-modelo-de-codigo-de-trabajo-para-america-latina-y-el-caribe\/<\/a><\/div>\n<\/div>\n<\/div>\n<div class=\"pdfemb-pagescontainer grab-to-pan-grab\"><\/div>\n","protected":false},"excerpt":{"rendered":"La hoja de ruta para el fortalecimiento y transformaci\u00f3n sindical de la CSA impulsa los \u201cLineamientos para un modelo de C\u00f3digo de Trabajo \n<a class=\"moretag\" href=\"https:\/\/ctainternacionales.org\/?p=6628\"> [...]<\/a>","protected":false},"author":1,"featured_media":0,"comment_status":"closed","ping_status":"closed","sticky":false,"template":"","format":"standard","meta":{"ngg_post_thumbnail":0,"footnotes":""},"categories":[],"tags":[],"class_list":["post-6628","post","type-post","status-publish","format-standard","hentry"],"_links":{"self":[{"href":"https:\/\/ctainternacionales.org\/index.php?rest_route=\/wp\/v2\/posts\/6628","targetHints":{"allow":["GET"]}}],"collection":[{"href":"https:\/\/ctainternacionales.org\/index.php?rest_route=\/wp\/v2\/posts"}],"about":[{"href":"https:\/\/ctainternacionales.org\/index.php?rest_route=\/wp\/v2\/types\/post"}],"author":[{"embeddable":true,"href":"https:\/\/ctainternacionales.org\/index.php?rest_route=\/wp\/v2\/users\/1"}],"replies":[{"embeddable":true,"href":"https:\/\/ctainternacionales.org\/index.php?rest_route=%2Fwp%2Fv2%2Fcomments&post=6628"}],"version-history":[{"count":1,"href":"https:\/\/ctainternacionales.org\/index.php?rest_route=\/wp\/v2\/posts\/6628\/revisions"}],"predecessor-version":[{"id":6630,"href":"https:\/\/ctainternacionales.org\/index.php?rest_route=\/wp\/v2\/posts\/6628\/revisions\/6630"}],"wp:attachment":[{"href":"https:\/\/ctainternacionales.org\/index.php?rest_route=%2Fwp%2Fv2%2Fmedia&parent=6628"}],"wp:term":[{"taxonomy":"category","embeddable":true,"href":"https:\/\/ctainternacionales.org\/index.php?rest_route=%2Fwp%2Fv2%2Fcategories&post=6628"},{"taxonomy":"post_tag","embeddable":true,"href":"https:\/\/ctainternacionales.org\/index.php?rest_route=%2Fwp%2Fv2%2Ftags&post=6628"}],"curies":[{"name":"wp","href":"https:\/\/api.w.org\/{rel}","templated":true}]}}