{"id":6537,"date":"2022-11-14T12:59:15","date_gmt":"2022-11-14T15:59:15","guid":{"rendered":"http:\/\/www.ctainternacionales.org\/?p=6537"},"modified":"2022-11-14T12:59:15","modified_gmt":"2022-11-14T15:59:15","slug":"cta-autonoma-presente-en-la-cumbre-del-l20-en-indonesia","status":"publish","type":"post","link":"https:\/\/ctainternacionales.org\/?p=6537","title":{"rendered":"CTA-Aut\u00f3noma presente en la Cumbre del L20 en Indonesia"},"content":{"rendered":"<p><strong>La secretaria gremial de la CTA-A, Alejandra Angriman, disert\u00f3 hoy en el Labour 20, el grupo de trabajadores de los pa\u00edses miembros del G20. \u201cLa dependencia que tienen nuestros pa\u00edses del Sur de las reglas globales nos dificulta poder implementar regulaciones y pol\u00edticas que permitan avanzar en el desarrollo realmente sustentable\u201d, sostuvo. <\/strong><\/p>\n<p>El Labour 20 (L20) re\u00fane a las centrales sindicales de los pa\u00edses que integran el Grupo de los 20 (G20), el foro que re\u00fane a las veinte principales econom\u00edas y en desarrollo del mundo y del que forma parte Argentina. Este a\u00f1o la presidencia recae en Indonesia y el encuentro se realiza en la isla de Bali.<\/p>\n<p>\u201cLa explotaci\u00f3n y sobreexplotaci\u00f3n de bienes comunes; y la primarizaci\u00f3n y reprimarizaci\u00f3n de la econom\u00eda son decisiones que se toman tanto en los pa\u00edses de la regi\u00f3n como fuera de los mismos\u201d, afirm\u00f3 Alejandra Angriman durante la Cumbre del L20. \u201cLa dependencia que tienen nuestros pa\u00edses del sur de las reglas globales nos dificulta poder implementar regulaciones y pol\u00edticas que permitan avanzar en el desarrollo realmente sustentable\u201d.<\/p>\n<p>La dirigente ceteatista remarc\u00f3 que \u201clos pa\u00edses industrializados nos demandan materias primas que se explotan con alt\u00edsimos niveles de da\u00f1os y de impactos\u201d y, al mismo tiempo, \u201cla pol\u00edtica clim\u00e1tica de estas naciones externaliza las econom\u00edas m\u00e1s extractivas y fuertemente primarizadas a nuestros pa\u00edses\u201d.<\/p>\n<p>Argument\u00f3 que \u201cla clave para pensar el desarrollo desde otros \u00e1ngulos es poder agregar conocimiento, valor agregado a la producci\u00f3n, pero para eso es imprescindible discutir la propiedad de la tecnolog\u00eda, la propiedad de la energ\u00eda, las reglas que definen y cristalizan el desarrollo de los pa\u00edses del Norte Global a costa del subdesarrollo de los pa\u00edses del Sur Global\u201d.<\/p>\n<p>En otro tramo de su alocuci\u00f3n enfatiz\u00f3 sobre la clase trabajadora, su composici\u00f3n cambiante y din\u00e1mica: \u201cA medida que se imponen formas de trabajo m\u00e1s precarizadas, basadas en tercerizaci\u00f3n y subcontrataci\u00f3n, donde a veces ni se reconoce al trabajador como tal sino como `colaborador\u00b4, se vulneran los derechos fundamentales del trabajo y se ataca la identidad misma de la clase trabajadora\u201d. Denunci\u00f3 que \u201cesto impacta negativamente en la capacidad de organizaci\u00f3n y de acci\u00f3n sindical debilitando las herramientas de lucha\u201d. Por lo que hay que \u201cprestar atenci\u00f3n a este fen\u00f3meno clave para pensar la transici\u00f3n energ\u00e9tica\u201d. Por eso, \u201cinsistimos en que esta debe ser justa para la clase trabajadora, lo que implica pensar en sistemas de protecci\u00f3n social m\u00e1s robustos e integrales, mejores y mayores marcos normativos de derechos, respeto de los derechos fundamentales del trabajo, el reconocimiento de los sindicatos y de la libertad sindical\u201d.<\/p>\n<p>Para la Secretaria Gremial de la CTA-Aut\u00f3noma \u201clos mecanismos de mercado mostraron ser contraproducentes y son responsables de las causas del cambio clim\u00e1tico, es decir, si los seguimos reproduciendo profundizamos la crisis en vez de enfrentarla\u201d. Y a\u00f1adi\u00f3: \u201cEl cuestionamiento que realizan los sindicatos a las respuestas de mercado a la crisis clim\u00e1tica es que en el fondo no hay discusi\u00f3n sobre el modelo, que solo busca nuevas oportunidades de negocio que profundizan la depredaci\u00f3n. Este modelo tambi\u00e9n explota el trabajo y a la clase trabajadora y la excluye del acceso a derechos\u201d.<\/p>\n<p>En ese sentido, asever\u00f3 que \u201cel modelo est\u00e1 en la base de la generaci\u00f3n de pandemias producto de enfermedades zoon\u00f3ticas por la crisis de la biodiversidad. La mayor parte de las muertes por COVID-19 provienen de la clase trabajadora, de quienes viven de su fuerza de trabajo, no de las \u00e9lites\u201d.<\/p>\n<p>Por \u00faltimo, Alejandra Angriman promovi\u00f3 \u201cun modelo de desarrollo sustentable que coloque en el centro el trabajo decente y la vida. La energ\u00eda es fundamental para la reproducci\u00f3n de la vida y est\u00e1 presente m\u00e1s que nunca en todas las actividades sociales y productivas que desarrollan las sociedades modernas. Para los pa\u00edses de nuestra regi\u00f3n resulta fundamental recuperar el control sobre la energ\u00eda. Modificar los paradigmas de los sistemas energ\u00e9ticos impulsando regulaciones y pol\u00edticas de control p\u00fablico de la energ\u00eda y de las tecnolog\u00edas que se requieren para enfrentar el cambio clim\u00e1tico\u201d.<\/p>\n<p>El G-20 iniciar\u00e1 su cumbre este martes 15 y est\u00e1 integrado por Alemania, Arabia Saud\u00ed, Argentina, Australia, Brasil, Canad\u00e1, China, Corea del Sur, EE.UU., Francia, India, Indonesia, Italia, Jap\u00f3n, M\u00e9xico, Rusia, el Reino Unido, Sud\u00e1frica, Turqu\u00eda y la Uni\u00f3n Europea. Representa el 90 % del PIB mundial, el 80 % del comercio global y dos tercios de la poblaci\u00f3n del planeta.<a href=\"http:\/\/www.ctainternacionales.org\/wp-content\/uploads\/2022\/11\/L20.jpg\"><img loading=\"lazy\" decoding=\"async\" class=\"aligncenter size-large wp-image-6539\" src=\"http:\/\/www.ctainternacionales.org\/wp-content\/uploads\/2022\/11\/L20-1024x689.jpg\" alt=\"\" width=\"1024\" height=\"689\" \/><\/a><\/p>\n","protected":false},"excerpt":{"rendered":"La secretaria gremial de la CTA-A, Alejandra Angriman, disert\u00f3 hoy en el Labour 20, el grupo de trabajadores de los pa\u00edses miembros del \n<a class=\"moretag\" href=\"https:\/\/ctainternacionales.org\/?p=6537\"> [...]<\/a>","protected":false},"author":1,"featured_media":0,"comment_status":"closed","ping_status":"closed","sticky":false,"template":"","format":"standard","meta":{"ngg_post_thumbnail":0,"footnotes":""},"categories":[],"tags":[],"class_list":["post-6537","post","type-post","status-publish","format-standard","hentry"],"_links":{"self":[{"href":"https:\/\/ctainternacionales.org\/index.php?rest_route=\/wp\/v2\/posts\/6537","targetHints":{"allow":["GET"]}}],"collection":[{"href":"https:\/\/ctainternacionales.org\/index.php?rest_route=\/wp\/v2\/posts"}],"about":[{"href":"https:\/\/ctainternacionales.org\/index.php?rest_route=\/wp\/v2\/types\/post"}],"author":[{"embeddable":true,"href":"https:\/\/ctainternacionales.org\/index.php?rest_route=\/wp\/v2\/users\/1"}],"replies":[{"embeddable":true,"href":"https:\/\/ctainternacionales.org\/index.php?rest_route=%2Fwp%2Fv2%2Fcomments&post=6537"}],"version-history":[{"count":1,"href":"https:\/\/ctainternacionales.org\/index.php?rest_route=\/wp\/v2\/posts\/6537\/revisions"}],"predecessor-version":[{"id":6540,"href":"https:\/\/ctainternacionales.org\/index.php?rest_route=\/wp\/v2\/posts\/6537\/revisions\/6540"}],"wp:attachment":[{"href":"https:\/\/ctainternacionales.org\/index.php?rest_route=%2Fwp%2Fv2%2Fmedia&parent=6537"}],"wp:term":[{"taxonomy":"category","embeddable":true,"href":"https:\/\/ctainternacionales.org\/index.php?rest_route=%2Fwp%2Fv2%2Fcategories&post=6537"},{"taxonomy":"post_tag","embeddable":true,"href":"https:\/\/ctainternacionales.org\/index.php?rest_route=%2Fwp%2Fv2%2Ftags&post=6537"}],"curies":[{"name":"wp","href":"https:\/\/api.w.org\/{rel}","templated":true}]}}