{"id":6268,"date":"2022-04-26T18:36:35","date_gmt":"2022-04-26T21:36:35","guid":{"rendered":"http:\/\/www.ctainternacionales.org\/?p=6268"},"modified":"2022-04-26T18:36:35","modified_gmt":"2022-04-26T21:36:35","slug":"se-presento-en-la-cta-autonoma-el-plan-nacional-de-ciencia-y-tecnologia-2030","status":"publish","type":"post","link":"https:\/\/ctainternacionales.org\/?p=6268","title":{"rendered":"Se present\u00f3 en la CTA-Aut\u00f3noma el Plan Nacional de Ciencia y Tecnolog\u00eda 2030"},"content":{"rendered":"<p><strong>El secretario de Planeamiento y Pol\u00edticas en CTI, Diego Hurtado, present\u00f3 en la sede nacional de la CTA-Aut\u00f3noma las definiciones estrat\u00e9gicas del Plan Nacional de Ciencia, Tecnolog\u00eda e Innovaci\u00f3n (PNCTI). \u201cEste plan estrat\u00e9gico marca un rumbo para definir una pol\u00edtica federal\u201d, explic\u00f3. <\/strong><\/p>\n<p>El PNCTI 2030 parte de cuatro n\u00facleos conceptuales y tres pilares de gesti\u00f3n que fundamentan y estructuran los lineamientos de pol\u00edtica y las estrategias de intervenci\u00f3n. Los n\u00facleos conceptuales son: un Estado protector y emprendedor, que garantice y promueva la innovaci\u00f3n productiva con inclusi\u00f3n social; el desarrollo sostenible, en l\u00ednea con los objetivos establecidos por la Agenda 2030 de las Naciones Unidas, para asegurar el bienestar de las generaciones futuras; la territorialidad, concepto que se enfoca en reducir la asimetr\u00edas y potenciar las capacidades de cada territorio; y el cambio estructural, entendido como un proceso de transformaci\u00f3n progresiva de la matriz productiva con el aporte de la ciencia y la tecnolog\u00eda.<\/p>\n<p>Respecto a los pilares de gesti\u00f3n, Hurtado explic\u00f3 que se trata de \u201cgu\u00edas para la definici\u00f3n de agendas\u201d para avanzar en \u201carticulaci\u00f3n, federalizaci\u00f3n e impacto social y productivo\u201d para, por ejemplo, poder \u201cpotenciar 10 sectores estrat\u00e9gicos para tener un proyecto de pa\u00eds\u201d.<\/p>\n<p>Diego Hurtado\u200b, f\u00edsico y especialista en historia de la ciencia y la tecnolog\u00eda argentina, advirti\u00f3 que \u201cun proceso de planificaci\u00f3n tambi\u00e9n es un proceso de construcci\u00f3n pol\u00edtica\u201d por eso el tema ciencia y tecnolog\u00eda vinculado a un proyecto de pa\u00eds siempre fue dram\u00e1tico, problem\u00e1tico\u201d. Y record\u00f3 que el per\u00edodo \u201c2003 y 2015 fue lo mejor que le pas\u00f3 al sector desde 1810, pero despu\u00e9s vino (Mauricio) Macri y nos dej\u00f3 un sector devastado, tuvimos que volver a crear un Ministerio, y reconstruir las capacidades acumuladas de gesti\u00f3n y ejecuci\u00f3n\u201d.<a href=\"http:\/\/www.ctainternacionales.org\/wp-content\/uploads\/2022\/04\/PNCT2.jpg\"><img loading=\"lazy\" decoding=\"async\" class=\"aligncenter size-large wp-image-6270\" src=\"http:\/\/www.ctainternacionales.org\/wp-content\/uploads\/2022\/04\/PNCT2-1024x576.jpg\" alt=\"\" width=\"1024\" height=\"576\" \/><\/a><\/p>\n<p>\u201cEste plan es estrat\u00e9gico, un rumbo a 2030. Proponemos que sea revisado cada tres a\u00f1os, que sea aprobado en el Congreso con alto consenso para que no pase lo que pas\u00f3 con Macri. Este plan se basa en aprendizajes, moralejas y errores, tambi\u00e9n. Si se aprueba en el Congreso entrar\u00e1 en su fase operativa y tres a\u00f1os despu\u00e9s esperamos que sea mejorado\u201d, sostuvo.<\/p>\n<p>Agradecido de estar en la CTA-A, Hurtado (tambi\u00e9n vicepresidente de la Comisi\u00f3n Nacional de Energ\u00eda At\u00f3mica \u2013CNEA-) se\u00f1al\u00f3 la importancia de \u201cuna agenda transversal que nos interesa mucho, que es con el mundo del trabajo porque por mucho tiempo la ciencia y la tecnolog\u00eda estuvo divorciada del trabajo y tambi\u00e9n de la producci\u00f3n. Y a\u00f1adi\u00f3: \u201cEn Am\u00e9rica Latina tenemos un serio problema y es que el sector privado no invierte en ciencia y tecnolog\u00eda. Fugan y no invierten. Por eso, necesitamos una ley que d\u00e9 protecci\u00f3n e incentivos para la inversi\u00f3n para que en el 2032 podamos llegar con un 1% p\u00fablico y un 1% privado\u201d.<\/p>\n<p>Tras la presentaci\u00f3n de Hurtado, se abri\u00f3 un espacio en el cual los presentes realizaron aportes y consultas.<\/p>\n<p>Previamente, el secretario general de la CTA-A, Ricardo Peidro, dijo: \u201cDebemos discutir qui\u00e9nes se adjudican ser los due\u00f1os de la ciencia, la tecnolog\u00eda y la innovaci\u00f3n porque tambi\u00e9n hay una visi\u00f3n desde la clase trabajadora. Que se est\u00e9 presentando este plan es de much\u00edsima importancia para saber cu\u00e1les son los caminos que debemos transitar como trabajadoras y trabajadores para que los nuevos tiempos nos encuentren como protagonistas para construir m\u00e1s democracia y m\u00e1s justicia social\u201d.<\/p>\n<p>El secretario adjunto de central, Hugo Godoy, celebr\u00f3 que \u201cun plan estrat\u00e9gico se pueda presentar aqu\u00ed, sobre todo por la urgencia de su aplicabilidad. La presencia del Ministerio de Ciencia, Tecnolog\u00eda e Innovaci\u00f3n es un mensaje de mucho compromiso para que este desaf\u00edo del desarrollo cient\u00edfico-tecnol\u00f3gico sea para el conjunto de la sociedad, la clase trabajadora y no para una elite\u201d. \u00a0\u00a0<a href=\"http:\/\/www.ctainternacionales.org\/wp-content\/uploads\/2022\/04\/PNCT4.jpg\"><img loading=\"lazy\" decoding=\"async\" class=\"aligncenter size-large wp-image-6271\" src=\"http:\/\/www.ctainternacionales.org\/wp-content\/uploads\/2022\/04\/PNCT4-1024x626.jpg\" alt=\"\" width=\"1024\" height=\"626\" \/><\/a><\/p>\n<p>Tambi\u00e9n tom\u00f3 la palabra Adolfo Aguirre, secretario de relaciones internacionales y coordinador de la CNTI, que nuclea a las organizaciones industriales de la CTA-A: \u201cEs muy importante para la CNTI y para nuestra central estar atentos a los cambios de cient\u00edficos, tecnol\u00f3gicos y productivos y en vez de caminar solos en los aprendizajes, articular con un gobierno que da mucha importancia al desarrollo, a la innovaci\u00f3n y al Estado\u201d.<\/p>\n<p>Para Rodolfo Kempf, organizador de este encuentro, trabajador de la CNEA y coordinador de Transici\u00f3n Energ\u00e9tica de la Coordinadora Nacional de Trabajadores\/as de la Industria (CNTI-CTAA), \u201ces un orgullo recibir a un compa\u00f1ero del campo popular como Diego Hurtado\u201d. Destac\u00f3 la importancia del desarrollo industrial soberano y puso como ejemplo \u201cel impulso que estamos dando para la industrializaci\u00f3n del litio en territorio de origen por una empresa nacional de nuevo tipo en inspiraci\u00f3n de lo que se hizo en Bolivia con Evo Morales\u201d.<\/p>\n<p>Del encuentro participaron dirigentes de la Mesa Ejecutva Nacional de la CTA-A y de la CNTI.<a href=\"http:\/\/www.ctainternacionales.org\/wp-content\/uploads\/2022\/04\/PNCT3.jpg\"><img loading=\"lazy\" decoding=\"async\" class=\"aligncenter size-large wp-image-6272\" src=\"http:\/\/www.ctainternacionales.org\/wp-content\/uploads\/2022\/04\/PNCT3-1024x575.jpg\" alt=\"\" width=\"1024\" height=\"575\" \/><\/a><\/p>\n","protected":false},"excerpt":{"rendered":"El secretario de Planeamiento y Pol\u00edticas en CTI, Diego Hurtado, present\u00f3 en la sede nacional de la CTA-Aut\u00f3noma las definiciones estrat\u00e9gicas del Plan \n<a class=\"moretag\" href=\"https:\/\/ctainternacionales.org\/?p=6268\"> [...]<\/a>","protected":false},"author":1,"featured_media":0,"comment_status":"closed","ping_status":"closed","sticky":false,"template":"","format":"standard","meta":{"ngg_post_thumbnail":0,"footnotes":""},"categories":[],"tags":[],"class_list":["post-6268","post","type-post","status-publish","format-standard","hentry"],"_links":{"self":[{"href":"https:\/\/ctainternacionales.org\/index.php?rest_route=\/wp\/v2\/posts\/6268","targetHints":{"allow":["GET"]}}],"collection":[{"href":"https:\/\/ctainternacionales.org\/index.php?rest_route=\/wp\/v2\/posts"}],"about":[{"href":"https:\/\/ctainternacionales.org\/index.php?rest_route=\/wp\/v2\/types\/post"}],"author":[{"embeddable":true,"href":"https:\/\/ctainternacionales.org\/index.php?rest_route=\/wp\/v2\/users\/1"}],"replies":[{"embeddable":true,"href":"https:\/\/ctainternacionales.org\/index.php?rest_route=%2Fwp%2Fv2%2Fcomments&post=6268"}],"version-history":[{"count":1,"href":"https:\/\/ctainternacionales.org\/index.php?rest_route=\/wp\/v2\/posts\/6268\/revisions"}],"predecessor-version":[{"id":6273,"href":"https:\/\/ctainternacionales.org\/index.php?rest_route=\/wp\/v2\/posts\/6268\/revisions\/6273"}],"wp:attachment":[{"href":"https:\/\/ctainternacionales.org\/index.php?rest_route=%2Fwp%2Fv2%2Fmedia&parent=6268"}],"wp:term":[{"taxonomy":"category","embeddable":true,"href":"https:\/\/ctainternacionales.org\/index.php?rest_route=%2Fwp%2Fv2%2Fcategories&post=6268"},{"taxonomy":"post_tag","embeddable":true,"href":"https:\/\/ctainternacionales.org\/index.php?rest_route=%2Fwp%2Fv2%2Ftags&post=6268"}],"curies":[{"name":"wp","href":"https:\/\/api.w.org\/{rel}","templated":true}]}}