{"id":6115,"date":"2021-11-18T19:24:36","date_gmt":"2021-11-18T22:24:36","guid":{"rendered":"http:\/\/www.ctainternacionales.org\/?p=6115"},"modified":"2021-11-18T20:08:27","modified_gmt":"2021-11-18T23:08:27","slug":"representante-diplomatico-de-la-republica-saharaui-visito-la-cta-autonoma","status":"publish","type":"post","link":"https:\/\/ctainternacionales.org\/?p=6115","title":{"rendered":"Representante diplom\u00e1tico de la Rep\u00fablica Saharaui visit\u00f3 la CTA-Aut\u00f3noma"},"content":{"rendered":"<p><strong>Mohamed Al\u00ed Al\u00ed Salem, jefe de Misi\u00f3n en Argentina de la Rep\u00fablica \u00c1rabe Saharaui Democr\u00e1tica, visit\u00f3 la sede nacional de la CTA Aut\u00f3noma. Fue recibido por el secretario de relaciones internacionales, Adolfo Aguirre. Acordaron avanzar en una campa\u00f1a para que nuestro pa\u00eds reconozca a la RASD.<\/strong><\/p>\n<p>\u201cPara la CTA-Aut\u00f3noma la causa saharaui es nuestra causa. Consideramos que el gobierno argentino debe reconocer a la Rep\u00fablica \u00c1rabe Saharaui Democr\u00e1tica. Y por eso decimos que esta sede es territorio saharaui en la Argentina\u201d, con estas palabras, Adolfo Aguirre, secretario de relaciones internacionales de la CTA-A, recibi\u00f3 este jueves a Mohamed Al\u00ed Al\u00ed Salem, jefe de Misi\u00f3n de la RASD en Argentina, quien agradeci\u00f3 el apoyo hist\u00f3rico de esta central obrera \u201cal movimiento de solidaridad por nuestro derecho a la autodeterminaci\u00f3n, a la libertad, a la independencia\u201d.<\/p>\n<p>La RASD proclam\u00f3 su independencia de Espa\u00f1a en 1976, pero luego, sendas ocupaciones de Marruecos y Mauritania (a quien logran expulsar en 1991), la obligaron a luchar por su derecho a la autodeterminaci\u00f3n. En 1991 se produjo un alto el fuego y el ingreso de una misi\u00f3n de la Organizaci\u00f3n de las Naciones Unidas (ONU), la Minurso, quien deb\u00eda garantizar la realizaci\u00f3n de un refer\u00e9ndum para avalar el estatus de naci\u00f3n, sin embargo, en 30 a\u00f1os de presencia jam\u00e1s la puso en pr\u00e1ctica. Con una poblaci\u00f3n de naturaleza n\u00f3mada que no llega a los 600 mil habitantes el pueblo saharaui ha sufrido hostigamientos y la violaci\u00f3n flagrante de sus derechos humanos.<\/p>\n<p>\u00abHace un a\u00f1o Marruecos viol\u00f3 el alto al fuego, y lleva un a\u00f1o con un constante hostigamiento. Adem\u00e1s, poco se informa, que han construido un muro de 2.720 kil\u00f3metros en nuestro territorio\u201d, explica Al\u00ed Al\u00ed Salem. Se trata de una zona militarizada con vallas y minas con la excusa de repeler al Frente Polisario, el movimiento de liberaci\u00f3n del Sahara Occidental.<a href=\"http:\/\/www.ctainternacionales.org\/wp-content\/uploads\/2021\/11\/FitoMohamed.jpg\"><img loading=\"lazy\" decoding=\"async\" class=\"aligncenter size-large wp-image-6117\" src=\"http:\/\/www.ctainternacionales.org\/wp-content\/uploads\/2021\/11\/FitoMohamed-1024x768.jpg\" alt=\"\" width=\"1024\" height=\"768\" \/><\/a><\/p>\n<p>\u201cEs hora de poner fin a la ocupaci\u00f3n ilegal en nuestros territorios y recuperar todos nuestros derechos como naci\u00f3n. Nos apoya el Derecho Internacional \u00ab, reclama el diplom\u00e1tico. La RASD es reconocida por m\u00e1s de 80 pa\u00edses, de Am\u00e9rica Latina y el Caribe son M\u00e9xico, Cuba, Venezuela, Uruguay, Ecuador, Per\u00fa, Bolivia, Nicaragua, Panam\u00e1 y Belice. Se espera que Argentina se sume a esta lista. Adem\u00e1s, la Rep\u00fablica \u00c1rabe Saharaui Democr\u00e1tica es fundadora y miembro de la Uni\u00f3n Africana.<\/p>\n<p>La RASD tambi\u00e9n est\u00e1 en el Comit\u00e9 Especial de Descolonizaci\u00f3n o C-24 sobre \u201cterritorios cuyos pueblos no hayan alcanzado todav\u00eda la plenitud del gobierno propio\u201d, el cual est\u00e1 encargado de examinar \u201cla situaci\u00f3n con respecto a la Aplicaci\u00f3n de la Declaraci\u00f3n sobre la Concesi\u00f3n de la Independencia a los Pa\u00edses y Pueblos Coloniales\u201d.<\/p>\n<p>Tambi\u00e9n participaron de este encuentro, Miriam Liempe del Pueblo Mapuche, y secretaria de relaci\u00f3n con los pueblos originarios de CTA-Aut\u00f3noma: Mercedes Cabezas, secretaria de organizaci\u00f3n de la Asociaci\u00f3n de Trabajadores del Estado (ATE-CTAA) y Guadalupe Zalvania, de la Federaci\u00f3n Nacional Territorial (Fenat-CTAA).<\/p>\n","protected":false},"excerpt":{"rendered":"Mohamed Al\u00ed Al\u00ed Salem, jefe de Misi\u00f3n en Argentina de la Rep\u00fablica \u00c1rabe Saharaui Democr\u00e1tica, visit\u00f3 la sede nacional de la CTA Aut\u00f3noma. \n<a class=\"moretag\" href=\"https:\/\/ctainternacionales.org\/?p=6115\"> [...]<\/a>","protected":false},"author":1,"featured_media":0,"comment_status":"closed","ping_status":"closed","sticky":false,"template":"","format":"standard","meta":{"ngg_post_thumbnail":0,"footnotes":""},"categories":[],"tags":[],"class_list":["post-6115","post","type-post","status-publish","format-standard","hentry"],"_links":{"self":[{"href":"https:\/\/ctainternacionales.org\/index.php?rest_route=\/wp\/v2\/posts\/6115","targetHints":{"allow":["GET"]}}],"collection":[{"href":"https:\/\/ctainternacionales.org\/index.php?rest_route=\/wp\/v2\/posts"}],"about":[{"href":"https:\/\/ctainternacionales.org\/index.php?rest_route=\/wp\/v2\/types\/post"}],"author":[{"embeddable":true,"href":"https:\/\/ctainternacionales.org\/index.php?rest_route=\/wp\/v2\/users\/1"}],"replies":[{"embeddable":true,"href":"https:\/\/ctainternacionales.org\/index.php?rest_route=%2Fwp%2Fv2%2Fcomments&post=6115"}],"version-history":[{"count":2,"href":"https:\/\/ctainternacionales.org\/index.php?rest_route=\/wp\/v2\/posts\/6115\/revisions"}],"predecessor-version":[{"id":6119,"href":"https:\/\/ctainternacionales.org\/index.php?rest_route=\/wp\/v2\/posts\/6115\/revisions\/6119"}],"wp:attachment":[{"href":"https:\/\/ctainternacionales.org\/index.php?rest_route=%2Fwp%2Fv2%2Fmedia&parent=6115"}],"wp:term":[{"taxonomy":"category","embeddable":true,"href":"https:\/\/ctainternacionales.org\/index.php?rest_route=%2Fwp%2Fv2%2Fcategories&post=6115"},{"taxonomy":"post_tag","embeddable":true,"href":"https:\/\/ctainternacionales.org\/index.php?rest_route=%2Fwp%2Fv2%2Ftags&post=6115"}],"curies":[{"name":"wp","href":"https:\/\/api.w.org\/{rel}","templated":true}]}}