{"id":6110,"date":"2021-11-17T16:18:33","date_gmt":"2021-11-17T19:18:33","guid":{"rendered":"http:\/\/www.ctainternacionales.org\/?p=6110"},"modified":"2021-11-17T16:18:33","modified_gmt":"2021-11-17T19:18:33","slug":"peru-la-comision-tecnica-participo-de-actividades-vinculadas-al-ii-encuentro-del-runasur","status":"publish","type":"post","link":"https:\/\/ctainternacionales.org\/?p=6110","title":{"rendered":"Per\u00fa: La Comisi\u00f3n T\u00e9cnica particip\u00f3 de actividades vinculadas al II encuentro del Runasur"},"content":{"rendered":"<p dir=\"ltr\">Fernando Huanacuni, ex canciller de Bolivia y Hugo \u201cCachorro\u201d Godoy, Secretario General Adjunto de la CTA Aut\u00f3noma, se trasladaron al Per\u00fa para organizar el II Encuentro de Runasur que se llevar\u00e1 a cabo el 20 y 21 de diciembre pr\u00f3ximo en la ciudad de Cuzco.<\/p>\n<p dir=\"ltr\">En Lima, capital de Per\u00fa, Hugo Godoy y Fernando Huanacuni, quienes forman parte de la Comisi\u00f3n T\u00e9cnica del Runasur, desarrollaron distintas actividades con organizaciones pol\u00edticas, sindicales y movimientos sociales de cara al encuentro a realizarse en Cuzco.<\/p>\n<p dir=\"ltr\">La jornada comenz\u00f3 con una reuni\u00f3n en el Congreso de la Rep\u00fablica donde fueron recibidos por una delegaci\u00f3n de congresistas de Per\u00fa Libre, partido pol\u00edtico de izquierda de origen regional que forma parte de la coalici\u00f3n de gobierno que llev\u00f3 a la presidencia al docente Pedro Castillo.<\/p>\n<p dir=\"ltr\">En dicha reuni\u00f3n, y tras explicar el objetivo que cumple seguir afianzando el Runasur, Godoy detall\u00f3 que \u201cla experiencia de principio de siglo demostr\u00f3 que no alcanza con administrar los Estados porque la matriz colonial y neoliberal ha penetrado profundamente en sus estructuras, los ha limitado fuertemente para el desarrollo de transformaci\u00f3n que necesitan nuestras sociedades y pueblos. Eso requiere que las organizaciones libres de los pueblos puedan fortalecerse y articularse con los gobiernos populares. Esto nos une con su partido y con muchas otras organizaciones\u201d.<\/p>\n<p dir=\"ltr\">Durante la tarde, ambos dirigentes participaron de otra actividad junto a movimientos sociales, campesinos e ind\u00edgenas en los cuales se encontraban la Confederaci\u00f3n Campesina del Per\u00fa (CCP), la Confederaci\u00f3n Nacional Agraria (CNA) y la Federaci\u00f3n Nacional de Mujeres Campesinas, Artesanas, Ind\u00edgenas, Nativas y Asalariadas del Per\u00fa (Fenmucarinap).<a href=\"http:\/\/www.ctainternacionales.org\/wp-content\/uploads\/2021\/11\/RunasurPeru.jpeg\"><img loading=\"lazy\" decoding=\"async\" class=\"aligncenter size-large wp-image-6112\" src=\"http:\/\/www.ctainternacionales.org\/wp-content\/uploads\/2021\/11\/RunasurPeru-1024x590.jpeg\" alt=\"\" width=\"1024\" height=\"590\" \/><\/a><\/p>\n<p dir=\"ltr\">En dicha reuni\u00f3n, Huanacuni se\u00f1al\u00f3 que \u201cdesde la sabidur\u00eda ancestral y experiencia de lucha de los pueblos emerge un horizonte de vida: RUNASUR de los Pueblos para los Pueblos, una propuesta antag\u00f3nica al colonialismo, al capitalismo y al imperialismo\u201d. Y a\u00f1adi\u00f3: \u201cRUNASUR es un mecanismo de integraci\u00f3n plurinacional para liberarnos del sistema pol\u00edtico, ideol\u00f3gico y cultural que nos impuso el capitalismo, ese sistema que hoy depreda la Madre Tierra y saquea los recursos y riquezas naturales de los pueblos\u201d.<\/p>\n<p dir=\"ltr\">Adem\u00e1s, dio detalles del II Encuentro de los Pueblos de \u201cAbya Yala\u201d a realizarse en Cuzco los d\u00edas 20 y 21 de diciembre: \u201cSe reunir\u00e1 a dirigentes del movimiento ind\u00edgena, organizaciones sociales, sindicales, populares, de Abya Yala. El primer d\u00eda tendremos mesas de trabajo sobre los avances y desaf\u00edos de los Pueblos. Y el d\u00eda 21 de diciembre daremos a conocer las conclusiones y una declaraci\u00f3n al continente y al mundo\u201d.<\/p>\n<p dir=\"ltr\">Finalmente, Godoy y Huanacuni participaron del XV Congreso Nacional de la Confederaci\u00f3n General de Trabajadores del Per\u00fa (CGTP) encabezado por su Secretario General, Ger\u00f3nimo L\u00f3pez Sevillano. Dicho congreso sesionar\u00e1 durante 4 d\u00edas y se renovar\u00e1n autoridades por lo que cont\u00f3 con la presencia del Ejecutivo Nacional a trav\u00e9s de Mirtha V\u00e1squez, Jefa de Gabinete de Per\u00fa.<a href=\"http:\/\/www.ctainternacionales.org\/wp-content\/uploads\/2021\/11\/RunasurCGTP.jpeg\"><img loading=\"lazy\" decoding=\"async\" class=\"aligncenter size-large wp-image-6113\" src=\"http:\/\/www.ctainternacionales.org\/wp-content\/uploads\/2021\/11\/RunasurCGTP-1024x768.jpeg\" alt=\"\" width=\"1024\" height=\"768\" \/><\/a><\/p>\n<p dir=\"ltr\">Tras el encuentro, Godoy le inform\u00f3 a la funcionaria del gobierno peruano que \u201cqueremos apoyarlos y encontrar tareas cotidianas en com\u00fan, porque no imaginamos el Runasur como un evento anual que se re\u00fana a la sombra de los encuentros del presidente, lo imaginamos como un espacio permanente para que articule a lo largo de todo el a\u00f1o y que pueda ser parte de la resistencia de lucha de los pueblos contra los gobiernos de derecha reaccionarios y pro imperialistas y ayudar a la unidad de los movimientos populares, emancipadores, tantos partidarios como sociales y culturales\u201d.<\/p>\n<p dir=\"ltr\">\u201cCreemos que la unidad de los pueblos no es solamente una unidad superestructural\u00a0 y que se resuelve en una o dos reuniones, es un proceso largo y fundamentalmente de luchas en com\u00fan. La construcci\u00f3n de unidad es construir confianza, por eso es que para nosotros, el encuentro en Cuzco ser\u00e1 una jornada de lucha en un lugar hist\u00f3rico y en un momento fundamental para nuestros pueblos\u201d, cerr\u00f3 \u201cCachorro\u201d Godoy.<\/p>\n<p dir=\"ltr\">En ese tono, Huanacuni finaliz\u00f3\u00a0 afirmando que \u201cen el RUNASUR se hilar\u00e1 la diversidad cultural con la diversidad intelectual de nuestro continente, porque en Tiempos de Cambio, como el que nos toca afrontar, es necesario recuperar nuestra identidad cultural y nuestros saberes porque en ellas radica el esp\u00edritu de la integraci\u00f3n\u201d.<\/p>\n","protected":false},"excerpt":{"rendered":"Fernando Huanacuni, ex canciller de Bolivia y Hugo \u201cCachorro\u201d Godoy, Secretario General Adjunto de la CTA Aut\u00f3noma, se trasladaron al Per\u00fa para organizar \n<a class=\"moretag\" href=\"https:\/\/ctainternacionales.org\/?p=6110\"> [...]<\/a>","protected":false},"author":1,"featured_media":0,"comment_status":"closed","ping_status":"closed","sticky":false,"template":"","format":"standard","meta":{"ngg_post_thumbnail":0,"footnotes":""},"categories":[],"tags":[],"class_list":["post-6110","post","type-post","status-publish","format-standard","hentry"],"_links":{"self":[{"href":"https:\/\/ctainternacionales.org\/index.php?rest_route=\/wp\/v2\/posts\/6110","targetHints":{"allow":["GET"]}}],"collection":[{"href":"https:\/\/ctainternacionales.org\/index.php?rest_route=\/wp\/v2\/posts"}],"about":[{"href":"https:\/\/ctainternacionales.org\/index.php?rest_route=\/wp\/v2\/types\/post"}],"author":[{"embeddable":true,"href":"https:\/\/ctainternacionales.org\/index.php?rest_route=\/wp\/v2\/users\/1"}],"replies":[{"embeddable":true,"href":"https:\/\/ctainternacionales.org\/index.php?rest_route=%2Fwp%2Fv2%2Fcomments&post=6110"}],"version-history":[{"count":1,"href":"https:\/\/ctainternacionales.org\/index.php?rest_route=\/wp\/v2\/posts\/6110\/revisions"}],"predecessor-version":[{"id":6114,"href":"https:\/\/ctainternacionales.org\/index.php?rest_route=\/wp\/v2\/posts\/6110\/revisions\/6114"}],"wp:attachment":[{"href":"https:\/\/ctainternacionales.org\/index.php?rest_route=%2Fwp%2Fv2%2Fmedia&parent=6110"}],"wp:term":[{"taxonomy":"category","embeddable":true,"href":"https:\/\/ctainternacionales.org\/index.php?rest_route=%2Fwp%2Fv2%2Fcategories&post=6110"},{"taxonomy":"post_tag","embeddable":true,"href":"https:\/\/ctainternacionales.org\/index.php?rest_route=%2Fwp%2Fv2%2Ftags&post=6110"}],"curies":[{"name":"wp","href":"https:\/\/api.w.org\/{rel}","templated":true}]}}