{"id":6104,"date":"2021-11-13T16:33:08","date_gmt":"2021-11-13T19:33:08","guid":{"rendered":"http:\/\/www.ctainternacionales.org\/?p=6104"},"modified":"2021-11-15T11:50:06","modified_gmt":"2021-11-15T14:50:06","slug":"cta-autonoma-vuelve-a-exigir-la-eliminacion-del-bloqueo-contra-cuba","status":"publish","type":"post","link":"https:\/\/ctainternacionales.org\/?p=6104","title":{"rendered":"CTA-Aut\u00f3noma vuelve a exigir la eliminaci\u00f3n del bloqueo contra Cuba"},"content":{"rendered":"<p>La CTA-Aut\u00f3noma expres\u00f3 su apoyo incondicional con la Revoluci\u00f3n Cubana y su participaci\u00f3n activa el pr\u00f3ximo lunes 15 de noviembre en el plant\u00f3n frente a la Embajada de la Rep\u00fablica de Cuba en la ciudad de Buenos Aires con la consigna \u201c\u00a1A Cuba la defendemos entre todes!\u201d Que exige el fin del bloqueo criminal.<\/p>\n<p>En una declaraci\u00f3n difundida este s\u00e1bado, la CTA-A reafirma \u00absus lazos hist\u00f3ricos de amistad y solidaridad con el pueblo y la Revoluci\u00f3n Cubana, y con su hermana de clase la Central de Trabajadores de Cuba (CTC) con quien nos une la misma lucha internacionalista en defensa de la soberan\u00eda, la justicia social y la vida\u00bb.<\/p>\n<p>En otro de los p\u00e1rrafos subraya que \u00aba pesar de la pandemia de Covid-19 y la exacerbaci\u00f3n del bloqueo criminal que Estados Unidos ejerce, Cuba no solo ha protegido a su poblaci\u00f3n\u00bb, que \u00abha creado vacunas de alt\u00edsima efectividad contra el virus\u00bb, y que adem\u00e1s ha enviado Brigadas M\u00e9dicas a aquellos pa\u00edses que necesitar\u00e1n ayuda mostrando la dignidad y la solidaridad que desde 1959 este pa\u00eds lleva como estandarte\u00bb.<\/p>\n<p>En este contexto, la CTA-A \u00abvuelve a exigir el cese de las acciones terroristas que Estados Unidos ejerce desde hace seis d\u00e9cadas. Por mayor\u00edas abrumadoras la Asamblea General de Naciones Unidas viene exigiendo el fin del bloqueo contra Cuba. Su persistencia a pesar de esto demuestra la soberbia, injerencia y el autoritarismo de Washington\u00bb.<\/p>\n<p>Este 15 de noviembre, las trabajadoras y los trabajadores de la CTA-A, junto a otras organizaciones del campo popular, abrazar\u00e1n a la Embajada de Cuba no solo para denunciar el criminal bloqueo y la desestabilizaci\u00f3n permanente sino tambi\u00e9n para celebrar que ese d\u00eda Cuba reinicia el ciclo escolar presencial y reabre sus fronteras a la actividad tur\u00edstica. Cuba es dignidad.<\/p>\n<p>Al respecto, el secretario de relaciones internacionales de la CTA-A, Adolfo Aguirre, sostuvo que \u00abnuestra Central desde su nacimiento considera a la Revoluci\u00f3n Cubana y a la CTC un faro de dignidad, de soberna\u00eda y autodeterminaci\u00f3n\u00bb. Y a\u00f1adi\u00f3: \u00abQue sepa ese valeroso pueblo que siempre contar\u00e1n con las trabajadoras y los trabajadores de la CTA-A, su militancia, sus sedes, su compromiso\u00bb.<a href=\"http:\/\/www.ctainternacionales.org\/wp-content\/uploads\/2021\/11\/CubaSolidaridadCTAA.jpg\"><img loading=\"lazy\" decoding=\"async\" class=\"aligncenter size-full wp-image-6108\" src=\"http:\/\/www.ctainternacionales.org\/wp-content\/uploads\/2021\/11\/CubaSolidaridadCTAA.jpg\" alt=\"\" width=\"692\" height=\"929\" \/><\/a><\/p>\n","protected":false},"excerpt":{"rendered":"La CTA-Aut\u00f3noma expres\u00f3 su apoyo incondicional con la Revoluci\u00f3n Cubana y su participaci\u00f3n activa el pr\u00f3ximo lunes 15 de noviembre en el plant\u00f3n \n<a class=\"moretag\" href=\"https:\/\/ctainternacionales.org\/?p=6104\"> [...]<\/a>","protected":false},"author":1,"featured_media":0,"comment_status":"closed","ping_status":"closed","sticky":false,"template":"","format":"standard","meta":{"ngg_post_thumbnail":0,"footnotes":""},"categories":[],"tags":[],"class_list":["post-6104","post","type-post","status-publish","format-standard","hentry"],"_links":{"self":[{"href":"https:\/\/ctainternacionales.org\/index.php?rest_route=\/wp\/v2\/posts\/6104","targetHints":{"allow":["GET"]}}],"collection":[{"href":"https:\/\/ctainternacionales.org\/index.php?rest_route=\/wp\/v2\/posts"}],"about":[{"href":"https:\/\/ctainternacionales.org\/index.php?rest_route=\/wp\/v2\/types\/post"}],"author":[{"embeddable":true,"href":"https:\/\/ctainternacionales.org\/index.php?rest_route=\/wp\/v2\/users\/1"}],"replies":[{"embeddable":true,"href":"https:\/\/ctainternacionales.org\/index.php?rest_route=%2Fwp%2Fv2%2Fcomments&post=6104"}],"version-history":[{"count":2,"href":"https:\/\/ctainternacionales.org\/index.php?rest_route=\/wp\/v2\/posts\/6104\/revisions"}],"predecessor-version":[{"id":6109,"href":"https:\/\/ctainternacionales.org\/index.php?rest_route=\/wp\/v2\/posts\/6104\/revisions\/6109"}],"wp:attachment":[{"href":"https:\/\/ctainternacionales.org\/index.php?rest_route=%2Fwp%2Fv2%2Fmedia&parent=6104"}],"wp:term":[{"taxonomy":"category","embeddable":true,"href":"https:\/\/ctainternacionales.org\/index.php?rest_route=%2Fwp%2Fv2%2Fcategories&post=6104"},{"taxonomy":"post_tag","embeddable":true,"href":"https:\/\/ctainternacionales.org\/index.php?rest_route=%2Fwp%2Fv2%2Ftags&post=6104"}],"curies":[{"name":"wp","href":"https:\/\/api.w.org\/{rel}","templated":true}]}}