{"id":6023,"date":"2021-09-21T15:09:37","date_gmt":"2021-09-21T18:09:37","guid":{"rendered":"http:\/\/www.ctainternacionales.org\/?p=6023"},"modified":"2021-09-21T16:11:52","modified_gmt":"2021-09-21T19:11:52","slug":"cta-autonoma-participo-del-encuentro-subregional-de-comunicacion-de-la-csa","status":"publish","type":"post","link":"https:\/\/ctainternacionales.org\/?p=6023","title":{"rendered":"CTA-Aut\u00f3noma particip\u00f3 del Encuentro Subregional de Comunicaci\u00f3n de la CSA"},"content":{"rendered":"<p><strong>Se desarroll\u00f3 este martes el encuentro subregional de Comunicaci\u00f3n de la Confederaci\u00f3n Sindical de las Am\u00e9ricas (CSA) del cual participaron centrales del Cono Sur. La CTA-Aut\u00f3noma estuvo presente con una delegaci\u00f3n diversa y federal. <\/strong><\/p>\n<p>El Encuentro Subregional de Comunicaci\u00f3n Cono Sur se realiz\u00f3 de manera virtual como antesala de la Conferencia Continental de Comunicaci\u00f3n Sindical que se llevar\u00e1 a cabo el 27,28 y 29 de octubre y cuyo objetivo es desarrollar una estrategia en las Am\u00e9ricas sobre la necesidad de potenciar la comunicaci\u00f3n sindical y popular y avanzar en su democratizaci\u00f3n. Unos 80 representantes de centrales sindicales del Cono Sur (Argentina, Brasil, Chile, Paraguay y Uruguay) analizaron el estado de situaci\u00f3n, las problem\u00e1ticas y las estrategias \u00a0para aportar en las jornadas de octubre.<\/p>\n<p>La apertura del encuentro estuvo a cargo del secretario general de la CSA, Rafael Freire, quien plante\u00f3 el desaf\u00edo de \u201carticular a decenas de miles de estructuras sindicales que tenemos en la regi\u00f3n a trav\u00e9s de 49 centrales afiliadas y de que todo sindicato, toda federaci\u00f3n, toda afiliada tenga alg\u00fan medio de comunicaci\u00f3n\u201d. Y dej\u00f3 una serie de interrogantes: \u201c\u00bfC\u00f3mo fortalecemos a la comunicaci\u00f3n sindical, c\u00f3mo hablamos con la clase trabajadora, c\u00f3mo hacemos comunicaci\u00f3n contrahegem\u00f3nica? Hoy empezamos este desaf\u00edo rumbo a la Conferencia Continental de Comunicaci\u00f3n\u201d, respondi\u00f3.<\/p>\n<p>Tras un an\u00e1lisis de la situaci\u00f3n comunicacional en las Am\u00e9ricas, se puso en debate el documento base para la Conferencia Continental de Comunicaci\u00f3n, el cual avanza sobre tem\u00e1ticas como la democratizaci\u00f3n de la comunicaci\u00f3n y el sindicalismo; plataformas, algoritmos e impactos en la libertad de expresi\u00f3n; comunicaci\u00f3n popular, medios alternativos y convergencia de la comunicaci\u00f3n en las Am\u00e9ricas; medios alternativos: instrumentos de la clase trabajadora; desaf\u00edos de la comunicaci\u00f3n sindical y la CSA; balance de la comunicaci\u00f3n sindical de las centrales; y construcci\u00f3n de pol\u00edticas de comunicaci\u00f3n sindical para las centrales y la CSA.<\/p>\n<p>Al respecto, la responsable de Comunicaci\u00f3n de la CSA, Caroline Coelho Carol calific\u00f3 a este \u201cdebate\u201d como \u201cun desaf\u00edo fundamental para la regi\u00f3n: hablar de la comunicaci\u00f3n es central para el movimiento sindical porque \u00a0est\u00e1 en el centro de la disputa pol\u00edtica para enfrentar a los gobiernos neoliberales\u201d.<\/p>\n<p>La CTA-Aut\u00f3noma present\u00f3 una delegaci\u00f3n de 15 personas: Mariana Mandakovic (secretaria de comunicaci\u00f3n y difusi\u00f3n de la CTA-A Nacional); Federico Chechele (director de prensa de la Asociaci\u00f3n de Trabajadores del Estado y de Canal Abierto); Rosario Hasperu\u00e9 (secretaria de comunicaci\u00f3n y difusi\u00f3n de la CTA-A Buenos Aires); Joana Gim\u00e9nez, (Juventud Nacional de la CTA-A); Dar\u00edo Fuentes (director de comunicaci\u00f3n de la Confederaci\u00f3n Latinoamericana y del Caribe de Trabajadores Estatales); Alicia Rivas (secretaria de comunicaci\u00f3n y difusi\u00f3n de la CTA-A Misiones); Fabi\u00e1n Piedras (integrante de la secretar\u00eda de comunicaci\u00f3n y difusi\u00f3n de la CTA-A); Eliana Sotelo (Juventud de la Coordinaci\u00f3n Nacional de Trabajadores de la Industria); Javier L\u00f3pez (comunicaci\u00f3n de la Federaci\u00f3n Nacional Territorial); Nahuel Garz\u00f3n (responsable de Comunicaci\u00f3n de la Juventud de la CTA-A); Leonardo Matheos (director de la Secretar\u00eda de Comunicaci\u00f3n y Difusi\u00f3n de la CTA-A); B\u00e1rbara Arias (secretaria de prensa del C\u00edrculo de Prensa de C\u00f3rdoba); Leo V\u00e1zquez (editor general de Canal Abierto); Cecilia Rodr\u00edguez (prensa ATE- Misiones); y Mariano V\u00e1zquez (secretaria de relaciones internacionales de la CTA-Aut\u00f3noma).<a href=\"http:\/\/www.ctainternacionales.org\/wp-content\/uploads\/2021\/09\/ComunicacionSindical3.jpg\"><img loading=\"lazy\" decoding=\"async\" class=\"aligncenter size-full wp-image-6025\" src=\"http:\/\/www.ctainternacionales.org\/wp-content\/uploads\/2021\/09\/ComunicacionSindical3.jpg\" alt=\"\" width=\"471\" height=\"271\" \/><\/a><\/p>\n<p><strong>Nuestras voces:<\/strong><\/p>\n<p>Mariana Mandakovic: \u201cHacemos comunicaci\u00f3n para construir poder popular. Necesitamos que el pueblo, excluido de esa construcci\u00f3n hegem\u00f3nica, pueda ser sujeto de la comunicaci\u00f3n porque cuando decimos comunicaci\u00f3n alternativa, \u00bfalternativa \u00a0a qu\u00e9? Es una manera de no mirarnos a nosotros mismos. Hay que pensar los medios propios, los medios comunitarios y cooperativos estrat\u00e9gicamente porque tienen una centralidad important\u00edsima. Las y los trabajadores no estamos solo en las centrales sino tambi\u00e9n en la sociedad\u201d.<\/p>\n<p>Fabi\u00e1n Piedras: \u201cHay que construir una comunicaci\u00f3n que trascienda a las experiencias propias de la comunicaci\u00f3n sindical, construir redes locales, provinciales, nacionales, regionales, continentales.\u00a0 Hay un elemento fundamental que es la formaci\u00f3n, para dirigentes y compa\u00f1eras y compa\u00f1eros de base, porque es la \u00fanica forma de enfrentarse a los medios de alienaci\u00f3n. El documento base es excelente\u201d.<\/p>\n<p>Alicia Rivas: \u201cHay que contrarrestar el avance de esta ola neoliberal antiderechos; avanzar en procesos de democratizaci\u00f3n y descentralizaci\u00f3n de la comunicaci\u00f3n, porque sigue habiendo una producci\u00f3n de contenidos centralizados. Producci\u00f3n de contenidos, mapear las organizaciones y medios alternativos, multiplicar voces y redes, como lo hace el movimiento feminista, para que pueda circular nuestra palabra\u201d.<\/p>\n<p>Rosario Hasperu\u00e9: \u201cComo clase trabajadora tenemos que pelear en este terreno. Masificar nuestra prensa, que m\u00e1s que alternativa debe ser masiva y para eso necesitamos crecer. Como clase trabajadora tenemos el desaf\u00edo de pasar de la calle a las redes y de las redes a las calles. El medioactivismo no es solo una manera de comunicarnos, sino tambi\u00e9n de organizarnos para dar la batalla ideol\u00f3gica, cultural y pol\u00edtica\u201d.<\/p>\n<p>Federico Chechele: \u201cDesde la CTA-A trabajamos de manera coordinada con nuestras webs, redes y actividades en las calles y encuentros nacionales y regionales. Adem\u00e1s, no creemos que hay que crear medios, lo hacemos, por eso desde hace cuatro a\u00f1os formamos Canal Abierto, un medio digital con agenda propia que disputa el sentido con las noticias de los medios empresariales\u201d.<a href=\"http:\/\/www.ctainternacionales.org\/wp-content\/uploads\/2021\/09\/ComunicacionSindical4.jpg\"><img loading=\"lazy\" decoding=\"async\" class=\"aligncenter size-full wp-image-6026\" src=\"http:\/\/www.ctainternacionales.org\/wp-content\/uploads\/2021\/09\/ComunicacionSindical4.jpg\" alt=\"\" width=\"649\" height=\"261\" \/><\/a><\/p>\n<p>Dar\u00edo Fuentes: \u201cLa realidad de las comunicaciones actuales, lejos de democratizar se ha concentrado en todos los soportes existentes, profundizando asimetr\u00edas. Por eso, la importancia de este tipo de acciones que encabeza la CSA a nivel continental, fortaleciendo los medios propios y creando redes regionales que potencien el trabajo de los equipos de comunicaci\u00f3n sindicales\u201d.<\/p>\n<p>Javier L\u00f3pez: \u201cCon total certeza de nuestra pertenencia a la clase trabajadora desde la FeNaT-CTAA participamos de este encuentro subregional del Cono Sur hacia la Conferencia Continental de Comunicaci\u00f3n. Un tremendo orgullo se parte del inmenso colectivo que todos los d\u00edas construye nuestra comunicaci\u00f3n en el territorio\u201d.<\/p>\n<p>Mariano V\u00e1zquez: \u201cEl neoliberalismo estigmatiza a la clase trabajadora, niega su voz y apunta a romper su estructura organizativa, a la vez que brinda un altavoz y blanquea a los discursos de odio y de extrema derecha. Esta Conferencia Continental debe ser una oportunidad para avanzar en una agenda comunicativa integrada y eficaz del movimiento sindical\u201d. <a href=\"http:\/\/www.ctainternacionales.org\/wp-content\/uploads\/2021\/09\/ComunicacionSindical1.jpg\"><img loading=\"lazy\" decoding=\"async\" class=\"aligncenter size-full wp-image-6028\" src=\"http:\/\/www.ctainternacionales.org\/wp-content\/uploads\/2021\/09\/ComunicacionSindical1.jpg\" alt=\"\" width=\"680\" height=\"340\" \/><\/a><\/p>\n","protected":false},"excerpt":{"rendered":"Se desarroll\u00f3 este martes el encuentro subregional de Comunicaci\u00f3n de la Confederaci\u00f3n Sindical de las Am\u00e9ricas (CSA) del cual participaron centrales del Cono \n<a class=\"moretag\" href=\"https:\/\/ctainternacionales.org\/?p=6023\"> [...]<\/a>","protected":false},"author":1,"featured_media":0,"comment_status":"closed","ping_status":"closed","sticky":false,"template":"","format":"standard","meta":{"ngg_post_thumbnail":0,"footnotes":""},"categories":[],"tags":[],"class_list":["post-6023","post","type-post","status-publish","format-standard","hentry"],"_links":{"self":[{"href":"https:\/\/ctainternacionales.org\/index.php?rest_route=\/wp\/v2\/posts\/6023","targetHints":{"allow":["GET"]}}],"collection":[{"href":"https:\/\/ctainternacionales.org\/index.php?rest_route=\/wp\/v2\/posts"}],"about":[{"href":"https:\/\/ctainternacionales.org\/index.php?rest_route=\/wp\/v2\/types\/post"}],"author":[{"embeddable":true,"href":"https:\/\/ctainternacionales.org\/index.php?rest_route=\/wp\/v2\/users\/1"}],"replies":[{"embeddable":true,"href":"https:\/\/ctainternacionales.org\/index.php?rest_route=%2Fwp%2Fv2%2Fcomments&post=6023"}],"version-history":[{"count":2,"href":"https:\/\/ctainternacionales.org\/index.php?rest_route=\/wp\/v2\/posts\/6023\/revisions"}],"predecessor-version":[{"id":6030,"href":"https:\/\/ctainternacionales.org\/index.php?rest_route=\/wp\/v2\/posts\/6023\/revisions\/6030"}],"wp:attachment":[{"href":"https:\/\/ctainternacionales.org\/index.php?rest_route=%2Fwp%2Fv2%2Fmedia&parent=6023"}],"wp:term":[{"taxonomy":"category","embeddable":true,"href":"https:\/\/ctainternacionales.org\/index.php?rest_route=%2Fwp%2Fv2%2Fcategories&post=6023"},{"taxonomy":"post_tag","embeddable":true,"href":"https:\/\/ctainternacionales.org\/index.php?rest_route=%2Fwp%2Fv2%2Ftags&post=6023"}],"curies":[{"name":"wp","href":"https:\/\/api.w.org\/{rel}","templated":true}]}}