{"id":3882,"date":"2017-06-07T00:48:07","date_gmt":"2017-06-07T03:48:07","guid":{"rendered":"http:\/\/www.ctainternacionales.org\/?p=3882"},"modified":"2017-06-07T00:48:15","modified_gmt":"2017-06-07T03:48:15","slug":"la-cta-autonoma-en-el-65-congreso-de-la-confederacion-de-sindicatos-nacionales-de-canada","status":"publish","type":"post","link":"https:\/\/ctainternacionales.org\/?p=3882","title":{"rendered":"La CTA Aut\u00f3noma en el 65\u00b0 Congreso de la Confederaci\u00f3n de Sindicatos Nacionales de Canad\u00e1"},"content":{"rendered":"<p style=\"text-align: justify;\">En el marco de la solidaridad y pol\u00edtica internacional que la CTA Aut\u00f3noma realiza a trav\u00e9s de su Secretar\u00eda de Relaciones Internacionales, Julio Fuentes, Secretario Adjunto de ATE Nacional y Presidente de la CLATE, particip\u00f3 del 65\u00b0 Congreso de la Confederaci\u00f3n de Sindicatos Nacionales (Conf\u00e9d\u00e9ration des syndicats nationaux), (CSN) de Canad\u00e1 que se est\u00e1 celebrando del 5 al 9 de junio en Montreal, bajo el lema, \u201cVer lejos, apuntar justo\u201d (Voir loin, viser juste).<!--more--><\/p>\n<p style=\"text-align: justify;\">Durante el d\u00eda 5 tuvo lugar un seminario internacional titulado \u00bfC\u00f3mo derrotar a los populistas de derecha? que busc\u00f3 abordar el problema de c\u00f3mo la elecci\u00f3n de Donald Trump -un exponente racista y mis\u00f3gino- provoc\u00f3 una ola de shock global. Partiendo de la pregunta por la instrumentalizaci\u00f3n de las clases populares afectadas por d\u00e9cadas de austeridad y de neoliberalismo, y llegando hacia la responsabilizaci\u00f3n de \u00abenemigos externos\u00bb por los males internos, no es un fen\u00f3meno tan nuevo, como lo demuestra el largo ascenso del Frente Nacional en Francia o en otros partidos nacionalistas de Europa, as\u00ed como en Am\u00e9rica Latina, aunque en una din\u00e1mica bien diferente, donde la derecha se ha impuesto recientemente, a veces por la fuerza, como en Brasil, a expensas de los trabajadores.<\/p>\n<p style=\"text-align: justify;\"><a href=\"http:\/\/www.ctainternacionales.org\/wp-content\/uploads\/2017\/06\/WhatsApp-Image-2017-06-06-at-09.56.23.jpeg\"><img loading=\"lazy\" decoding=\"async\" class=\"aligncenter size-thumbnail wp-image-3883\" src=\"http:\/\/www.ctainternacionales.org\/wp-content\/uploads\/2017\/06\/WhatsApp-Image-2017-06-06-at-09.56.23-350x197.jpeg\" alt=\"WhatsApp Image 2017-06-06 at 09.56.23\" width=\"350\" height=\"197\" \/><\/a><\/p>\n<p style=\"text-align: justify;\">Julio Fuentes fue invitado a realizar una intervenci\u00f3n en este seminario en el marco del cual abord\u00f3 la cuesti\u00f3n a partir de los casi dos a\u00f1os de gobierno de Mauricio Macri. Fuentes llev\u00f3 la caracterizaci\u00f3n de la CTA-A en torno a esta gesti\u00f3n: \u00abEs un grupo de empresarios que quieren implantar una agenda neoliberal y para analizar los modos de salir hay que tener una mirada cr\u00edtica y autocr\u00edtica sobre qu\u00e9 nos llev\u00f3 a volver a instalar gobierno neoliberales en la regi\u00f3n\u00bb.<\/p>\n<p style=\"text-align: justify;\">Asimismo destac\u00f3 que \u201cel buen capitalismo y el capitalismo con rostro humano no existen, al capitalismo se lo enfrenta o te controla. Necesitamos luchar todos juntos, internacionalmente\u201d y agreg\u00f3 que es preciso repensar el rol del sindicalismo y realizar una profunda autocr\u00edtica para revertir esta tendencia de derechizaci\u00f3n.<\/p>\n<p style=\"text-align: justify;\">Durante la tarde del quinto d\u00eda se realiz\u00f3 la apertura solemne del Congreso, que cont\u00f3 con la participaci\u00f3n de m\u00e1s de 2000 delegados y delegadas. \u201cEstamos atravesando los momentos m\u00e1s dif\u00edciles desde ese per\u00edodo (en referencia a la p\u00e9rdida de miles de miembros en 1972). Nuestros casi 100 a\u00f1os de historia nos recuerdan sin embargo esta necesidad de continuar promoviendo un proyecto sindical y social orientado a transformar los medios de trabajo y la sociedad para hacer progresar a las trabajadoras y trabajadores, y a la poblaci\u00f3n en general\u201d, indic\u00f3 Jacques L\u00e9tourneau, Presidente de la CSN, en la apertura del Congreso.<\/p>\n<p style=\"text-align: justify;\"><a href=\"http:\/\/www.ctainternacionales.org\/wp-content\/uploads\/2017\/06\/WhatsApp-Image-2017-06-06-at-09.56.23-1.jpeg\"><img loading=\"lazy\" decoding=\"async\" class=\"aligncenter size-thumbnail wp-image-3884\" src=\"http:\/\/www.ctainternacionales.org\/wp-content\/uploads\/2017\/06\/WhatsApp-Image-2017-06-06-at-09.56.23-1-350x263.jpeg\" alt=\"WhatsApp Image 2017-06-06 at 09.56.23 (1)\" width=\"350\" height=\"263\" \/><\/a><\/p>\n<p style=\"text-align: justify;\">Las trabajadoras y trabajadores han padecido una serie de ataques durante estos tres \u00faltimos a\u00f1os de parte de los gobiernos provinciales y federal, de las municipalidades, de los empleadores p\u00fablicos y privados. Haciendo una retrospectiva de las luchas que los sindicatos de la CSN llevaron adelante, V\u00e9ronique De Seve, Vicepresidente de la CSN, lanz\u00f3: \u201cRecuerdo hace tres a\u00f1os, el Partido Liberal ven\u00eda de ser elegido. Por supuesto, nosotros no sab\u00edamos todav\u00eda a qu\u00e9 punto \u00edbamos a probar su veneno. Pero los miembros de la CSN hemos jugado un rol preponderante en la protesta contra la austeridad que se ampliaba a medida que las pol\u00edticas liberales eran anunciadas\u201d.<\/p>\n<p style=\"text-align: justify;\">Por su parte, entre los d\u00edas 6 y 7 se present\u00f3 a los delegados y delegadas un manifiesto en el cual se encuentran las principales demandas de la CSN relativas a cinco temas fundamentales: garantizar la seguridad de los ingresos a lo largo de la vida; desarrollar la econom\u00eda y crear empleos de calidad; luchar contra el cambio clim\u00e1tico; fortalecer los servicios p\u00fablicos; fortalecer la democracia. Estos temas fueron debatidos en una serie de talleres en miras a fortalecer la posici\u00f3n de la CSN en v\u00edsperas de las elecciones que tendr\u00e1n lugar en Quebec en 2018, y con el objetivo de elaborar un plan de acci\u00f3n a futuro.<\/p>\n","protected":false},"excerpt":{"rendered":"En el marco de la solidaridad y pol\u00edtica internacional que la CTA Aut\u00f3noma realiza a trav\u00e9s de su Secretar\u00eda de Relaciones Internacionales, Julio \n<a class=\"moretag\" href=\"https:\/\/ctainternacionales.org\/?p=3882\"> [...]<\/a>","protected":false},"author":1,"featured_media":0,"comment_status":"closed","ping_status":"closed","sticky":false,"template":"","format":"standard","meta":{"ngg_post_thumbnail":0,"footnotes":""},"categories":[],"tags":[],"class_list":["post-3882","post","type-post","status-publish","format-standard","hentry"],"_links":{"self":[{"href":"https:\/\/ctainternacionales.org\/index.php?rest_route=\/wp\/v2\/posts\/3882","targetHints":{"allow":["GET"]}}],"collection":[{"href":"https:\/\/ctainternacionales.org\/index.php?rest_route=\/wp\/v2\/posts"}],"about":[{"href":"https:\/\/ctainternacionales.org\/index.php?rest_route=\/wp\/v2\/types\/post"}],"author":[{"embeddable":true,"href":"https:\/\/ctainternacionales.org\/index.php?rest_route=\/wp\/v2\/users\/1"}],"replies":[{"embeddable":true,"href":"https:\/\/ctainternacionales.org\/index.php?rest_route=%2Fwp%2Fv2%2Fcomments&post=3882"}],"version-history":[{"count":1,"href":"https:\/\/ctainternacionales.org\/index.php?rest_route=\/wp\/v2\/posts\/3882\/revisions"}],"predecessor-version":[{"id":3885,"href":"https:\/\/ctainternacionales.org\/index.php?rest_route=\/wp\/v2\/posts\/3882\/revisions\/3885"}],"wp:attachment":[{"href":"https:\/\/ctainternacionales.org\/index.php?rest_route=%2Fwp%2Fv2%2Fmedia&parent=3882"}],"wp:term":[{"taxonomy":"category","embeddable":true,"href":"https:\/\/ctainternacionales.org\/index.php?rest_route=%2Fwp%2Fv2%2Fcategories&post=3882"},{"taxonomy":"post_tag","embeddable":true,"href":"https:\/\/ctainternacionales.org\/index.php?rest_route=%2Fwp%2Fv2%2Ftags&post=3882"}],"curies":[{"name":"wp","href":"https:\/\/api.w.org\/{rel}","templated":true}]}}