{"id":3878,"date":"2017-06-06T17:39:17","date_gmt":"2017-06-06T20:39:17","guid":{"rendered":"http:\/\/www.ctainternacionales.org\/?p=3878"},"modified":"2017-06-06T17:45:23","modified_gmt":"2017-06-06T20:45:23","slug":"activa-participacion-de-la-cta-autonoma-en-las-comisiones-de-trabajo","status":"publish","type":"post","link":"https:\/\/ctainternacionales.org\/?p=3878","title":{"rendered":"Activa participaci\u00f3n de la CTA Aut\u00f3noma en las comisiones de trabajo"},"content":{"rendered":"<p style=\"text-align: justify;\">Con la presencia de una delegaci\u00f3n de la Central de Trabajadores de la Argentina (CTA Aut\u00f3noma), se inici\u00f3 el lunes la 106\u00ba Conferencia Internacional del Trabajo. Previo a la inauguraci\u00f3n de las sesiones, comenzaron las reuniones del Grupo Trabajador dentro de la OIT, con la presencia de los delegados de la Central. La CTA-A denunciar\u00e1 la criminalizaci\u00f3n de la protesta social en nuestro pa\u00eds, las violaciones a la libertad sindical, reivindicar\u00e1 el derecho a migrar y sostendr\u00e1 que los migrantes deben gozar de los mismos derechos que los dem\u00e1s ciudadanos.<!--more--><\/p>\n<p style=\"text-align: justify;\">En el marco de las Naciones Unidas, en el Sal\u00f3n de Conferencias de dio por iniciada ayer la 106\u00ba Conferencia Internacional de la Organizaci\u00f3n Internacional del Trabajo (OIT) con un Orden del D\u00eda de sumo inter\u00e9s.<\/p>\n<p style=\"text-align: justify;\">En tal sentido, la delegaci\u00f3n de la CTA Aut\u00f3noma resolvi\u00f3 distribuirse en distintas comisiones de trabajo: As\u00ed las cosas, el Director del Departamento Jur\u00eddico de la Central, Horacio Meguira, fue destinado a la Comisi\u00f3n de Aplicaci\u00f3n de Normas, mientras que el secretario Gremial, Daniel Jorajur\u00eda, recal\u00f3 en Migraci\u00f3n Laboral.<\/p>\n<p style=\"text-align: justify;\">Por su parte, Fernanda Borioti, Secretaria General de la Federaci\u00f3n Sindical de Profesionales de la Salud de la Rep\u00fablica Argentina (FESPROSA-CTA), particip\u00f3 en Principios y Derechos Fundamentales y V\u00edctor Aramayo, de la Asociaci\u00f3n de Profesionales Universitarios de la Administraci\u00f3n P\u00fablica (APUAP-FESPROSA) de Jujuy, en Empleo Decente en la Transici\u00f3n a la Paz.<\/p>\n<p style=\"text-align: justify;\"><a href=\"http:\/\/www.ctainternacionales.org\/wp-content\/uploads\/2017\/06\/unnamed-909.jpg\"><img loading=\"lazy\" decoding=\"async\" class=\"aligncenter size-thumbnail wp-image-3880\" src=\"http:\/\/www.ctainternacionales.org\/wp-content\/uploads\/2017\/06\/unnamed-909-350x197.jpg\" alt=\"unnamed-909\" width=\"350\" height=\"197\" \/><\/a><\/p>\n<p style=\"text-align: justify;\">Las delegaciones son numerosas y se nota presencia de representantes de todo el mundo.<\/p>\n<p style=\"text-align: justify;\">El Presidente de Uruguay, Tabar\u00e9 V\u00e1zquez, en un brillante discurso, en su car\u00e1cter de Presidente de un pa\u00eds fundador de la OIT y primer pa\u00eds en el mundo en cantidad de Convenios, y el primer pa\u00eds en ratificar el Convenio N\u00ba 1 (jornada de 8 horas) y el primero en ratificar el \u00faltimo Convenio (N\u00ba 189), sostuvo en uno de sus p\u00e1rrafos: \u00abVengo a ratificar el Derecho de Huelga como derecho esencial de los trabajadores\u00bb.<\/p>\n<p style=\"text-align: justify;\">Para Daniel Jorajur\u00eda, la exposici\u00f3n del Presidente uruguayo fue \u00abmuy significativa y alentadora para el Grupo Trabajador en el seno de la OIT, al reivindicar el Derecho de Huelga, en un marco de cuestionamiento de parte del Grupo Empleador y de distintos Gobiernos, que objetan que el Convenio 87 de Libertad Sindical contemple ese derecho fundamental para la clase trabajadora de todo el mundo\u00bb.<\/p>\n<p style=\"text-align: justify;\">El Derecho de Huelga<br \/>\nA \u00faltima hora del d\u00eda de ayer se lleg\u00f3 a acuerdo entre los grupos de Empleadores y Trabajadores. Hubo exclusiones que gener\u00f3 un fuerte descontento en el Grupo de Trabajadores. Brasil y Colombia no figuran en el listado de 25 casos individuales. El debate fue muy fuerte, a tal punto que el vocero de los trabajadores pidio disculpas. En las Am\u00e9rcias los casos que ser\u00e1n tratados son lo de El Salvador, por el Convenio 144 sobre Di\u00e1logo Tripartito; Ecuador, por el Convenio 87; Paraguay, por el Convenio 29 sobre Trabajo Forzoso y Venezuela, por Convenio 122 sobre Pol\u00edticas de Empleo.<\/p>\n<p style=\"text-align: justify;\">El Grupo de Empleadores tiene cada vez mayor incidencia en la conformaci\u00f3n de los casos individuales y hubo una oposici\u00f3n muy marcada para el tratamiento de los casos de Colombia y Brasil.<\/p>\n<p style=\"text-align: justify;\">En el Grupo de Trabajadores intervino Horacio Meguira, Director del Departamento Juridico de la CTA Aut\u00f3noma, afirmando que el acuerdo con los empleadores ha silenciado el debate de la Comisi\u00f3n de Aplicaci\u00f3n de Normas sobre el Derecho de Huelga.<\/p>\n<p style=\"text-align: justify;\">Para Meguira, \u00abla \u2019naturalizacion\u2019 de que este derecho sea eludido en la Comisi\u00f3n de Expertos, y no tratado por la Comisi\u00f3n de Aplicaci\u00f3n de Normas, va generando antecedentes que desvinculan el Derecho del Huelga del Convenio 87\u00bb.<\/p>\n<p style=\"text-align: justify;\"><a href=\"http:\/\/www.ctainternacionales.org\/wp-content\/uploads\/2017\/06\/18839075_10211563099771556_7974038500724481161_n.jpg\"><img loading=\"lazy\" decoding=\"async\" class=\"aligncenter size-thumbnail wp-image-3879\" src=\"http:\/\/www.ctainternacionales.org\/wp-content\/uploads\/2017\/06\/18839075_10211563099771556_7974038500724481161_n-350x223.jpg\" alt=\"18839075_10211563099771556_7974038500724481161_n\" width=\"350\" height=\"223\" \/><\/a><\/p>\n<p style=\"text-align: justify;\">La propuesta concreta fue que en cada discurso que trate el Convenio 87 se incorpore a la huelga como parte de ese Convenio, lo cual fue apoyado por los delegados de Colombia y \u00c7osta Rica.<\/p>\n<p style=\"text-align: justify;\">En el tal sentido, el vocero de los trabajadores, Marc Leemans reafirm\u00f3 que ese grupo no ha resignado el Derecho de Huelga y ratific\u00f3 la condici\u00f3n de derecho fundamental.<\/p>\n<p style=\"text-align: justify;\">Hoy ser\u00e1 tratado el Informe General sobre Seguridad e Higiene en el Trabajo elaborado por la Comisi\u00f3n de Expertos, para iniciar la consideraci\u00f3n de los casos individuales en el d\u00eda de ma\u00f1ana.<\/p>\n","protected":false},"excerpt":{"rendered":"Con la presencia de una delegaci\u00f3n de la Central de Trabajadores de la Argentina (CTA Aut\u00f3noma), se inici\u00f3 el lunes la 106\u00ba Conferencia \n<a class=\"moretag\" href=\"https:\/\/ctainternacionales.org\/?p=3878\"> [...]<\/a>","protected":false},"author":1,"featured_media":0,"comment_status":"closed","ping_status":"closed","sticky":false,"template":"","format":"standard","meta":{"ngg_post_thumbnail":0,"footnotes":""},"categories":[],"tags":[],"class_list":["post-3878","post","type-post","status-publish","format-standard","hentry"],"_links":{"self":[{"href":"https:\/\/ctainternacionales.org\/index.php?rest_route=\/wp\/v2\/posts\/3878","targetHints":{"allow":["GET"]}}],"collection":[{"href":"https:\/\/ctainternacionales.org\/index.php?rest_route=\/wp\/v2\/posts"}],"about":[{"href":"https:\/\/ctainternacionales.org\/index.php?rest_route=\/wp\/v2\/types\/post"}],"author":[{"embeddable":true,"href":"https:\/\/ctainternacionales.org\/index.php?rest_route=\/wp\/v2\/users\/1"}],"replies":[{"embeddable":true,"href":"https:\/\/ctainternacionales.org\/index.php?rest_route=%2Fwp%2Fv2%2Fcomments&post=3878"}],"version-history":[{"count":1,"href":"https:\/\/ctainternacionales.org\/index.php?rest_route=\/wp\/v2\/posts\/3878\/revisions"}],"predecessor-version":[{"id":3881,"href":"https:\/\/ctainternacionales.org\/index.php?rest_route=\/wp\/v2\/posts\/3878\/revisions\/3881"}],"wp:attachment":[{"href":"https:\/\/ctainternacionales.org\/index.php?rest_route=%2Fwp%2Fv2%2Fmedia&parent=3878"}],"wp:term":[{"taxonomy":"category","embeddable":true,"href":"https:\/\/ctainternacionales.org\/index.php?rest_route=%2Fwp%2Fv2%2Fcategories&post=3878"},{"taxonomy":"post_tag","embeddable":true,"href":"https:\/\/ctainternacionales.org\/index.php?rest_route=%2Fwp%2Fv2%2Ftags&post=3878"}],"curies":[{"name":"wp","href":"https:\/\/api.w.org\/{rel}","templated":true}]}}