{"id":3875,"date":"2017-05-30T11:41:08","date_gmt":"2017-05-30T14:41:08","guid":{"rendered":"http:\/\/www.ctainternacionales.org\/?p=3875"},"modified":"2017-05-30T11:41:08","modified_gmt":"2017-05-30T14:41:08","slug":"ejercimos-nuestro-legitimo-derecho-a-protestar-libertad-sindical","status":"publish","type":"post","link":"https:\/\/ctainternacionales.org\/?p=3875","title":{"rendered":"\u201cEjercimos nuestro leg\u00edtimo derecho a protestar\u201d Libertad sindical"},"content":{"rendered":"<p style=\"text-align: justify;\">Lo afirm\u00f3 Hugo \u201cCachorro\u201d Godoy, secretario General de la Asociaci\u00f3n Trabajadores del Estado ayer por la ma\u00f1ana en la Conferencia de Prensa en la ciudad de General Roca en la que Rodolfo Aguiar, secretario General de ATE y la CTA Aut\u00f3noma R\u00edo negro se declar\u00f3 \u201cpreso pol\u00edtico\u201d del Gobierno. La Justicia orden\u00f3 por la tarde el traslado de Aguiar a Viedma.<!--more--><\/p>\n<p style=\"text-align: justify;\"><a href=\"http:\/\/www.ctainternacionales.org\/wp-content\/uploads\/2017\/05\/5704b46e734c33507d6cfae36ea438ec_m.jpg\"><img loading=\"lazy\" decoding=\"async\" class=\"aligncenter size-thumbnail wp-image-3876\" src=\"http:\/\/www.ctainternacionales.org\/wp-content\/uploads\/2017\/05\/5704b46e734c33507d6cfae36ea438ec_m-350x234.jpg\" alt=\"5704b46e734c33507d6cfae36ea438ec_m\" width=\"350\" height=\"234\" \/><\/a>Ayer a la ma\u00f1ana, en conferencia de prensa, Rodolfo Aguiar, secretario General de ATE y CTA-A R\u00edo Negro anunci\u00f3 que se presentar\u00eda ante la justicia de General Roca. Lo que hizo posteriormente de manera voluntaria y acompa\u00f1ado por \u00abCachorro\u00bb Godoy.<\/p>\n<p style=\"text-align: justify;\">En ese marco, estuvieron presentes Hugo \u201cCachorro\u201d Godoy y Julio Fuentes, Secretarios General y Adjunto de ATE Nacional, quienes repudiaron la persecuci\u00f3n pol\u00edtica y gremial al dirigente, y expresaron la posici\u00f3n de ATE frente a la embestida.<\/p>\n<p style=\"text-align: justify;\">\u201cEst\u00e1n acus\u00e1ndonos de situaciones que no son tales. A la Jornada Nacional de Lucha contra las pol\u00edticas que intentan instalar el presentismo y la productividad entre los trabajadores del Estado Nacional, en R\u00edo Negro se agreg\u00f3 una situaci\u00f3n particular. Ac\u00e1 nuestra organizaci\u00f3n sali\u00f3 a protestar entendiendo que la pol\u00edtica de endeudamiento es perjudicial para todos los ciudadanos, a nivel provincial mediante el Plan Castello\u201d, introdujo Hugo Godoy.<\/p>\n<p style=\"text-align: justify;\">\u201cEjercimos nuestro leg\u00edtimo derecho a protestar, de oponerse a ley que lamentablemente los legisladores terminaron aprobando. Expresamos nuestro repudio a la persecuci\u00f3n pol\u00edtica y gremial del Gobierno, que est\u00e1n descargado una ofensiva contra nuestra organizaci\u00f3n\u201d, se\u00f1al\u00f3.<\/p>\n<p style=\"text-align: justify;\">\u201cNing\u00fan legislador denunci\u00f3 coacci\u00f3n\u201d<br \/>\nFrente a la pregunta de cu\u00e1l ser\u00e1 la estrategia judicial para implementar desde ATE, Julio Fuentes indic\u00f3: \u201cNuestra estrategia es la verdad. De ninguna manera existi\u00f3 coacci\u00f3n agravada, que es el delito que se nos imputa. Los legisladores debatieron y sancionaron una ley. De hecho, ning\u00fan legislador denunci\u00f3 coacci\u00f3n. Ahora el fiscal deber\u00e1 demostrar que la hubo\u201d.<\/p>\n<p style=\"text-align: justify;\">\u201cLos trabajadores han encontrado una voz, porque ha habido presi\u00f3n hacia los trabajadores y silencio c\u00f3mplice. Vamos a pasar lo que haya que pasar, pero esa voz no se va a acallar. El Gobierno debe tener claro, ATE no se calla bajo ninguna circunstancia. Eso debe quedar perfectamente claro\u201d, concluy\u00f3 el dirigente de los y las estatales.<\/p>\n<p style=\"text-align: justify;\">Ordenaron el traslado de Aguiar a Viedma<br \/>\nEl juez d\u00e9 Instrucci\u00f3n Penal de General Roca, Gustavo Quel\u00edn, orden\u00f3 el traslado del secretario General de ATE y la CTA-A, Rodolfo Aguiar, a la ciudad de Viedma, para que sea indagado por su par local, Carlos Mussi. El l\u00edder sindical se entreg\u00f3 ayer a la ma\u00f1ana en los edificios de la Ciudad Judicial de General Roca, en el marco de una nutrida movilizaci\u00f3n.<\/p>\n<p style=\"text-align: justify;\">La detenci\u00f3n se materializ\u00f3 a las 11 horas en el Juzgado de Instrucci\u00f3n N\u00b0 12, ubicado en el sexto piso del establecimiento.<\/p>\n<p style=\"text-align: justify;\">El acta labrada por el magistrado Quel\u00edn indica que la presentaci\u00f3n de Aguiar fue voluntaria y que \u00e9ste manifest\u00f3 venir a \u00abponerse a disposici\u00f3n de la Justicia\u00bb en virtud de estar \u00abenterado de que existe una orden de detenci\u00f3n\u00bb librada por el titular del Juzgado de Instrucci\u00f3n N\u00b0 4 de Viedma, Dr. Mussi.<\/p>\n<p style=\"text-align: justify;\">Aguiar estuvo acompa\u00f1ado en todo momento por la abogada Ail\u00e9n Roca, ante quien se dio lectura de la orden de detenci\u00f3n comunicada por el juez viedmense.<\/p>\n","protected":false},"excerpt":{"rendered":"Lo afirm\u00f3 Hugo \u201cCachorro\u201d Godoy, secretario General de la Asociaci\u00f3n Trabajadores del Estado ayer por la ma\u00f1ana en la Conferencia de Prensa en \n<a class=\"moretag\" href=\"https:\/\/ctainternacionales.org\/?p=3875\"> [...]<\/a>","protected":false},"author":1,"featured_media":0,"comment_status":"closed","ping_status":"closed","sticky":false,"template":"","format":"standard","meta":{"ngg_post_thumbnail":0,"footnotes":""},"categories":[],"tags":[],"class_list":["post-3875","post","type-post","status-publish","format-standard","hentry"],"_links":{"self":[{"href":"https:\/\/ctainternacionales.org\/index.php?rest_route=\/wp\/v2\/posts\/3875","targetHints":{"allow":["GET"]}}],"collection":[{"href":"https:\/\/ctainternacionales.org\/index.php?rest_route=\/wp\/v2\/posts"}],"about":[{"href":"https:\/\/ctainternacionales.org\/index.php?rest_route=\/wp\/v2\/types\/post"}],"author":[{"embeddable":true,"href":"https:\/\/ctainternacionales.org\/index.php?rest_route=\/wp\/v2\/users\/1"}],"replies":[{"embeddable":true,"href":"https:\/\/ctainternacionales.org\/index.php?rest_route=%2Fwp%2Fv2%2Fcomments&post=3875"}],"version-history":[{"count":1,"href":"https:\/\/ctainternacionales.org\/index.php?rest_route=\/wp\/v2\/posts\/3875\/revisions"}],"predecessor-version":[{"id":3877,"href":"https:\/\/ctainternacionales.org\/index.php?rest_route=\/wp\/v2\/posts\/3875\/revisions\/3877"}],"wp:attachment":[{"href":"https:\/\/ctainternacionales.org\/index.php?rest_route=%2Fwp%2Fv2%2Fmedia&parent=3875"}],"wp:term":[{"taxonomy":"category","embeddable":true,"href":"https:\/\/ctainternacionales.org\/index.php?rest_route=%2Fwp%2Fv2%2Fcategories&post=3875"},{"taxonomy":"post_tag","embeddable":true,"href":"https:\/\/ctainternacionales.org\/index.php?rest_route=%2Fwp%2Fv2%2Ftags&post=3875"}],"curies":[{"name":"wp","href":"https:\/\/api.w.org\/{rel}","templated":true}]}}