{"id":3872,"date":"2017-05-30T11:38:36","date_gmt":"2017-05-30T14:38:36","guid":{"rendered":"http:\/\/www.ctainternacionales.org\/?p=3872"},"modified":"2017-05-30T11:38:56","modified_gmt":"2017-05-30T14:38:56","slug":"jair-krischke-el-escenario-politico-en-mi-pais-es-de-tragedia","status":"publish","type":"post","link":"https:\/\/ctainternacionales.org\/?p=3872","title":{"rendered":"Jair Krischke: \u201cEl escenario pol\u00edtico en mi pa\u00eds es de tragedia\u201d"},"content":{"rendered":"<p style=\"text-align: justify;\">Entrevista al m\u00e1ximo referente de los Derechos Humanos del pa\u00eds hermano, Jair Krischke, invitado a Buenos Aires por la Comisi\u00f3n Interamericana de Derechos Humanos (CIDH).<!--more--><\/p>\n<p style=\"text-align: justify;\">Brasil contin\u00faa cayendo en una crisis institucional que se percibe terminal. Su sistema de representaci\u00f3n alcanz\u00f3 un estado de descomposici\u00f3n que parece no encontrar ni siquiera el tiro del final. En las \u00faltimas horas, el presidente Michel Temer debi\u00f3 anular, por la potencia de las protestas populares, un decreto que \u00e9l mismo hab\u00eda dispuesto 24 horas antes, que habilitaba la militarizaci\u00f3n de las calles para reprimir las manifestaciones. Sus horas en el Palacio de Planalto parecen estar contadas, pero esa ya no es la principal preocupaci\u00f3n de los distintos sectores de la sociedad. El foco de todos los debates est\u00e1 orientado a descubrir de d\u00f3nde sacara Brasil un dirigente y las herramientas pol\u00edticas necesarias para darle a la democracia un electroshock que le permita renacer.<\/p>\n<figure id=\"attachment_3873\" aria-describedby=\"caption-attachment-3873\" style=\"width: 350px\" class=\"wp-caption aligncenter\"><a href=\"http:\/\/www.ctainternacionales.org\/wp-content\/uploads\/2017\/05\/jair.jpg\"><img loading=\"lazy\" decoding=\"async\" class=\"size-thumbnail wp-image-3873\" src=\"http:\/\/www.ctainternacionales.org\/wp-content\/uploads\/2017\/05\/jair-350x234.jpg\" alt=\"Guerrilha de Tr\u00eas Passos\" width=\"350\" height=\"234\" \/><\/a><figcaption id=\"caption-attachment-3873\" class=\"wp-caption-text\">Guerrilha de Tr\u00eas Passos<\/figcaption><\/figure>\n<p style=\"text-align: justify;\">Canal Abierto tuvo la posibilidad de conversar en el lobby de un hotel del barrio porte\u00f1o de San Telmo con Jair Krischke, el m\u00e1ximo referente de la lucha por los derechos humanos en Brasil, que lleg\u00f3 a nuestro pa\u00eds para testimoniar en las sesiones de la Comisi\u00f3n Interamericana de Derechos Humanos que se realizaron en el hotel Sheraton durante toda esta semana, por unas amenazas que recibi\u00f3 de un supuesto grupo terrorista de Uruguay.<\/p>\n<p style=\"text-align: justify;\">Krischke es abogado, fundador y actual presidente del Movimiento de Justicia y Derechos Humanos de R\u00edo Grande do Sul. Es uno de los enemigos m\u00e1s importantes que tuvo el Plan C\u00f3ndor y sus ejecutores en toda la regi\u00f3n, y en esta entrevista exclusiva analiza la situaci\u00f3n actual de su pa\u00eds, los or\u00edgenes de la crisis y los peligros a los que se enfrenta Latinoam\u00e9rica.<\/p>\n<p style=\"text-align: justify;\">\u2013 \u00bfEn qu\u00e9 momento de la ca\u00edda se encuentra el sistema pol\u00edtico brasilero?<\/p>\n<p style=\"text-align: justify;\">\u2013 Brasil lleg\u00f3 a un punto en el que puede pasar cualquier cosa, porque hay un descr\u00e9dito enorme del universo pol\u00edtico: los partidos, los dirigentes y las instituciones, sobretodo el Parlamento. La gente est\u00e1 enojada y tiene raz\u00f3n. Los due\u00f1os de JBS Friboi, el frigor\u00edfico m\u00e1s grande del mundo que recibi\u00f3 financiaci\u00f3n del Banco Nacional de Desarrollo Econ\u00f3mico durante la gesti\u00f3n de Lula y Dilma, empezaron a ver que esto estaba muy complicado y decidieron declarar en la causa con datos, fechas, n\u00fameros de cuenta bancaria, y uno de los due\u00f1os de la empresa grab\u00f3 a Temer en una conversaci\u00f3n terrible. Esto aparece en la Red Globo, que s\u00f3lo publica la desgrabaci\u00f3n y su propia interpretaci\u00f3n, pero una vez que est\u00e1 en Globo no se para m\u00e1s. Despu\u00e9s, los peritos contratados por otros diarios detectaron entre 40 y 50 cortes de edici\u00f3n en la grabaci\u00f3n, pero \u00bfla fiscal\u00eda federal no lo hab\u00eda detectado? Lo que pasa es que lleg\u00f3 la hora de Temer, que hab\u00eda accedido a la presidencia con un 8% \u00f3 9% de aprobaci\u00f3n, que sigue al frente del gobierno pero no tiene m\u00e1s condiciones pol\u00edticas ni morales para gobernar. No se pueden adelantar elecciones porque la Constituci\u00f3n no lo permite; el Congreso corrupto, desmoralizado, no puede elegir un presidente; para reformar la Constituci\u00f3n no hay tiempo, pero adem\u00e1s de todo no hay candidatos, ni en la pol\u00edtica, ni por fuera. La peor herencia de la dictadura es esto, porque mataron a las generaciones de pol\u00edticos que hoy deber\u00edan ocupar los lugares de liderazgo. Cuando vuelve la democracia en Brasil ten\u00edamos a los viejos pol\u00edticos, que ya se murieron, y qued\u00f3 un vac\u00edo<\/p>\n<p style=\"text-align: justify;\">-\u00bfSe puede encontrar en esa transici\u00f3n hacia la democracia alg\u00fan germen de la crisis actual?<\/p>\n<p style=\"text-align: justify;\">&#8211; La salida de la dictadura no tuvo nada que ver con lo que sucedi\u00f3 en Argentina. En Brasil no hubo una transici\u00f3n, hubo una transacci\u00f3n. Fue un acuerdo. En esa \u00e9poca en Brasil hubo un movimiento de masas de los m\u00e1s importantes hasta el d\u00eda de hoy, que pidi\u00f3 elecciones con la gente en la calle, pero la dictadura resisti\u00f3 y no permiti\u00f3 que el proyecto pasara en el Congreso. La dictadura brasilera solo permit\u00eda dos partidos, nosotros dec\u00edamos que eran el partido del SI y el del SI Se\u00f1or. Hoy hay 32 partidos, lo que no existe en ning\u00fan lado, y hay otros 50 pedidos de nuevos partidos. Esto obliga a las concertaciones y uno de sus resultados es la gran corrupci\u00f3n<\/p>\n<p style=\"text-align: justify;\">-\u00bfEl sistema pol\u00edtico democr\u00e1tico de Brasil puede funcionar sin corrupci\u00f3n?<\/p>\n<p style=\"text-align: justify;\">&#8211; El espacio en televisi\u00f3n en tiempos electorales es proporcional al n\u00famero de parlamentarios que cada partido tiene. Esto ya es algo que sirve para hacer negocios, porque el partido que tiene 30 segundos negocia con el candidato que est\u00e1 en mejor situaci\u00f3n a cambio de algo, de cargos por ejemplo. Eso transform\u00f3 la vida pol\u00edtica de Brasil de una manera tal que hoy es un gran negocio. El \u201cmensalao\u201d fue el primer gran hecho, en que el partido de Lula pagaba a los diputados y senadores para votar sus propuestas, luego entre ellos empezaron a pelearse y entonces aparece el tema p\u00fablicamente. En ese momento la ley posibilitaba que las empresas donaran plata para la campa\u00f1a mediante un impuesto. Pero como no alcanzaba, empezaron a aportar por \u201ccaja dos\u201d, que era mucho m\u00e1s que el aporte legal. Por ejemplo: Petrobras empez\u00f3 a cobrar coimas, que despu\u00e9s repart\u00eda con el partido al que estaba asociado. Es casi imposible en el mundo llevar a la quiebra a una petrolera, pero en Brasil se consigui\u00f3 porque robaron con las dos manos. Esto fue empeorando y gener\u00f3 un shock en la opini\u00f3n p\u00fablica. En ese contexto echaron a Dilma, no por coimas sino por algo vinculado a la estructura de las decisiones presidenciales, y asumi\u00f3 Temer, vicepresidente del PMDB (Partido del Movimiento Democr\u00e1tico Brasile\u00f1o), que nos trajo hasta aqu\u00ed\u2026.<\/p>\n<p style=\"text-align: justify;\">-\u00bfCu\u00e1les son los nombres que podr\u00edan encabezar la continuidad de la democracia en Brasil?<\/p>\n<p style=\"text-align: justify;\">&#8211; Si se hace la elecci\u00f3n en el Congreso, se habla mucho de un hombre que se llama Nelson Jobim, del PMDB, yo lo conozco, es de mi provincia. Al final de su gobierno, Dilma le regal\u00f3 un puesto en la Suprema Corte, hasta que se jubil\u00f3. Fue ministro de Defensa de Lula, sin saber absolutamente nada, y hab\u00eda sido ministro de Justicia de Fernando Henrique Cardozo. Si Lula se presentara como candidato va a perder, porque est\u00e1 muy mal en la opini\u00f3n p\u00fablica, responde a seis causas judiciales y en alguna va a recibir condena. Podr\u00e1 ser candidato porque no hay tiempo para sentencia de segundo grado, pero ser\u00e1 derrotado. Como candidatos aparecen Marina Silva, que perdi\u00f3 con Dilma, pero es peligrosa porque es una mujer muy religiosa que se presenta como la salvadora, y estas cosas en la historia del mundo nunca terminaron bien. Y el otro es Jair Bolsonaro, que es un tipo de ultr\u00edsima derecha enloquecida. El mes pasado en R\u00edo de Janeiro dio un discurso xen\u00f3fobo y racista, dijo que para resolver los problemas de Brasil hay que matar 30 mil personas, que si accede a la presidencia no habr\u00e1 ni un cent\u00edmetro de tierras para los ind\u00edgenas, que los negros que reclaman las tierras de cuando eran esclavos tampoco recibir\u00e1n nada. Es tan malo que s\u00f3lo llego hasta capit\u00e1n del Ej\u00e9rcito, ni siquiera el ej\u00e9rcito lo banc\u00f3. Y las encuestas le est\u00e1n dando n\u00fameros de terror, cuarenta y pico por ciento, sin haber empezado la campa\u00f1a. El escenario de Brasil es de tragedia. Este candidato podr\u00eda darle lugar a los sectores de poder que todav\u00eda existen de la dictadura, que se mueven por detr\u00e1s de las cosas<\/p>\n<p style=\"text-align: justify;\">-\u00bfCu\u00e1les son las alternativas institucionales que existen en este momento para la continuidad democr\u00e1tica?<\/p>\n<p style=\"text-align: justify;\">&#8211; Para que se entienda lo que sucede en Brasil es importante observar el Congreso, que en cualquier pa\u00eds tiene bancadas o bloques partidarios, o de alianzas pol\u00edticas. En este caso existen la bancada de la Biblia, de la Bala y de los Boi (ruralistas) que re\u00fanen diputados de varios partidos. La Bancada de la Biblia es algo absolutamente preocupante, son estas nuevas iglesias pentecostales, Universal, que adem\u00e1s crearon partidos pol\u00edticos como el PRB con varios diputados, senadores, alg\u00fan intendente. Hay un video en el que un Obispo est\u00e1 hablando en R\u00edo de Janeiro, contando a los fieles que la iglesia estaba pasando un problema grave, con una deuda de 600 millones, porque el gobierno les estaba cobrando un impuesto. Dice que tuvieron que moverse con la Bancada de la Biblia, para crear una ley que eliminara ese impuesto y finalmente agradece y presenta a Eduardo Cunha (ex presidente de la C\u00e1mara de Diputados, impulsor del juicio pol\u00edtico a la presidenta derrocada Dilma Rouseff, hoy preso por corrupci\u00f3n) que aparece en el escenario, es sensacional, la pol\u00edtica en Brasil es una tragedia. No hay m\u00e1s ideolog\u00eda, es una locura, solo sirve para negociados<\/p>\n<p style=\"text-align: justify;\">-\u00bfCu\u00e1l es la situaci\u00f3n del ex presidente Lula Da Silva, que a la distancia se percibe como un l\u00edder regional capaz de enderezar el rumbo de su pa\u00eds?<\/p>\n<p style=\"text-align: justify;\">&#8211; El PT no tiene candidato para la elecci\u00f3n de 2018. El que era el creador de Lula, Jos\u00e9 Dirceu, lo impuls\u00f3 a escribir una carta despu\u00e9s de haber perdido tres elecciones presidenciales para presentarse como alternativa potable para los empresarios y los financistas. Ahora, con todo este l\u00edo, Emilio Odebretch, el padre, dice en sus declaraciones que ayud\u00f3 a Lula a redactar ese texto. El per\u00edodo de Lula fue favorable por el contexto internacional, los comoditties ten\u00edan el precio alto, econ\u00f3micamente Brasil estaba bien, no por obra de Lula sino por la circunstancia internacional. Luego, cuando ya no pod\u00eda ser candidato cre\u00f3 a Dilma, yo la conozco, estuvo casada much\u00edsimos a\u00f1os con Carlos, un amigo y compa\u00f1ero m\u00edo. Es una militante comprometida, que lleg\u00f3 al PT en el 2000 pero no es un gran cuadro pol\u00edtico, en Brasil recibe muchas burlas por su escasa capacidad oratoria. Dirceu sali\u00f3 del gobierno con el \u201cmensalao\u201d y ah\u00ed Lula la llam\u00f3 a Dilma para la Casa Civil (Jefatura de Gabinete) porque es una sargenta, y hab\u00eda que poner orden. En un primer momento el PT ten\u00eda muchos intelectuales, acad\u00e9micos y hoy no tiene nada, menos un candidato con alguna chance, y ha perdido el contacto con las bases, la gente se siente aislada, en Brasil son dos cosas distintas los partidarios, los electores y la c\u00fapula partidaria<\/p>\n<p style=\"text-align: justify;\">-\u00bfQu\u00e9 an\u00e1lisis le merece el momento hist\u00f3rico de la regi\u00f3n?<\/p>\n<p style=\"text-align: justify;\">&#8211; A nivel regional yo creo que el cuadro es bastante grave, hab\u00edamos llegado a un punto important\u00edsimo, pero lo grave es que nuestros partidos de izquierda, de centro izquierda, tienen que repensarse y hacer mea culpa, ideol\u00f3gicamente tienen que rever cosas, porque estos gobiernos cometieron el gran error de aceptar el juego del neoliberalismo y esta es la cuesti\u00f3n de fondo de la tragedia. Yo no veo en los partidos progresistas de la regi\u00f3n una voluntad de repensarse y adaptarse a los nuevos tiempos, porque la vida no es est\u00e1tica, es din\u00e1mica, y la vida pol\u00edtica mucho m\u00e1s, y se ve que est\u00e1n como congelados, asustados. Te dir\u00eda que no son necesarios 40 a\u00f1os, pero se tiene que hacer una revoluci\u00f3n dentro de los partidos de izquierda y tener en cuenta que es fundamental tener una propuesta, un proyecto de pa\u00eds. En Brasil los trabajadores no tienen proyecto de pa\u00eds, el mundo acad\u00e9mico-intelectual no tiene proyecto, los empresarios menos aun y los militares tienen, siempre tuvieron. Entonces esto es de m\u00e1xima urgencia.<\/p>\n<p style=\"text-align: justify;\">Se estima que por su labor en la promoci\u00f3n y defensa de los derechos humanos, Jair Krischke y el MJDH lograron salvar la vida de m\u00e1s de 2 mil personas en todo el continente, en las \u00e9pocas de las dictaduras latinoamericanas del \u201960, \u201970 y \u201980. Primero ayudaron a brasile\u00f1os, perseguidos por los militares luego del golpe de Estado que en 1964 derroc\u00f3 al presidente Jo\u00e3o Goulart, a refugiarse en Uruguay, donde tambi\u00e9n se asil\u00f3 el presidente destituido. Luego en 1973, cuando se produjeron los golpes en Uruguay y Chile, ayudaron a los militantes a llegar a la Argentina, que era el \u00fanico pa\u00eds de la regi\u00f3n que acog\u00eda refugiados. A partir de 1976 el MJDH se dedic\u00f3 a introducir clandestinamente a los refugiados de Chile, Argentina, Paraguay y Uruguay a Brasil y junto con ACNUR (Alto Comisionado de las Naciones Unidas para los Refugiados) conseguir enviarlos a Europa.<\/p>\n<p style=\"text-align: justify;\">En 2007, el trabajo de Krischke result\u00f3 en la captura del represor uruguayo que viv\u00eda pr\u00f3fugo en Brasil, Manuel Cordero, que luego fue extraditado a Argentina y juzgado y condenado por delitos de lesa humanidad.<\/p>\n<p style=\"text-align: justify;\">Fuente: Leonardo V\u00e1zquez; www.canalabierto.com.ar<\/p>\n","protected":false},"excerpt":{"rendered":"Entrevista al m\u00e1ximo referente de los Derechos Humanos del pa\u00eds hermano, Jair Krischke, invitado a Buenos Aires por la Comisi\u00f3n Interamericana de Derechos \n<a class=\"moretag\" href=\"https:\/\/ctainternacionales.org\/?p=3872\"> [...]<\/a>","protected":false},"author":1,"featured_media":0,"comment_status":"closed","ping_status":"closed","sticky":false,"template":"","format":"standard","meta":{"ngg_post_thumbnail":0,"footnotes":""},"categories":[],"tags":[],"class_list":["post-3872","post","type-post","status-publish","format-standard","hentry"],"_links":{"self":[{"href":"https:\/\/ctainternacionales.org\/index.php?rest_route=\/wp\/v2\/posts\/3872","targetHints":{"allow":["GET"]}}],"collection":[{"href":"https:\/\/ctainternacionales.org\/index.php?rest_route=\/wp\/v2\/posts"}],"about":[{"href":"https:\/\/ctainternacionales.org\/index.php?rest_route=\/wp\/v2\/types\/post"}],"author":[{"embeddable":true,"href":"https:\/\/ctainternacionales.org\/index.php?rest_route=\/wp\/v2\/users\/1"}],"replies":[{"embeddable":true,"href":"https:\/\/ctainternacionales.org\/index.php?rest_route=%2Fwp%2Fv2%2Fcomments&post=3872"}],"version-history":[{"count":1,"href":"https:\/\/ctainternacionales.org\/index.php?rest_route=\/wp\/v2\/posts\/3872\/revisions"}],"predecessor-version":[{"id":3874,"href":"https:\/\/ctainternacionales.org\/index.php?rest_route=\/wp\/v2\/posts\/3872\/revisions\/3874"}],"wp:attachment":[{"href":"https:\/\/ctainternacionales.org\/index.php?rest_route=%2Fwp%2Fv2%2Fmedia&parent=3872"}],"wp:term":[{"taxonomy":"category","embeddable":true,"href":"https:\/\/ctainternacionales.org\/index.php?rest_route=%2Fwp%2Fv2%2Fcategories&post=3872"},{"taxonomy":"post_tag","embeddable":true,"href":"https:\/\/ctainternacionales.org\/index.php?rest_route=%2Fwp%2Fv2%2Ftags&post=3872"}],"curies":[{"name":"wp","href":"https:\/\/api.w.org\/{rel}","templated":true}]}}