{"id":3866,"date":"2017-05-30T11:34:58","date_gmt":"2017-05-30T14:34:58","guid":{"rendered":"http:\/\/www.ctainternacionales.org\/?p=3866"},"modified":"2017-05-30T11:36:44","modified_gmt":"2017-05-30T14:36:44","slug":"equipos-juridicos-de-la-cta-a-debatieron-formas-de-enfrentar-la-criminalizacion-de-la-protesta","status":"publish","type":"post","link":"https:\/\/ctainternacionales.org\/?p=3866","title":{"rendered":"Equipos jur\u00eddicos de la CTA-A debatieron formas de enfrentar la criminalizaci\u00f3n de la protesta"},"content":{"rendered":"<p style=\"text-align: justify;\">El 26 y 27 de mayo sesion\u00f3 en Salta el Encuentro Abierto de Abogados de la CTA Aut\u00f3noma. Participaron dirigentes de la Conducci\u00f3n Nacional de la Central (Daniel Jorajur\u00eda, Adolfo \u00abFito\u00bb Aguirre, Hugo Godoy, Horacio Meguira); sus pares de la CTA-A salte\u00f1a encabezados por Vuenaventura David; Rafael Freire Neto, Secretario de Pol\u00edtica Econ\u00f3mica y Desarrollo Sustentable de la Confederaci\u00f3n Sindical de las Am\u00e9ricas (CSA) y el fundador de la CTA, V\u00edctor De Gennaro, entre otros.<!--more--><\/p>\n<p style=\"text-align: justify;\"><a href=\"http:\/\/www.ctainternacionales.org\/wp-content\/uploads\/2017\/05\/DSC00019-1.jpg\"><img loading=\"lazy\" decoding=\"async\" class=\"aligncenter size-thumbnail wp-image-3867\" src=\"http:\/\/www.ctainternacionales.org\/wp-content\/uploads\/2017\/05\/DSC00019-1-350x233.jpg\" alt=\"DSC00019-1\" width=\"350\" height=\"233\" \/><\/a>El XVII Encuentro de Abogados de la CTA Aut\u00f3noma tuvo como objetivo caracterizar esta nueva ola represiva que puede verse con particular crudeza en el NOA y fortalecer las intervenciones de los equipos jur\u00eddicos para enfrentar este proceso. Represi\u00f3n, detenciones arbitrarias, criminalizaci\u00f3n de dirigentes y trabajadores, persecuci\u00f3n a sindicatos, tutelas sindicales amenazadas, multas son algunas de las variantes que se registran en el recrudecimiento de la criminalizaci\u00f3n de las protestas y el hostigamiento a los trabajadores y sus formas de organizaci\u00f3n en la zona.<\/p>\n<p style=\"text-align: justify;\">Con presencia de abogados de gran parte del pa\u00eds, de dirigentes hist\u00f3ricos de la Central y el acompa\u00f1amiento de Rafael Freire Neto, se desarroll\u00f3 en Salta Capital el Encuentro Abierto de Abogados de la CTA-A.<\/p>\n<p style=\"text-align: justify;\">\u201cDecidimos realizarlo en Salta justamente por la situaci\u00f3n de los Derechos Humanos de esta provincia y de Jujuy. En el NOA est\u00e1n recrudeciendo experiencias neoliberales y m\u00e9todos m\u00e1s represivos de los que hab\u00eda. Se corre peligro que a trav\u00e9s de mecanismos represivos contra la libertad sindical se terminen violando libertades p\u00fablicas\u201d, destac\u00f3 Horacio Meguira Director del Departamento Jur\u00eddico de la Central quien advirti\u00f3 que estamos ante una \u201cola represiva antisindical para impedir lo que ven\u00edan logrando los sindicatos azucareros del norte, diferenciarse en condiciones laborales y en salario de los sindicatos tucumanos que quedaron retrasados en un 20 por ciento del resto de los trabajadores del norte\u201d.<\/p>\n<p style=\"text-align: justify;\">El encuentro se dio un d\u00eda despu\u00e9s de un Congreso de Trabajadores Azucareros de las provincias de Salta y Jujuy convocado por la Federaci\u00f3n Azucarera Regional (FAR-CTA) que tuvo lugar en el Ingenio El Tabacal de Or\u00e1n.<\/p>\n<p style=\"text-align: justify;\">\u201cHoy estamos concretando un paso m\u00e1s dentro de la construcci\u00f3n que creemos necesaria para nuestra actividad y como un ejemplo para el resto de la clase trabajado de que solamente en la uni\u00f3n y en la organizaci\u00f3n tenemos la posibilidad de sostener y custodiar lo que hemos logrado con tanto esfuerzo\u201d destac\u00f3 Mart\u00edn Olivera de El Tabacal.<\/p>\n<p style=\"text-align: justify;\">La primera jornada de trabajo estuvo signada por la caracterizaci\u00f3n, a trav\u00e9s de las m\u00faltiples experiencias de intervenci\u00f3n y acompa\u00f1amiento en los conflictos que protagonizan los sindicatos de base de la Central en cada regi\u00f3n del pa\u00eds, de esta nueva etapa represiva que atenta contra las formas de manifestaci\u00f3n y de organizaci\u00f3n de los trabajadores.<a href=\"http:\/\/www.ctainternacionales.org\/wp-content\/uploads\/2017\/05\/DAw8znCXYAErFCV.jpg\"><img loading=\"lazy\" decoding=\"async\" class=\"aligncenter size-thumbnail wp-image-3868\" src=\"http:\/\/www.ctainternacionales.org\/wp-content\/uploads\/2017\/05\/DAw8znCXYAErFCV-350x227.jpg\" alt=\"DAw8znCXYAErFCV\" width=\"350\" height=\"227\" \/><\/a><\/p>\n<p style=\"text-align: justify;\">Hubo un fuerte pronunciamiento a favor de proteger todas las formas de protesta que permiten defender y exigir el ejercicio de los derechos de los trabajadores y de los sectores vulnerados que se ven hoy empujados a reclamar.<\/p>\n<p style=\"text-align: justify;\">\u201cSiempre los trabajadores hemos discutido pol\u00edtica para defendernos y para construir una sociedad diferente, siempre ha estado en un lugar preponderante a lo largo de nuestra historia, pero en estos momentos tenemos que profundizar estos debates, quienes est\u00e1n en la primera l\u00ednea de nuestras militancias son los equipos jur\u00eddicos de nuestras organizaciones y de nuestra central. Los equipos jur\u00eddicos no son asesores, sino militantes y dirigentes que ayudan a construir una estrategia pol\u00edtica, y creo que en este momento es necesario repensar el escenario en el que estamos e imaginar a donde vamos es muy importante\u201d, sostuvo Hugo \u00abCachorro\u00bb Godoy, Secretario General de ATE.<\/p>\n<p style=\"text-align: justify;\">\u00abAnte los ataques a los derechos laborales y sindicales, el trabajador no se debilita, sino se hace mas fuerte en la lucha\u00bb<br \/>\nDe esta manera se expres\u00f3 Rafael Freire Neto en el marco del Encuentro de Abogados de la Central abordando el tema \u00abLos obst\u00e1culos en la nueva etapa de las relaciones,libertad sindical y criminalizaci\u00f3n de la protesta y la huelga. Ingerencia del estado\u00bb.<\/p>\n<p style=\"text-align: justify;\">Ante m\u00e1s de 40 abogados de la CTA-A de diferentes provincias, Freire Neto resalt\u00f3 la oleada de ataques hacia los derechos laborales y sindicales en Am\u00e9rica Latina, la presencia de gobiernos conservadores, en el caso de nuestro pa\u00eds con el gobierno de Macri que hace un ataque frontal a los trabajadores, criminaliza la protesta y a sus dirigentes. Se tiene presente a la CTA-A como muestra de construcci\u00f3n y de aporte de experiencias de la lucha de los trabajadores.<\/p>\n<p style=\"text-align: justify;\">\u00abPor lo tanto hay que aprovechar el respaldo de la OIT, de la Comisi\u00f3n Interamericana de Derechos Humanos y la Jornada Continental por la Democracia y contra el Posneoliberalismo que se realizar\u00e1 en noviembre en Montevideo, Uruguay, para crear un movimiento m\u00e1s amplio que el movimiento sindical para la defensa de nuestros derechos como trabajadores\u00bb, asegur\u00f3 Freire.<\/p>\n<p style=\"text-align: justify;\">Por su parte, Adolfo \u00abFito\u00bb Aguirre, secretario de Relaciones Internacionales de la CTA-A Nacional, con respecto al encuentro dijo: \u00abAnte distintos desaf\u00edos que los trabajadores tuvieron en la historia no hay que perder el debate, hay que aprovechar este momento ya que tambi\u00e9n se est\u00e1 concretando la 17 reuni\u00f3n de abogados de la Central para captar toda la visi\u00f3n que nos oriente para donde debemos conducir los esfuerzos y la militancia en esta etapa\u00bb.<\/p>\n<p style=\"text-align: justify;\">A su turno, Daniel Jorajur\u00eda, secretario Gremial de la Central Nacional coincidi\u00f3 que con estas herramientas desde lo jur\u00eddico junto a las experiencias de organizaci\u00f3n y lucha que damos d\u00eda a d\u00eda se profundiza el pensamiento de los trabajadores para defender a la clase y sus derechos.<\/p>\n<p style=\"text-align: justify;\">A continuaci\u00f3n Horacio Meguira, Director del Departamento Jur\u00eddico de la CTA-A Nacional, destac\u00f3 la relevancia de este encuentro, ya que es la primera vez que no se hace en Buenos Aires.<\/p>\n<p style=\"text-align: justify;\">Hubo una exposici\u00f3n de los conflictos de los trabajadores azucareros del norte a cargo del Dr Enrique Wandschneider y los dirigentes sindicales Rafael Vargas, del sindicato Ledesma; Mart\u00edn Olivera, del Tabacal y Mariano Cuenca del ingenio San Isidro. Se destac\u00f3 la importancia de la Asamblea que se llev\u00f3 a cabo el 25 de mayo en Hip\u00f3lito Yrigoyen. Relataron como un hecho hist\u00f3rico el primer Congreso Azucarero Regional de los gremios de Salta y Jujuy en el marco de la Federaci\u00f3n Azucarera Regional (FAR-CTA).<\/p>\n<p style=\"text-align: justify;\"><a href=\"http:\/\/www.ctainternacionales.org\/wp-content\/uploads\/2017\/05\/18739743_1757743530908449_5353294117057153494_n.jpg\"><img loading=\"lazy\" decoding=\"async\" class=\"aligncenter size-thumbnail wp-image-3869\" src=\"http:\/\/www.ctainternacionales.org\/wp-content\/uploads\/2017\/05\/18739743_1757743530908449_5353294117057153494_n-350x197.jpg\" alt=\"18739743_1757743530908449_5353294117057153494_n\" width=\"350\" height=\"197\" \/><\/a>Informe de la Criminalizaci\u00f3n<br \/>\nEl Observatorio de Derecho Social del CTA A present\u00f3 el informe sobre la criminalizaci\u00f3n de la protesta con datos de causas relevadas durante el 2016. Luis Campos uno de los responsables del trabajo advirti\u00f3 que \u201ceste es un informe de m\u00ednima, que sigue construy\u00e9ndose a medida que las organizaciones van aportando informaci\u00f3n sobre las causas.<\/p>\n<p style=\"text-align: justify;\">\u201cA la represi\u00f3n f\u00edsica directa o tercerizada, la aperturas de causas judiciales, la estigmatizaci\u00f3n de dirigentes y organizaciones deber\u00eda sumarse las sanciones econ\u00f3micas a los sindicatos\u201d resumi\u00f3 Campos.<\/p>\n<p style=\"text-align: justify;\">La actividad continu\u00f3 el s\u00e1bado con la exposici\u00f3n del Observatorio Derecho Social sobre las principales variables econ\u00f3micas y del mercado de trabajo a lo largo de 2016 y los primeros meses de 2017.<\/p>\n","protected":false},"excerpt":{"rendered":"El 26 y 27 de mayo sesion\u00f3 en Salta el Encuentro Abierto de Abogados de la CTA Aut\u00f3noma. Participaron dirigentes de la Conducci\u00f3n \n<a class=\"moretag\" href=\"https:\/\/ctainternacionales.org\/?p=3866\"> [...]<\/a>","protected":false},"author":1,"featured_media":0,"comment_status":"closed","ping_status":"closed","sticky":false,"template":"","format":"standard","meta":{"ngg_post_thumbnail":0,"footnotes":""},"categories":[],"tags":[],"class_list":["post-3866","post","type-post","status-publish","format-standard","hentry"],"_links":{"self":[{"href":"https:\/\/ctainternacionales.org\/index.php?rest_route=\/wp\/v2\/posts\/3866","targetHints":{"allow":["GET"]}}],"collection":[{"href":"https:\/\/ctainternacionales.org\/index.php?rest_route=\/wp\/v2\/posts"}],"about":[{"href":"https:\/\/ctainternacionales.org\/index.php?rest_route=\/wp\/v2\/types\/post"}],"author":[{"embeddable":true,"href":"https:\/\/ctainternacionales.org\/index.php?rest_route=\/wp\/v2\/users\/1"}],"replies":[{"embeddable":true,"href":"https:\/\/ctainternacionales.org\/index.php?rest_route=%2Fwp%2Fv2%2Fcomments&post=3866"}],"version-history":[{"count":2,"href":"https:\/\/ctainternacionales.org\/index.php?rest_route=\/wp\/v2\/posts\/3866\/revisions"}],"predecessor-version":[{"id":3871,"href":"https:\/\/ctainternacionales.org\/index.php?rest_route=\/wp\/v2\/posts\/3866\/revisions\/3871"}],"wp:attachment":[{"href":"https:\/\/ctainternacionales.org\/index.php?rest_route=%2Fwp%2Fv2%2Fmedia&parent=3866"}],"wp:term":[{"taxonomy":"category","embeddable":true,"href":"https:\/\/ctainternacionales.org\/index.php?rest_route=%2Fwp%2Fv2%2Fcategories&post=3866"},{"taxonomy":"post_tag","embeddable":true,"href":"https:\/\/ctainternacionales.org\/index.php?rest_route=%2Fwp%2Fv2%2Ftags&post=3866"}],"curies":[{"name":"wp","href":"https:\/\/api.w.org\/{rel}","templated":true}]}}