{"id":3863,"date":"2017-05-30T11:31:26","date_gmt":"2017-05-30T14:31:26","guid":{"rendered":"http:\/\/www.ctainternacionales.org\/?p=3863"},"modified":"2017-05-30T11:31:26","modified_gmt":"2017-05-30T14:31:26","slug":"convenio-en-defensa-de-los-derechos-de-los-migrantes","status":"publish","type":"post","link":"https:\/\/ctainternacionales.org\/?p=3863","title":{"rendered":"Convenio en Defensa de los Derechos de los Migrantes"},"content":{"rendered":"<p style=\"text-align: justify;\">Con el padrinazgo del premio Nobel de la Paz, Adolfo P\u00e9rez Esquivel, el Presidente de la CLATE, Julio Fuentes firm\u00f3 un convenio para trabajar en la defensa de los derechos de los Migrantes con la Red Nacional de L\u00edderes Migrantes, asociaciones civiles, organizaciones, universidades, Amnesty Argentina y la Defensor\u00eda del Pueblo de la ciudad de Buenos Aires.<!--more--><\/p>\n<p style=\"text-align: justify;\">Dio la bienvenida en la sede del Servicio de Paz y Justicia (SERPAJ) el Nobel de la Paz, Adolfo P\u00e9rez Esquivel, quien destac\u00f3 la importancia del encuentro, y se\u00f1al\u00f3 que \u00abeste es un espacio abierto a la comunidad para acompa\u00f1ar y trabajar con los pueblos\u00bb.<\/p>\n<p style=\"text-align: justify;\">Respecto de la situaci\u00f3n de los migrantes, P\u00e9rez Esquivel dijo que \u00abla pol\u00edtica del Gobierno contradice el pre\u00e1mbulo de nuestra Constituci\u00f3n que plantea que el pa\u00eds est\u00e1 abierto a todo hombre y mujer que quiera habitar el suelo argentino. Y sin embargo sufrimos una pol\u00edtica de discriminaci\u00f3n, de marginalidad y rechazo. Esto no pasa s\u00f3lo en la Argentina, pasa en Europa, en los Estados Unidos, son como corrientes que se van extendiendo. El caso de Trump que nos tiene entrampados con la construcci\u00f3n de su muro aberrante. Tenemos que derribar los muros\u00bb.<\/p>\n<p style=\"text-align: justify;\">El Nobel de la Paz habl\u00f3 tambi\u00e9n de la necesidad de unirnos y trabajar solidariamente en conjunto. \u00abEs bueno que charlemos y trabajemos en conjunto. La unidad en la diversidad. La uniformidad va contra la madre naturaleza y debemos aprender que la biodiversidad es la riqueza de la naturaleza y tambi\u00e9n de los pueblos\u00bb.<a href=\"http:\/\/www.ctainternacionales.org\/wp-content\/uploads\/2017\/05\/convenio_migrantes_000_W.jpg\"><img loading=\"lazy\" decoding=\"async\" class=\"aligncenter size-thumbnail wp-image-3864\" src=\"http:\/\/www.ctainternacionales.org\/wp-content\/uploads\/2017\/05\/convenio_migrantes_000_W-350x186.jpg\" alt=\"convenio_migrantes_000_W\" width=\"350\" height=\"186\" \/><\/a><\/p>\n<p style=\"text-align: justify;\">Jorge Mu\u00f1oz, por su parte en representaci\u00f3n de la Red Nacional de L\u00edderes Migrantes de la Argentina agradeci\u00f3 la presencia de cada una de las organizaciones firmantes y coment\u00f3 que \u00abvenimos a pedirles que nos ayuden a frenar a los gobiernos que quieren levantar muros y cerrar fronteras a costilla de los migrantes\u00bb. En el caso de Argentina, los decretos 68 y 70 que modifican el esp\u00edritu de la ley 25.871, son muy dolorosos para los migrantes. La creaci\u00f3n de esta mega polic\u00eda fronteriza, envalenton\u00f3 a las polic\u00edas y dem\u00e1s fuerzas, como a la Direcci\u00f3n Nacional de Migraciones (DNM), all\u00ed donde cruzan nuestros migrantes m\u00e1s pobres, casos como los de Bolivia y Paraguay donde los maltratos son cotidianos. Ante eso les dijimos a las m\u00e1ximas autoridades que nosotros los controlar\u00edamos a ellos tambi\u00e9n. Es por eso que estamos aqu\u00ed\u00bb.<\/p>\n<p style=\"text-align: justify;\">Y destac\u00f3 adem\u00e1s el objetivo principal del convenio que plantea como finalidad la de \u00abpropiciar lazos entre las instituciones firmantes para garantizar los derechos de los migrantes y contribuir al fortalecimiento de las pol\u00edticas p\u00fablicas orientadas en ese sentido\u00bb.<\/p>\n<p style=\"text-align: justify;\">Previo a la firma del convenio cada una de las instituciones y organizaciones expresaron el por qu\u00e9 de su participaci\u00f3n y su compromiso. Al momento de la firma en representaci\u00f3n de la CLATE, su presidente Julio Fuentes explic\u00f3 los motivos y los desaf\u00edos del sector contando que \u00aben nuestro \u00faltimo Congreso Cincuentenario resolvimos crear un \u00e1rea de trabajo en el tema Migrantes. A partir de una campa\u00f1a que venimos sosteniendo hace unos a\u00f1os, que lleva como lema \u00abMi trabajo son tus derechos\u00bb. Y as\u00ed como nuestro trabajo en la salud asegura el derecho humano de nuestros pueblos, tambi\u00e9n trabajamos en las direcciones de migraciones de nuestros pa\u00edses. Estamos convencidos que los sindicatos de trabajadores estatales de nuestra regi\u00f3n tenemos mucho que hacer en las fronteras. Cuando se ingresa a un pa\u00eds, no se encuentran con el presidente del pa\u00eds y sus pol\u00edticas, se encuentra con un trabajador p\u00fablico. Qu\u00e9 piensa ese trabajador, qu\u00e9 apoyo tiene ese trabajador para no hacer una cuesti\u00f3n de obediencia debida sino ser un garante de ese derecho humano\u00bb.<\/p>\n<p style=\"text-align: justify;\">Fuentes se comprometi\u00f3 a que \u00abvamos a encargarnos de difundir este convenio, para que nuestras organizaciones en los pa\u00edses (18 en total en Latinoam\u00e9rica y el Caribe) busquen coordinar con organizaciones como lo estamos haciendo en Argentina. Muchas veces el sistema y las negociaciones colectivas nos llevan a aislarnos de lo que est\u00e1 pasando a nuestra clase y nos quedamos en lo especifico. El sindicalismo tiene mucho que aportar y que nos ayuden a concretar nuestros objetivos\u00bb.<\/p>\n<p style=\"text-align: justify;\">Organizaciones firmantes: Red Nacional de L\u00edderes Migrantes; CLATE (Confederaci\u00f3n Latinoamericana y del Caribe de Trabajadores Estatales); Amnesty Internacional Argentina; CAREF (Comit\u00e9 Argentino de Refugiados y Migrantes); CELS (Centro de Estudios Legales y Sociales); UNLa (Universidad de Lan\u00fas); Defensor del Pueblo de la Ciudad de Buenos Aires; ADPRA (Asociaci\u00f3n de Defensores del Pueblo Argentina); FEC (Fundaci\u00f3n Ecum\u00e9nica de Cuyo de Mendoza); CINE INMIGRANTE; Fundaci\u00f3n Mirares (Migrantes, Refugiados y Argentinos Emprendedores Sociales); Centro Popular y de Participaci\u00f3n Enrique Angelelli; Instituto de Pol\u00edtica de Migraciones de la Universidad 3 de Febrero; FCCAM (Fundaci\u00f3n Comisi\u00f3n Cat\u00f3lica Argentina); Instituto Gino Germani; ANDHES (Asociaci\u00f3n del Noroeste Argentino para los DDHH); APDH La Matanza; Asociaci\u00f3n XUMEK<a href=\"http:\/\/www.ctainternacionales.org\/wp-content\/uploads\/2017\/05\/convenio_migrantes_000_W.jpg\"><br \/>\n<\/a><\/p>\n","protected":false},"excerpt":{"rendered":"Con el padrinazgo del premio Nobel de la Paz, Adolfo P\u00e9rez Esquivel, el Presidente de la CLATE, Julio Fuentes firm\u00f3 un convenio para \n<a class=\"moretag\" href=\"https:\/\/ctainternacionales.org\/?p=3863\"> [...]<\/a>","protected":false},"author":1,"featured_media":0,"comment_status":"closed","ping_status":"closed","sticky":false,"template":"","format":"standard","meta":{"ngg_post_thumbnail":0,"footnotes":""},"categories":[],"tags":[],"class_list":["post-3863","post","type-post","status-publish","format-standard","hentry"],"_links":{"self":[{"href":"https:\/\/ctainternacionales.org\/index.php?rest_route=\/wp\/v2\/posts\/3863","targetHints":{"allow":["GET"]}}],"collection":[{"href":"https:\/\/ctainternacionales.org\/index.php?rest_route=\/wp\/v2\/posts"}],"about":[{"href":"https:\/\/ctainternacionales.org\/index.php?rest_route=\/wp\/v2\/types\/post"}],"author":[{"embeddable":true,"href":"https:\/\/ctainternacionales.org\/index.php?rest_route=\/wp\/v2\/users\/1"}],"replies":[{"embeddable":true,"href":"https:\/\/ctainternacionales.org\/index.php?rest_route=%2Fwp%2Fv2%2Fcomments&post=3863"}],"version-history":[{"count":1,"href":"https:\/\/ctainternacionales.org\/index.php?rest_route=\/wp\/v2\/posts\/3863\/revisions"}],"predecessor-version":[{"id":3865,"href":"https:\/\/ctainternacionales.org\/index.php?rest_route=\/wp\/v2\/posts\/3863\/revisions\/3865"}],"wp:attachment":[{"href":"https:\/\/ctainternacionales.org\/index.php?rest_route=%2Fwp%2Fv2%2Fmedia&parent=3863"}],"wp:term":[{"taxonomy":"category","embeddable":true,"href":"https:\/\/ctainternacionales.org\/index.php?rest_route=%2Fwp%2Fv2%2Fcategories&post=3863"},{"taxonomy":"post_tag","embeddable":true,"href":"https:\/\/ctainternacionales.org\/index.php?rest_route=%2Fwp%2Fv2%2Ftags&post=3863"}],"curies":[{"name":"wp","href":"https:\/\/api.w.org\/{rel}","templated":true}]}}