{"id":3854,"date":"2017-05-02T13:20:52","date_gmt":"2017-05-02T16:20:52","guid":{"rendered":"http:\/\/www.ctainternacionales.org\/?p=3854"},"modified":"2017-05-02T13:20:52","modified_gmt":"2017-05-02T16:20:52","slug":"las-madres-de-plaza-de-mayo-cumplen-40-anos-de-lucha-inclaudicable","status":"publish","type":"post","link":"https:\/\/ctainternacionales.org\/?p=3854","title":{"rendered":"Las Madres de Plaza de Mayo cumplen 40 a\u00f1os de lucha inclaudicable"},"content":{"rendered":"<p style=\"text-align: justify;\">Bajo un cielo celeste y blanco, las Madres de Plaza de Mayo L\u00ednea Fundadora, acompa\u00f1adas por la CTA-A y otras organizaciones sociales, pol\u00edticas y de Derechos Humanos, celebraron 40 a\u00f1os de lucha inclaudicable por Memoria, Verdad y Justicia. Y lo hicieron en la hist\u00f3rica Plaza de Mayo, frente al Monumento a Belgrano. Adem\u00e1s reclamaron que se abran los archivos de la \u00faltima dictadura.<!--more--><\/p>\n<p style=\"text-align: justify;\"><a href=\"http:\/\/www.ctainternacionales.org\/wp-content\/uploads\/2017\/05\/madres-40anios-todas1.jpg\"><img loading=\"lazy\" decoding=\"async\" class=\"aligncenter size-thumbnail wp-image-3855\" src=\"http:\/\/www.ctainternacionales.org\/wp-content\/uploads\/2017\/05\/madres-40anios-todas1-350x208.jpg\" alt=\"madres-40anios-todas1\" width=\"350\" height=\"208\" \/><\/a>Frente a la Casa Rosada y como hace 40 a\u00f1os, las Madres, con sus pa\u00f1uelos blancos caminaron acompa\u00f1adas por la CTA Aut\u00f3noma y otras organizaciones de derechos humanos, familiares y ex detenidos desaparecidos, sociales, pol\u00edticas como lo hicieron en plena dictadura militar cuando reclamaban la aparici\u00f3n de sus hijos e hijas desaparecidas.<\/p>\n<p style=\"text-align: justify;\">Durante toda la tarde, las Madres y los familiares de las v\u00edctimas del genocidio contaron c\u00f3mo fue y sigue siendo la lucha en estas cuatro d\u00e9cadas incansables de Memoria, Verdad y Justicia. La idea fue juntar historias en primera persona para armar un \u00abgran relato colectivo\u00bb. Hubo m\u00fasica, baile y relatos de llenos de coraje y lucha en una tarde de muchas emociones.<\/p>\n<p style=\"text-align: justify;\">En la hist\u00f3rica jornada, Elia Espen manifest\u00f3 el profundo dolor por las Madres que quedaron en el camino en estos 40 a\u00f1os \u00absin siquiera saber nada de sus hijos\u00bb. Por eso reclam\u00f3 una vez m\u00e1s \u00abla apertura de archivos de la \u00faltima dictadura\u00bb y pidi\u00f3 a la militancia: \u00abustedes tienen que pedir e insistir que se abran los archivos para que se sepa la verdad, y as\u00ed poder vivir en un pa\u00eds libre, donde poder caminar sin tener miedo\u00bb.<\/p>\n<p style=\"text-align: justify;\">Mirta Baravalle describi\u00f3 su emoci\u00f3n y felicidad de estar en la Plaza este d\u00eda, recordando aqu\u00e9l 30 de abril de 1977 con \u00abla presencia de aquellas Madres que ya no est\u00e1n\u00bb. Agradeci\u00f3 la compa\u00f1\u00eda y el cari\u00f1o de todos y todas: \u00ablos siento a ustedes, como siento la presencia de nuestros hijos\u00bb.<\/p>\n<p style=\"text-align: justify;\">Norita Corti\u00f1as, por su parte, desminti\u00f3 a quienes dec\u00edan en plena dictadura que las Madres estaban solas: \u00abEso es mentira, desde que nos reunimos por primera vez el 8 de diciembre de 1977, en el local de al lado se fundaba ANUSATE, la agrupaci\u00f3n que iba a recuperar ATE. En ese momento ten\u00edamos ya ese entorno que crec\u00eda en medio del terrorismo de Estado y aqu\u00ed seguimos todos juntos\u00bb, record\u00f3.<\/p>\n<p style=\"text-align: justify;\">Adem\u00e1s Nora cont\u00f3 numerosas historias de las Madres en estos 40 a\u00f1os de lucha, de compa\u00f1\u00eda, de sororidad en esa b\u00fasqueda desesperada que primero fue por aparici\u00f3n con vida y luego por memoria, verdad y justicia: \u00abY cuando pedimos que se abran los archivos es porque queremos saber qu\u00e9 pas\u00f3 con cada hijo, cada nieto, porque esa impunidad es otra injusticia que sufrimos\u00bb.<\/p>\n<p style=\"text-align: justify;\">El abrazo de la CTA Aut\u00f3noma<br \/>\nRicardo Peidro, Secretario General Adjunto de la Central, manifest\u00f3 que tanto para la CTA-A como para todo el pueblo las Madres significan la resistencia: \u00abSon el esfuerzo y la entrega en los momentos m\u00e1s dif\u00edciles\u00bb. \u00abEstar con Norita, con Elia, con Mirta, el recuerdo de Pepa Noia,es un orgullo. Son las que bajo cualquier circunstancia siguieron resistiendo y reclamando\u00bb. Adem\u00e1s destac\u00f3: \u00abPara la CTA-A, nuestras Madres son un ejemplo y un faro de lucha\u00bb.<a href=\"http:\/\/www.ctainternacionales.org\/wp-content\/uploads\/2017\/05\/madres-40anios-a585.jpg\"><img loading=\"lazy\" decoding=\"async\" class=\"aligncenter size-thumbnail wp-image-3856\" src=\"http:\/\/www.ctainternacionales.org\/wp-content\/uploads\/2017\/05\/madres-40anios-a585-350x188.jpg\" alt=\"madres-40anios-a585\" width=\"350\" height=\"188\" \/><\/a><\/p>\n<p style=\"text-align: justify;\">Por su parte, Hugo \u00abCahorro\u00bb Godoy, Secretario General de ATE Nacional, destac\u00f3 el andar de las madres, la organizaci\u00f3n de los trabajadores en los lugares de trabajo, las luchas de las diversas maneras que a lo largo de la dictadura fueron socavando ese poder que \u00abtuvo que ceder ante la capacidad de resistencia popular\u00bb.<\/p>\n<p style=\"text-align: justify;\">\u00abLas Madres de Plaza de Mayo L\u00ednea Fundadora son, a lo largo de estos 33 a\u00f1os de democracia, un s\u00edmbolo de coherencia, de incorruptibilidad, de poder sostener el sentido profundo de la lucha de sus hijos, de esa democracia plena por la que luchaban: para eso se requiere justicia plena, terminar con la pobreza y derechos de plena libertad tanto individuales como colectivas\u00bb.<\/p>\n<p style=\"text-align: justify;\">Historia de amor y lucha<\/p>\n<p style=\"text-align: justify;\">Del grupo de 14 mujeres que march\u00f3 por primera vez alrededor de la Pir\u00e1mide de Mayo, frente a la Casa Rosada el 30 de abril de 1977, s\u00f3lo dos viven: Mirta Acu\u00f1a de Baravalle, quien tiene a su hija Ana Mar\u00eda desaparecida y todav\u00eda no pudo abrazar a su nieto nacido en cautiverio y Hayde\u00e9 Gastelu de Garc\u00ed\u00ada Buela, madre de Horacio, cuyos restos fueron identificados por el Equipo Argentino de Antropolog\u00eda Forense en 2001.<\/p>\n<p style=\"text-align: justify;\">Animadas por Azucena Villaflor de De Vincenti, las mujeres decidieron acompa\u00f1arse a pesar del dolor y llegar hasta el coraz\u00f3n de la Casa de Gobierno para preguntarle a los responsables de la dictadura d\u00f3nde estaban sus hijos. La b\u00fasqueda incluy\u00f3 ministerios, comisar\u00edas, iglesias y juzgados.<a href=\"http:\/\/www.ctainternacionales.org\/wp-content\/uploads\/2017\/05\/madres-40anios-mirta.jpg\"><img loading=\"lazy\" decoding=\"async\" class=\"aligncenter size-thumbnail wp-image-3858\" src=\"http:\/\/www.ctainternacionales.org\/wp-content\/uploads\/2017\/05\/madres-40anios-mirta-350x291.jpg\" alt=\"madres-40anios-mirta\" width=\"350\" height=\"291\" \/><\/a><\/p>\n<p style=\"text-align: justify;\">Cuando todo estaba prohibido para la sociedad civil, Azucena, Berta Braverman, Hayd\u00e9e Garc\u00ed\u00ada Buela, Mar\u00ed\u00ada Adela Gard de Antokoletz, Julia Gard, Mar\u00ed\u00ada Mercedes Gard y C\u00e1ndida Gard, Delicia de Miranda, Pepa Garc\u00ed\u00ada de Noia, Mirta de Baravalle, Kety Neuhaus, Raquel Arcushin, Elida de Caimi, una joven que no dio su nombre, Mar\u00ed\u00ada Ponce de Bianco y Rosa Contreras, se encontraron aquel s\u00e1bado sin saber que ser\u00edan protagonistas de un fen\u00f3meno in\u00e9dito de lucha que lleg\u00f3 a todos los rincones del mundo.<\/p>\n<p style=\"text-align: justify;\">Y tambi\u00e9n ellas fueron perseguidas y hasta desaparecidas: Bianco y Esther Ballestrino de Careaga, fueron secuestradas de la iglesia de la Santa Cruz el 8 de diciembre de 1977 por un grupo de tareas de la Armada integrado por el represor Alfredo Ast\u00edz que se infiltr\u00f3 entre las Madres. Dos d\u00edas despu\u00e9s, al conmemorarse el D\u00eda Internacional de los Derechos Humanos, De Vincenti fue secuestrada a pasos de su casa en la localidad de Avellaneda, cuando las Madres hab\u00edan logrado que el diario La Naci\u00f3n publicara una solicitada con el nombre de sus hijos secuestrados.<\/p>\n<p style=\"text-align: justify;\"><a href=\"http:\/\/www.ctainternacionales.org\/wp-content\/uploads\/2017\/05\/madres-40anios-elia.jpg\"><img loading=\"lazy\" decoding=\"async\" class=\"aligncenter size-thumbnail wp-image-3857\" src=\"http:\/\/www.ctainternacionales.org\/wp-content\/uploads\/2017\/05\/madres-40anios-elia-350x333.jpg\" alt=\"madres-40anios-elia\" width=\"350\" height=\"333\" \/><\/a><\/p>\n<p style=\"text-align: justify;\">A 40 a\u00f1os de aquella primera ronda y habiendo atravesado bastones, persecuci\u00f3n, desprecio, secuestros y desapariciones, a\u00fan hoy cada uno de los 2.037 jueves que llevan marchando, con sus pa\u00f1uelos blancos siguen diciendo presente: \u00abAunque llueve, truene, nieve o granice\u00bb, dijo Nora.<\/p>\n","protected":false},"excerpt":{"rendered":"Bajo un cielo celeste y blanco, las Madres de Plaza de Mayo L\u00ednea Fundadora, acompa\u00f1adas por la CTA-A y otras organizaciones sociales, pol\u00edticas \n<a class=\"moretag\" href=\"https:\/\/ctainternacionales.org\/?p=3854\"> [...]<\/a>","protected":false},"author":1,"featured_media":0,"comment_status":"closed","ping_status":"closed","sticky":false,"template":"","format":"standard","meta":{"ngg_post_thumbnail":0,"footnotes":""},"categories":[],"tags":[],"class_list":["post-3854","post","type-post","status-publish","format-standard","hentry"],"_links":{"self":[{"href":"https:\/\/ctainternacionales.org\/index.php?rest_route=\/wp\/v2\/posts\/3854","targetHints":{"allow":["GET"]}}],"collection":[{"href":"https:\/\/ctainternacionales.org\/index.php?rest_route=\/wp\/v2\/posts"}],"about":[{"href":"https:\/\/ctainternacionales.org\/index.php?rest_route=\/wp\/v2\/types\/post"}],"author":[{"embeddable":true,"href":"https:\/\/ctainternacionales.org\/index.php?rest_route=\/wp\/v2\/users\/1"}],"replies":[{"embeddable":true,"href":"https:\/\/ctainternacionales.org\/index.php?rest_route=%2Fwp%2Fv2%2Fcomments&post=3854"}],"version-history":[{"count":1,"href":"https:\/\/ctainternacionales.org\/index.php?rest_route=\/wp\/v2\/posts\/3854\/revisions"}],"predecessor-version":[{"id":3860,"href":"https:\/\/ctainternacionales.org\/index.php?rest_route=\/wp\/v2\/posts\/3854\/revisions\/3860"}],"wp:attachment":[{"href":"https:\/\/ctainternacionales.org\/index.php?rest_route=%2Fwp%2Fv2%2Fmedia&parent=3854"}],"wp:term":[{"taxonomy":"category","embeddable":true,"href":"https:\/\/ctainternacionales.org\/index.php?rest_route=%2Fwp%2Fv2%2Fcategories&post=3854"},{"taxonomy":"post_tag","embeddable":true,"href":"https:\/\/ctainternacionales.org\/index.php?rest_route=%2Fwp%2Fv2%2Ftags&post=3854"}],"curies":[{"name":"wp","href":"https:\/\/api.w.org\/{rel}","templated":true}]}}