{"id":3850,"date":"2017-05-02T13:07:44","date_gmt":"2017-05-02T16:07:44","guid":{"rendered":"http:\/\/www.ctainternacionales.org\/?p=3850"},"modified":"2017-05-02T21:53:41","modified_gmt":"2017-05-03T00:53:41","slug":"la-cta-autonoma-solidaria-con-los-trabajadores-de-brasil","status":"publish","type":"post","link":"https:\/\/ctainternacionales.org\/?p=3850","title":{"rendered":"La CTA Aut\u00f3noma solidaria con los trabajadores de Brasil"},"content":{"rendered":"<p style=\"text-align: justify;\">En el marco de la huelga general de los trabajadores de Brasil, la CTA-A y la CLATE junto con organizaciones del campo popular de Argentina se concentraron frente a la Embajada de ese pa\u00eds. Durante la actividad, hicieron entrega de una carta para expresar su preocupaci\u00f3n frente a las pol\u00edticas impulsadas por el gobierno golpista de Temer que perjudican a los trabajadores. Posteriormente se realiz\u00f3 un acto en las puertas de la sede diplom\u00e1tica.<!--more--><\/p>\n<p style=\"text-align: justify;\"><a href=\"http:\/\/www.ctainternacionales.org\/wp-content\/uploads\/2017\/05\/C-htvS4XcAAszv-.jpg\"><img loading=\"lazy\" decoding=\"async\" class=\"aligncenter size-thumbnail wp-image-3851\" src=\"http:\/\/www.ctainternacionales.org\/wp-content\/uploads\/2017\/05\/C-htvS4XcAAszv--350x265.jpg\" alt=\"C-htvS4XcAAszv-\" width=\"350\" height=\"265\" \/><\/a>En el acto, el secretario de Relaciones Internacionales de la CTA-A, Adolfo \u00abFito\u00bb Aguirre, destac\u00f3 que se trata de una lucha global: \u00abActualmente Brasil se encuentra gobernada por un presidente que no fue elegido por su pueblo sino que lleg\u00f3 al poder mediante un golpe, pero hoy esta huelga general de los trabajadores y trabajadoras de Brasil nos da fuerzas y aliento porque la lucha es contra la precarizaci\u00f3n laboral, contra las transnacionales que se quieren adue\u00f1ar de nuestras riquezas; se da tambi\u00e9n en la lucha ambiental y se da una lucha por los derechos de las mujeres, los ni\u00f1os, por las reivindicaciones de la raza negra y los jubilados. Esta es una lucha global donde el Cono Sur, tanto Brasil, Argentina y Uruguay tenemos la obligaci\u00f3n de construir no s\u00f3lo un mundo posible sino uno necesario donde los trabajadores y las trabajadoras establezcamos los lineamientos para que quepamos todos\u00bb.<\/p>\n<p style=\"text-align: justify;\">Hugo \u00abCachorro\u00bb Godoy, secretario General de ATE, en su intervenci\u00f3n respecto de la situaci\u00f3n pol\u00edtica en la regi\u00f3n afirm\u00f3: \u201cHay que garantizar la defensa de la democracia, pero no quedarnos en la forma. Hay que terminar con la democracia oxidada que tenemos en algunos pa\u00edses de Latinoam\u00e9rica y el Caribe, y eso requiere la unidad la de los pueblos, m\u00e1s organizaci\u00f3n y m\u00e1s lucha en com\u00fan\u201d.<\/p>\n<p style=\"text-align: justify;\">Por su parte Julio Fuentes, titular de la CLATE, expres\u00f3: \u00abEsta era una cita obligada porque la situaci\u00f3n que se est\u00e1 viviendo en Brasil nos preocupa y es importante que todos la conozcan. Ese gobierno, producto de un golpe de Estado contra un gobierno institucional no fue por un sentido pol\u00edtico, sino para servir a intereses econ\u00f3micos concretos y por eso las medidas que impulsa tienen que ver con quitar derechos a la clase trabajadora y avanzar sobre las condiciones de empleo y la previsi\u00f3n social\u00bb.<\/p>\n<p style=\"text-align: justify;\">El dirigente record\u00f3 tambi\u00e9n que la \u00faltima huelga general en Brasil hab\u00eda sido en el a\u00f1o 1996 y que lo que est\u00e1 pasando hoy all\u00e1 \u00abes un ejemplo de lucha para todo el continente\u00bb.<\/p>\n<p style=\"text-align: justify;\">Luego, Julio Fuentes y Adolfo Aguirre, junto a los representantes de las organizaciones presentes, entregaron a las autoridades de la Embajada la carta elaborada por la CLATE que lleva su firma y la de Luis Bazzano, Secretario General de la Confederaci\u00f3n.<\/p>\n<p style=\"text-align: justify;\">Por su parte, Rosana Colen de la SCPB, se\u00f1al\u00f3: \u201cHoy tenemos un paro general pero nuestra lucha es por la igualdad, la solidaridad y el fortalecimiento de la democracia\u201d. Y agreg\u00f3: \u201cTemer est\u00e1 al servicio del capitalismo y quiere sofocar y esclavizar al pueblo brasilero\u201d. Por eso, resalt\u00f3, \u201ces muy importante nuestra uni\u00f3n en Latinoam\u00e9rica en este momento de lucha\u201d.<\/p>\n<p style=\"text-align: justify;\">Estuvieron presentes Adolfo \u00abFito\u00bb Aguirre, Secretario de Relaciones Internacionales de la CTA-A y vice presidente de la CSA; el Presidente de la CLATE, Julio Fuentes y el dirigente del Encuentro Sindical Nuestra Am\u00e9rica (ESNA) Hugo Blasco, quien adem\u00e1s es el Secretario General de la Federaci\u00f3n Judicial Argentina y Secretario de Derechos Humanos de la CTA-A.<\/p>\n<p style=\"text-align: justify;\">Tambi\u00e9n estuvieron presentes el secretario General de la ATE Nacional, Hugo \u00abCachorro\u00bb Godoy; el Presidente de la Asociaci\u00f3n de Abogados Laboralistas de Argentina y asesor letrado de la CLATE, Mat\u00edas Cremonte; el secretario de Relaciones Internacionales de la FJA, Jos\u00e9 Luis Ronconi; compa\u00f1eros y compa\u00f1eras de la CTA Capital, del Centro de Jubilados de la ATE y del Frente Territorial Salvador Herrera. Todos ellos expresaron su solidaridad y exigieron que el gobierno brasile\u00f1o escuche los reclamos de su pueblo en este d\u00eda de lucha.<\/p>\n<p style=\"text-align: justify;\">La comitiva que entreg\u00f3 la carta fue acompa\u00f1ada por Rosana Colen Moreno, coordinadora del Centro Avanzado de Estudios Previsionales de la Confederaci\u00f3n de Servidores P\u00fablicos del Brasil (CSPB).<\/p>\n","protected":false},"excerpt":{"rendered":"En el marco de la huelga general de los trabajadores de Brasil, la CTA-A y la CLATE junto con organizaciones del campo popular \n<a class=\"moretag\" href=\"https:\/\/ctainternacionales.org\/?p=3850\"> [...]<\/a>","protected":false},"author":1,"featured_media":0,"comment_status":"closed","ping_status":"closed","sticky":false,"template":"","format":"standard","meta":{"ngg_post_thumbnail":0,"footnotes":""},"categories":[],"tags":[],"class_list":["post-3850","post","type-post","status-publish","format-standard","hentry"],"_links":{"self":[{"href":"https:\/\/ctainternacionales.org\/index.php?rest_route=\/wp\/v2\/posts\/3850","targetHints":{"allow":["GET"]}}],"collection":[{"href":"https:\/\/ctainternacionales.org\/index.php?rest_route=\/wp\/v2\/posts"}],"about":[{"href":"https:\/\/ctainternacionales.org\/index.php?rest_route=\/wp\/v2\/types\/post"}],"author":[{"embeddable":true,"href":"https:\/\/ctainternacionales.org\/index.php?rest_route=\/wp\/v2\/users\/1"}],"replies":[{"embeddable":true,"href":"https:\/\/ctainternacionales.org\/index.php?rest_route=%2Fwp%2Fv2%2Fcomments&post=3850"}],"version-history":[{"count":1,"href":"https:\/\/ctainternacionales.org\/index.php?rest_route=\/wp\/v2\/posts\/3850\/revisions"}],"predecessor-version":[{"id":3853,"href":"https:\/\/ctainternacionales.org\/index.php?rest_route=\/wp\/v2\/posts\/3850\/revisions\/3853"}],"wp:attachment":[{"href":"https:\/\/ctainternacionales.org\/index.php?rest_route=%2Fwp%2Fv2%2Fmedia&parent=3850"}],"wp:term":[{"taxonomy":"category","embeddable":true,"href":"https:\/\/ctainternacionales.org\/index.php?rest_route=%2Fwp%2Fv2%2Fcategories&post=3850"},{"taxonomy":"post_tag","embeddable":true,"href":"https:\/\/ctainternacionales.org\/index.php?rest_route=%2Fwp%2Fv2%2Ftags&post=3850"}],"curies":[{"name":"wp","href":"https:\/\/api.w.org\/{rel}","templated":true}]}}