{"id":3847,"date":"2017-05-02T13:03:15","date_gmt":"2017-05-02T16:03:15","guid":{"rendered":"http:\/\/www.ctainternacionales.org\/?p=3847"},"modified":"2017-05-02T21:55:20","modified_gmt":"2017-05-03T00:55:20","slug":"pronunciamiento-de-los-participantes-en-el-congreso-interamericano-sobre-tercerizacion-laboral","status":"publish","type":"post","link":"https:\/\/ctainternacionales.org\/?p=3847","title":{"rendered":"Pronunciamiento de los participantes en el Congreso Interamericano sobre Tercerizaci\u00f3n Laboral"},"content":{"rendered":"<p style=\"text-align: justify;\">A continuaci\u00f3n compartimos el pronunciamiento de los participantes en el Congreso Internacional sobre Tercerizaci\u00f3n Laboral organizado por la CTT del PIT-CNT en Montevideo, durante los d\u00edas 24 y 25 de abril de 2017.<!--more--><\/p>\n<p style=\"text-align: justify;\"><a href=\"http:\/\/www.ctainternacionales.org\/wp-content\/uploads\/2017\/05\/C-LzuqfXcAEftfH.jpg\"><img loading=\"lazy\" decoding=\"async\" class=\"aligncenter size-thumbnail wp-image-3848\" src=\"http:\/\/www.ctainternacionales.org\/wp-content\/uploads\/2017\/05\/C-LzuqfXcAEftfH-350x197.jpg\" alt=\"C-LzuqfXcAEftfH\" width=\"350\" height=\"197\" \/><\/a>Pronunciamiento de los participantes en el Congreso Internacional sobre Tercerizaci\u00f3n Laboral organizado por la CTT del PIT-CNT en Montevideo, 24 y 25 de abril de 2017<\/p>\n<p style=\"text-align: justify;\">\u00abLos reunidos en este Congreso reconocemos la relevancia e impacto del fen\u00f3meno de la Tercerizaci\u00f3n Laboral en nuestros pa\u00edses: Argentina, Brasil y Uruguay, una estrategia empresarial que transform\u00f3 las relaciones laborales en la regi\u00f3n y el mundo en las \u00faltimas d\u00e9cadas. Este fen\u00f3meno, basado en la fragmentaci\u00f3n del proceso productivo y la delegaci\u00f3n de tareas de una empresa principal a un tercero, no s\u00f3lo promueve una des-responsabilizaci\u00f3n del empleador, sino que trae profundas consecuencias para el colectivo laboral, que se ve profundamente dividido, con p\u00e9rdida significativa de derechos laborales, condiciones de vida y de trabajo, y derechos de organizaci\u00f3n, as\u00ed como cambios culturales y de identidad que nos enfrentan a unos trabajadores contra otros.<\/p>\n<p style=\"text-align: justify;\">\u00abLos numerosos testimonios y experiencias que compartimos dieron una infinidad de ejemplos que muestran que la tercerizaci\u00f3n laboral viene asociada con una profunda fragmentaci\u00f3n de los colectivos laborales, la ruptura del principio \u201cigual remuneraci\u00f3n por igual trabajo\u201d, importantes diferenciales salariales y beneficios, y la violaci\u00f3n de una gran cantidad de derechos. Todo esto ocasiona d\u00eda a d\u00eda muy serios impactos en la vida de los trabajadores, llegando incluso a da\u00f1os muy graves a partir de llamados \u201caccidentes\u201d de trabajo que llegan a causar la muerte, cuesti\u00f3n que afecta a todo el conjunto y con particular intensidad a mujeres, j\u00f3venes, migrantes y negros que son los m\u00e1s expuestos a estas consecuencias extremas.<\/p>\n<p style=\"text-align: justify;\">\u00abEste proceso, que tuvo una expansi\u00f3n en los a\u00f1os \u201970 de la mano de las dictaduras en la regi\u00f3n, se profundiz\u00f3 en los a\u00f1os 90 con las reformas del estado y las pol\u00edticas neoliberales. Lejos de frenarse, sigui\u00f3 expandi\u00e9ndose a\u00fan en etapas de crecimiento econ\u00f3mico y creaci\u00f3n de empleo en nuestros pa\u00edses, afianz\u00e1ndose tanto en actividades del sector privado como en el sector p\u00fablico y en un amplio arco de actividades econ\u00f3micas.<\/p>\n<p style=\"text-align: justify;\">\u00abEn el contexto actual de ofensiva contra los trabajadores y sus derechos en toda la regi\u00f3n y a nivel internacional, resulta m\u00e1s urgente e importante que nunca lograr una articulaci\u00f3n regional de los trabajadores, sindicatos y organizaciones, y sumar este tema central a la agenda de lucha que incluye la pelea contra el incremento del desempleo, el trabajo no registrado, y en general el avance de formas de flexibilizaci\u00f3n y precarizaci\u00f3n laboral.<\/p>\n<p style=\"text-align: justify;\">\u00abCreemos que la tercerizaci\u00f3n laboral ocupa un lugar central en esta agenda, y la lucha contra ella debe recibir un impulso fuerte y contundente. En este sentido, resulta imprescindible avanzar en la sistematizaci\u00f3n de informaci\u00f3n y an\u00e1lisis sobre este fen\u00f3meno, no s\u00f3lo sistematizando datos desde las organizaciones sindicales y en di\u00e1logo con las instancias de producci\u00f3n acad\u00e9mica e investigaci\u00f3n, sino tambi\u00e9n demandando la generaci\u00f3n de estad\u00edsticas por parte del Estado.<\/p>\n<p style=\"text-align: justify;\">\u00abAl mismo tiempo, resulta clave avanzar en el an\u00e1lisis com\u00fan de los marcos normativos, que alcanzan un lugar muy importante como lo demostr\u00f3 la ley recientemente aprobada sobre tercerizaci\u00f3n laboral en Brasil, que implica un retroceso de enorme importancia en los derechos laborales, en el marco de una ofensiva empresarial y gubernamental que repudiamos con toda la fuerza porque pone en peligro a la totalidad del movimiento sindical en ese pa\u00eds.<\/p>\n<p style=\"text-align: justify;\">\u00abFrente a esto, destacamos la importancia del proyecto de ley motorizado por la Comisi\u00f3n de Trabajo Tercerizado del PIT-CNT, que se propone enfrentar esta ofensiva proponiendo la eliminaci\u00f3n de la tercerizaci\u00f3n laboral en todas sus formas como objetivo ineludible a perseguir.<\/p>\n<p style=\"text-align: justify;\">\u00abLa informaci\u00f3n estad\u00edstica y cualitativa, y los instrumentos legislativos ser\u00edan muy importantes para motorizar lo que creemos es el eje central para organizarnos frente al impacto de la tercerizaci\u00f3n laboral, que es la organizaci\u00f3n y lucha de los trabajadores. consideramos, en este sentido\u2019 que es imperativo avanzar en todos los niveles. En primer lugar, tiene una \u00edmportancia fundamental la organizaci\u00f3n unitaria en el lugar de trabajo, y la generaci\u00f3n de formas de organizaci\u00f3n que permitan unir a los trabajadores directos y tercerizados en una misma lucha.<\/p>\n<p style=\"text-align: justify;\">\u00abEn segundo lugar, es necesario fortalecer la disputa y organizaci\u00f3n por rama de actividad, apuntando a la incorporaci\u00f3n a tos convenios colectivos de la empresa principal al conjunto del colectivo laboral, para luego avanzar hacia la incorporaci\u00f3n de todos los trabajadores como directos.<\/p>\n<p style=\"text-align: justify;\">\u00abEn tercer lugar, creemos que ser\u00eda muy importante generar comisiones de trabajo tercerizado en cada pa\u00eds, que permitan no s\u00f3lo reunir,,informaci\u00f3n y garantizar la sistematizaci\u00f3n an\u00e1lisis y definir metas de legislaci\u00f3n, sino tambi\u00e9n lograr una articulaci\u00f3n de los distintos sectores y corrientes sindicales en torno a objetivos comunes en este tema.<\/p>\n<p style=\"text-align: justify;\">\u00abFinalmente, creemos que es muy importante promover formas de lucha, organizaci\u00f3n y activismo a nivel internacional, no s\u00f3lo en los sindicatos globales (Global Unions), sino en las centrales sindicales mundiales (como la CSI-CSA y la FSM), la OLR, y otras organizaciones (como el Encuentro sindical \u00abNuestra Am\u00e9rica\u00bb, la RedLat, entre otros) con el objetivo de denunciar el impacto de este fen\u00f3meno y analizar formas de frenarlo en su din\u00e1mica global, regional, nacional y local.<\/p>\n<p style=\"text-align: justify;\">\u00abEn todas estas instancias, y en un contexto de creciente represi\u00f3n de la protesta social obrera y sindical en nuestros pa\u00edses, que repudiamos en forma tajante, resulta imprescindible ampliar la convocatoria e incluir a trabajadores y organizaciones sindicales que a\u00fan no se sumaron, por distintos motivos, a la pelea contra esta problem\u00e1tica central, y dar la discusi\u00f3n en las instancias de base, tanto para tomar conciencia de este tema y poder avanzar en su conceptualizaci\u00f3n y medici\u00f3n, como para lograr consolidar una l\u00ednea de acci\u00f3n unitaria que permita romper las divisiones y confrontaciones que este fen\u00f3meno promueve. convocamos a todos los trabajadores y trabajadoras de nuestros pa\u00edses y de la regi\u00f3n a sumarse a esta lucha, a aportar sus experiencias y contribuciones, y a dar la pelea en este tiempo tan decisivo de nuestra historia, preparando una jornada unitaria de movilizaci\u00f3n y lucha a construir y definir en conjunto, y organizando un pr\u00f3ximo encuentro regional que permita dar continuidad a este Congreso\u00bb.<\/p>\n","protected":false},"excerpt":{"rendered":"A continuaci\u00f3n compartimos el pronunciamiento de los participantes en el Congreso Internacional sobre Tercerizaci\u00f3n Laboral organizado por la CTT del PIT-CNT en Montevideo, \n<a class=\"moretag\" href=\"https:\/\/ctainternacionales.org\/?p=3847\"> [...]<\/a>","protected":false},"author":1,"featured_media":0,"comment_status":"closed","ping_status":"closed","sticky":false,"template":"","format":"standard","meta":{"ngg_post_thumbnail":0,"footnotes":""},"categories":[],"tags":[],"class_list":["post-3847","post","type-post","status-publish","format-standard","hentry"],"_links":{"self":[{"href":"https:\/\/ctainternacionales.org\/index.php?rest_route=\/wp\/v2\/posts\/3847","targetHints":{"allow":["GET"]}}],"collection":[{"href":"https:\/\/ctainternacionales.org\/index.php?rest_route=\/wp\/v2\/posts"}],"about":[{"href":"https:\/\/ctainternacionales.org\/index.php?rest_route=\/wp\/v2\/types\/post"}],"author":[{"embeddable":true,"href":"https:\/\/ctainternacionales.org\/index.php?rest_route=\/wp\/v2\/users\/1"}],"replies":[{"embeddable":true,"href":"https:\/\/ctainternacionales.org\/index.php?rest_route=%2Fwp%2Fv2%2Fcomments&post=3847"}],"version-history":[{"count":1,"href":"https:\/\/ctainternacionales.org\/index.php?rest_route=\/wp\/v2\/posts\/3847\/revisions"}],"predecessor-version":[{"id":3849,"href":"https:\/\/ctainternacionales.org\/index.php?rest_route=\/wp\/v2\/posts\/3847\/revisions\/3849"}],"wp:attachment":[{"href":"https:\/\/ctainternacionales.org\/index.php?rest_route=%2Fwp%2Fv2%2Fmedia&parent=3847"}],"wp:term":[{"taxonomy":"category","embeddable":true,"href":"https:\/\/ctainternacionales.org\/index.php?rest_route=%2Fwp%2Fv2%2Fcategories&post=3847"},{"taxonomy":"post_tag","embeddable":true,"href":"https:\/\/ctainternacionales.org\/index.php?rest_route=%2Fwp%2Fv2%2Ftags&post=3847"}],"curies":[{"name":"wp","href":"https:\/\/api.w.org\/{rel}","templated":true}]}}