{"id":3843,"date":"2017-05-02T13:00:12","date_gmt":"2017-05-02T16:00:12","guid":{"rendered":"http:\/\/www.ctainternacionales.org\/?p=3843"},"modified":"2017-05-02T21:52:11","modified_gmt":"2017-05-03T00:52:11","slug":"este-1o-de-mayo-la-cta-autonoma-marcho-junto-a-movimientos-sociales-por-trabajo-con-derechos","status":"publish","type":"post","link":"https:\/\/ctainternacionales.org\/?p=3843","title":{"rendered":"Este 1\u00ba de Mayo la CTA Aut\u00f3noma march\u00f3 junto a movimientos sociales por trabajo con derechos"},"content":{"rendered":"<p style=\"text-align: justify;\">Este lunes 1\u00ba de mayo, D\u00eda Internacional de los Trabajadores y Trabajadoras, la CTA Aut\u00f3noma, la Confederaci\u00f3n de Trabajadores de la Econom\u00eda Popular (CTEP), la Corriente Clasista y Combativa (CCC) y Barrios de Pie, se movilizaron al Monumento al Trabajo -Paseo Col\u00f3n e Independencia- donde realizaron un acto para volver a exigir trabajo con derechos as\u00ed como el cese de los despidos y las suspensiones. Fueron miles y miles las y los trabajadorxs que llegaron de diferentes puntos de la ciudad y de la provincia para decir basta al ajuste<\/p>\n<p style=\"text-align: justify;\">Ante una multitud, que se estima que super\u00f3 las 50 mil personas, Ricardo Peidro, Secretario General Adjunto de la Central, dijo: \u201cEste 1\u00b0 de mayo nos encuentra dando pelea en medio de una ofensiva salvaje tanto en la Argentina, en la regi\u00f3n y en el mundo. En Argentina crece la desocupaci\u00f3n, la precarizaci\u00f3n, la baja de salarios para crear un futuro de incertidumbre y gobernar de esa manera. Cuando algunos plantean que esperan que al gobierno le vaya bien, lo que nosotros decimos es que la desocupaci\u00f3n y la precarizaci\u00f3n laboral son funcionales a los intereses del gobierno\u201d.<a href=\"http:\/\/www.ctainternacionales.org\/wp-content\/uploads\/2017\/05\/1demayo2017-peidro-585.jpg\"><img loading=\"lazy\" decoding=\"async\" class=\"aligncenter size-thumbnail wp-image-3845\" src=\"http:\/\/www.ctainternacionales.org\/wp-content\/uploads\/2017\/05\/1demayo2017-peidro-585-350x167.jpg\" alt=\"1demayo2017-peidro-585\" width=\"350\" height=\"167\" \/><\/a><\/p>\n<p style=\"text-align: justify;\">En el palco estuvieron tambi\u00e9n Adolfo \u00abFito\u00bb Aguirre, Secretario de Relaciones Internacionales de CTA-A; Hugo \u00abCachorro\u00bb Godoy, Secretario General de ATE; Oscar \u00abcolo\u00bb De Isasi, Secretario General de la CTA Aut\u00f3noma de la provincia de Buenos Aires; Daniel Jorajur\u00eda, Secretario Gremial de la CTA-A; Miriam Liempe, Secretaria de Relaciones con los Pueblos Originarios de la CTA Buenos Aires y Jorge Castro, Secretario de Organizaci\u00f3n de la CTA-A bonaerense.<!--more--><\/p>\n<p style=\"text-align: justify;\">Adem\u00e1s Peidro sostuvo que: \u201cToda la reestructuraci\u00f3n del Estado que est\u00e1n planteando, y con la desocupaci\u00f3n y la entrega de nuestra soberan\u00eda que implica, son los efectos deseados. No se trata de da\u00f1os colaterales de una econom\u00eda que va camino a un futuro donde la clase trabajadora tendr\u00e1 salarios dignos y derechos. Por eso seguimos organizando para que la resistencia se transforme en propuestas y ofensiva y esto es lo que estamos reflejando en cada una de las movilizaciones que hay a lo largo y ancho del pa\u00eds\u201d, destac\u00f3 Peidro quien adem\u00e1s remarc\u00f3 la lucha incansable de las Madres de Plaza de Mayo que cumplieron 40 a\u00f1os este s\u00e1bado.<\/p>\n<p style=\"text-align: justify;\">En ese sentido, Jorge Yabkowski, Presidente de la Federaci\u00f3n Sindical de Profesionales de la Salud de la Rep\u00fablica Argentina (FESPROSA-CTA) y Secretario de Salud Laboral de la CTA Aut\u00f3noma, subray\u00f3: \u201cEn este 1\u00b0 de Mayo los trabajadores estamos enfrentando muchos desaf\u00edos, en primer lugar el intento m\u00e1s importante de reconversi\u00f3n del capitalismo argentino en la fase post progresista. Estamos saliendo de la etapa progresista en Am\u00e9rica Latina, en la cual s\u00f3lo obtuvimos reformas cosm\u00e9ticas y se profundiz\u00f3 el modelo extractivista y la dependencia con los grandes consumidores de comodities y tambi\u00e9n burocracias pol\u00edticas que favorecieron el status quo con discursos precisamente progresistas y nos llevaron a un desastre y a una impotencia frente a las derechas\u201d.<a href=\"http:\/\/www.ctainternacionales.org\/wp-content\/uploads\/2017\/05\/1demayo2017-pano1-585.jpg\"><img loading=\"lazy\" decoding=\"async\" class=\"aligncenter size-thumbnail wp-image-3844\" src=\"http:\/\/www.ctainternacionales.org\/wp-content\/uploads\/2017\/05\/1demayo2017-pano1-585-350x200.jpg\" alt=\"1demayo2017-pano1-585\" width=\"350\" height=\"200\" \/><\/a><\/p>\n<p style=\"text-align: justify;\">El dirigente de los profesionales de la salud se\u00f1al\u00f3 adem\u00e1s que esto no es s\u00f3lo nacional: \u201cEsto es lo que estamos viviendo en Argentina, pero tambi\u00e9n en Brasil y en Venezuela. Para las fuerzas del movimiento obrero lo central es c\u00f3mo pararse frente a esto. El segundo gran desaf\u00edo es c\u00f3mo generar autonom\u00eda del movimiento obrero, queremos una Central que no sea ni de Cristina Kirchner ni de Massa, ni de Macri sino de los trabajadores. Como decimos nosotros ni de los gobiernos ni de los patrones y en este caso tampoco de los partidos\u201d.<\/p>\n<p style=\"text-align: justify;\">En relaci\u00f3n al trabajo de la FESPROSA, Yabkowski agreg\u00f3: \u201cEstamos luchando contra la Cobertura Universal de Salud (CUS), generamos con los compa\u00f1eros de ATE y otras organizaciones el movimiento por el derecho a la salud que naci\u00f3 en la calle el 7 de abril frente al gobierno de Macri pero tambi\u00e9n frente al status quo que en su momento signific\u00f3 el gobierno de Cristina Kirchner. Hemos consolidado una Federaci\u00f3n Nacional de peso, hemos inaugurado nuestra nueva sede, estamos jugando un papel internacional fundamental en la discusi\u00f3n en la OIT sobre el futuro del trabajo en salud y desde ah\u00ed tambi\u00e9n hemos dado avances como la ley contra la violencia contra los trabajadores de la salud en Tucum\u00e1n. Construir este gran congreso que pensamos en la CTA-A que es por la autonom\u00eda, por la democracia de base, de la unidad del movimiento obrero que tiene una capacidad de movilizaci\u00f3n y de transformaci\u00f3n extraordinario\u201d.<\/p>\n<p style=\"text-align: justify;\">Daniel Jorajur\u00eda, Secretario Gremial de la Central dijo: \u201cAnte un 1\u00b0 de Mayo diferente por la nueva etapa pol\u00edtica donde el gobierno, las empresas parecer\u00eda que se han puesto de acuerdo para dinamitar el Estado de derecho de los trabajadores y de nuestro pueblo, violando nuestra seguridad jur\u00eddica como trabajadores y poniendo en riesgo la democracia, estamos ante un gobierno que prioriza las ideas del neoliberalismo y se empe\u00f1a en restringir a\u00fan m\u00e1s la libertad sindical mientras fortalece la libertad de empresa, de comercio y permite el control absoluto del mercado por parte de los monopolios econ\u00f3micos, la CTA-A sigue siendo siempre una herramienta fundamental y estrat\u00e9gica para enfrentar justamente estas pol\u00edticas y organizar a nuestra clase\u201d.<\/p>\n<p style=\"text-align: justify;\">Jorajur\u00eda a\u00f1adi\u00f3: \u201cAnte un gobierno ejercido por los propios gerentes de las empresas, con una estrategia unificada en defensa de sus propias corporaciones, nos est\u00e1 haciendo ver la gravedad de la situaci\u00f3n. La CTA-A ha enfrentado estos fen\u00f3menos y muchas veces ha ganado, no ha permitido que se siga precarizando, tercerizando trabajadores, ha tenido estrategias muy claras como lo ha hecho UETTel, FeTERA, los recientes triunfos del sindicato de seguridad privada frente a Coca Cola, frente a Metrobus, luchando siempre contra la empresa principal, como lo han hecho los trabajadores del sector p\u00fablico pas\u00e1ndolos a planta permanente\u201d.<\/p>\n<p style=\"text-align: justify;\">Pero \u201ctambi\u00e9n con los trabajadores privados como los de la Salud Privada, y los del vestido. Tambi\u00e9n contra el ataque a los convenios colectivos, a la apertura de paritarias, a la organizaci\u00f3n. Tenemos que tener una estrategia unificada. Tambi\u00e9n es un ejemplo la Federaci\u00f3n Azucarera Regional y su organizaci\u00f3n que hoy son perseguidos, aislados, estigmatizados pero la propuesta de ellos ha sido contundente con la realizaci\u00f3n de un Congreso Extraordinario para unificar la estrategia para que cesen las actividades antisindicales y sino no habr\u00e1 inicio de la zafra. En definitiva de lo que se trata es de siempre organizar, unir a la clase ante estas dificultades y difundir que ante este modelo de saqueo, de falta de derechos que nos quiere imponer este gobierno de las transnacionales que en realidad los trabajadores y su organizaci\u00f3n puede derrotar estas pol\u00edticas. Feliz 1\u00b0 de Mayo para todos\u201d, finaliz\u00f3 Jorajur\u00eda.<\/p>\n","protected":false},"excerpt":{"rendered":"Este lunes 1\u00ba de mayo, D\u00eda Internacional de los Trabajadores y Trabajadoras, la CTA Aut\u00f3noma, la Confederaci\u00f3n de Trabajadores de la Econom\u00eda Popular \n<a class=\"moretag\" href=\"https:\/\/ctainternacionales.org\/?p=3843\"> [...]<\/a>","protected":false},"author":1,"featured_media":0,"comment_status":"closed","ping_status":"closed","sticky":false,"template":"","format":"standard","meta":{"ngg_post_thumbnail":0,"footnotes":""},"categories":[],"tags":[],"class_list":["post-3843","post","type-post","status-publish","format-standard","hentry"],"_links":{"self":[{"href":"https:\/\/ctainternacionales.org\/index.php?rest_route=\/wp\/v2\/posts\/3843","targetHints":{"allow":["GET"]}}],"collection":[{"href":"https:\/\/ctainternacionales.org\/index.php?rest_route=\/wp\/v2\/posts"}],"about":[{"href":"https:\/\/ctainternacionales.org\/index.php?rest_route=\/wp\/v2\/types\/post"}],"author":[{"embeddable":true,"href":"https:\/\/ctainternacionales.org\/index.php?rest_route=\/wp\/v2\/users\/1"}],"replies":[{"embeddable":true,"href":"https:\/\/ctainternacionales.org\/index.php?rest_route=%2Fwp%2Fv2%2Fcomments&post=3843"}],"version-history":[{"count":1,"href":"https:\/\/ctainternacionales.org\/index.php?rest_route=\/wp\/v2\/posts\/3843\/revisions"}],"predecessor-version":[{"id":3846,"href":"https:\/\/ctainternacionales.org\/index.php?rest_route=\/wp\/v2\/posts\/3843\/revisions\/3846"}],"wp:attachment":[{"href":"https:\/\/ctainternacionales.org\/index.php?rest_route=%2Fwp%2Fv2%2Fmedia&parent=3843"}],"wp:term":[{"taxonomy":"category","embeddable":true,"href":"https:\/\/ctainternacionales.org\/index.php?rest_route=%2Fwp%2Fv2%2Fcategories&post=3843"},{"taxonomy":"post_tag","embeddable":true,"href":"https:\/\/ctainternacionales.org\/index.php?rest_route=%2Fwp%2Fv2%2Ftags&post=3843"}],"curies":[{"name":"wp","href":"https:\/\/api.w.org\/{rel}","templated":true}]}}