{"id":3839,"date":"2017-04-10T12:31:58","date_gmt":"2017-04-10T15:31:58","guid":{"rendered":"http:\/\/www.ctainternacionales.org\/?p=3839"},"modified":"2017-04-10T12:31:58","modified_gmt":"2017-04-10T15:31:58","slug":"la-conexion-de-lo-local-con-lo-internacional-una-misma-lucha","status":"publish","type":"post","link":"https:\/\/ctainternacionales.org\/?p=3839","title":{"rendered":"La conexi\u00f3n de lo local con lo internacional: Una misma lucha"},"content":{"rendered":"<p style=\"text-align: justify;\">Dos reivindicaciones, entre muchas, pueden considerarse hist\u00f3ricas de nuestra Central: son la lucha por la defensa de los bienes comunes que brotan en nuestro pa\u00eds y la lucha contra el hambre y a favor de los derechos de la ni\u00f1ez.<!--more--><\/p>\n<p style=\"text-align: justify;\"><a href=\"http:\/\/www.ctainternacionales.org\/wp-content\/uploads\/2017\/04\/2doENN-apert2.jpg\"><img loading=\"lazy\" decoding=\"async\" class=\"aligncenter size-thumbnail wp-image-3840\" src=\"http:\/\/www.ctainternacionales.org\/wp-content\/uploads\/2017\/04\/2doENN-apert2-350x237.jpg\" alt=\"2doENN-apert2\" width=\"350\" height=\"237\" \/><\/a>Aunque podr\u00edan parecer dos caminos paralelos de lucha, ambas cuestiones est\u00e1n en estrecha conexi\u00f3n: no es posible pensar un modelo econ\u00f3mico inclusivo y atento a las necesidades m\u00e1s b\u00e1sicas del pueblo, especialmente a los sectores m\u00e1s vulnerables, si no aseguramos la soberan\u00eda para el control de la explotaci\u00f3n de nuestros bienes comunes, como son la tierra, los minerales y principalmente el agua presentes en nuestro pa\u00eds.<\/p>\n<p style=\"text-align: justify;\">En este sentido, el panorama internacional se vuelve cada vez m\u00e1s importante en la lucha por la defensa de los bienes comunes para lograr una sociedad m\u00e1s justa: el predominio de las compa\u00f1\u00edas transnacionales a trav\u00e9s de tratados de liberalizaci\u00f3n y desregulaci\u00f3n de comercio y servicios pone en cuesti\u00f3n la soberan\u00eda de los Estados nacionales sobre sus recursos naturales y bienes comunes, ya que hoy es posible que una compa\u00f1\u00eda cuya casa matriz esta por ejemplo en Alemania, deslocalice su producci\u00f3n a trav\u00e9s de su cadena de suministro y ella tenga lugar a miles de kil\u00f3metros de all\u00ed, contratando trabajadores en condiciones de precariedad para explotar bienes comunes ajenos y llevar sus regal\u00edas al pa\u00eds de origen.<\/p>\n<p style=\"text-align: justify;\">Por otra parte, los tratados de libre comercio de nuevo tipo, buscan incluir sistemas de soluci\u00f3n de controversias que ponen a Estados y corporaciones empresarias al mismo nivel de jerarqu\u00eda, socavando as\u00ed el poder de decisi\u00f3n estatal sobre las actividades que se hacen fronteras adentro de su territorio y sobre los bienes comunes que all\u00ed se encuentran.<\/p>\n<p style=\"text-align: justify;\">Seg\u00fan los datos revelados por los estudios al respecto de la Universidad Cat\u00f3lica Argentina, el panorama para la ni\u00f1ez y adolescencia en Argentina es ya riesgoso: el 48% de este sector de la poblaci\u00f3n es pobre. Adem\u00e1s, el 42% de los ni\u00f1os y adolescentes viven bajo condiciones de precariedad habitacional, sin cloacas y\/o acceso a red de agua corriente, es decir que no accede a un bien b\u00e1sico y esencial como es el agua, y vive en condiciones insalubres. Al mismo tiempo, los datos de 2015 indican que alrededor del 20% de la adolescencia e infancia se encontraban en situaci\u00f3n de inseguridad alimentaria, mientras que el 7% de ellos se encuentran en los niveles m\u00e1s graves de esta situaci\u00f3n.<a href=\"http:\/\/www.ctainternacionales.org\/wp-content\/uploads\/2017\/04\/2896214595_17acaba2f3_z.jpg\"><img loading=\"lazy\" decoding=\"async\" class=\"aligncenter size-thumbnail wp-image-3841\" src=\"http:\/\/www.ctainternacionales.org\/wp-content\/uploads\/2017\/04\/2896214595_17acaba2f3_z-350x255.jpg\" alt=\"2896214595_17acaba2f3_z\" width=\"350\" height=\"255\" \/><\/a><\/p>\n<p style=\"text-align: justify;\">Argentina tiene una importancia estrat\u00e9gica en cuanto a los bienes comunes que dispone: los afluentes de agua dulce, la diversidad de climas que posibilitan producciones agropecuarias de lo m\u00e1s diversas, las reservas minerales, entre los m\u00e1s importantes. Para que quede claro, se trata precisamente de aquellos tipos de bienes que no pueden ser sujeto de la propiedad privada ni gestionados seg\u00fan el criterio de maximizaci\u00f3n de la ganancia y el beneficio econ\u00f3mico como fin \u00faltimo.<\/p>\n<p style=\"text-align: justify;\">En la medida en que no podamos asegurar la defensa de los bienes que soberanamente debemos disponer para el bienestar de nuestro pueblo y especialmente de nuestros ni\u00f1os, estamos poniendo en jaque nuestro futuro y dej\u00e1ndolo en manos de la l\u00f3gica impiadosa de las grandes corporaciones transnacionales que siguen explotando nuestros recursos a trav\u00e9s de la tercerizaci\u00f3n, la informalidad y precariedad laboral, as\u00ed como la elusi\u00f3n y evasi\u00f3n fiscal.<\/p>\n<p style=\"text-align: justify;\">Debemos m\u00e1s que nunca comprender la integralidad y la transversalidad de nuestras luchas, porque es imposible alcanzar una mayor justicia social sin alterar este modelo econ\u00f3mico basado en la exclusi\u00f3n y la indiferencia respecto del pueblo.<\/p>\n<p style=\"text-align: justify;\">Por Adolfo Fito Aguirre-<\/p>\n","protected":false},"excerpt":{"rendered":"Dos reivindicaciones, entre muchas, pueden considerarse hist\u00f3ricas de nuestra Central: son la lucha por la defensa de los bienes comunes que brotan en \n<a class=\"moretag\" href=\"https:\/\/ctainternacionales.org\/?p=3839\"> [...]<\/a>","protected":false},"author":1,"featured_media":0,"comment_status":"closed","ping_status":"closed","sticky":false,"template":"","format":"standard","meta":{"ngg_post_thumbnail":0,"footnotes":""},"categories":[],"tags":[],"class_list":["post-3839","post","type-post","status-publish","format-standard","hentry"],"_links":{"self":[{"href":"https:\/\/ctainternacionales.org\/index.php?rest_route=\/wp\/v2\/posts\/3839","targetHints":{"allow":["GET"]}}],"collection":[{"href":"https:\/\/ctainternacionales.org\/index.php?rest_route=\/wp\/v2\/posts"}],"about":[{"href":"https:\/\/ctainternacionales.org\/index.php?rest_route=\/wp\/v2\/types\/post"}],"author":[{"embeddable":true,"href":"https:\/\/ctainternacionales.org\/index.php?rest_route=\/wp\/v2\/users\/1"}],"replies":[{"embeddable":true,"href":"https:\/\/ctainternacionales.org\/index.php?rest_route=%2Fwp%2Fv2%2Fcomments&post=3839"}],"version-history":[{"count":1,"href":"https:\/\/ctainternacionales.org\/index.php?rest_route=\/wp\/v2\/posts\/3839\/revisions"}],"predecessor-version":[{"id":3842,"href":"https:\/\/ctainternacionales.org\/index.php?rest_route=\/wp\/v2\/posts\/3839\/revisions\/3842"}],"wp:attachment":[{"href":"https:\/\/ctainternacionales.org\/index.php?rest_route=%2Fwp%2Fv2%2Fmedia&parent=3839"}],"wp:term":[{"taxonomy":"category","embeddable":true,"href":"https:\/\/ctainternacionales.org\/index.php?rest_route=%2Fwp%2Fv2%2Fcategories&post=3839"},{"taxonomy":"post_tag","embeddable":true,"href":"https:\/\/ctainternacionales.org\/index.php?rest_route=%2Fwp%2Fv2%2Ftags&post=3839"}],"curies":[{"name":"wp","href":"https:\/\/api.w.org\/{rel}","templated":true}]}}